{"id":222280,"date":"2026-05-01T08:54:18","date_gmt":"2026-05-01T12:54:18","guid":{"rendered":"https:\/\/www.elsinodaldetamaulipas.com.mx\/?p=222280"},"modified":"2026-05-01T08:54:18","modified_gmt":"2026-05-01T12:54:18","slug":"no-tengo-problemas-migratorios-humberto-prieto","status":"publish","type":"post","link":"https:\/\/www.elsinodaldetamaulipas.com.mx\/?p=222280","title":{"rendered":"NO TENGO PROBLEMAS MIGRATORIOS: HUMBERTO PRIETO"},"content":{"rendered":"<p>T E C L A Z O S<br \/>\nPor Guadalupe E. Gonz\u00e1lez<\/p>\n<p>X.-Dijo que, \u201clos cobardes desde el anonimato, siempre<br \/>\nlo est\u00e1n difamando\u201d y, desmiente el retiro de su visa.<br \/>\nDE MANERA categ\u00f3rica, el Diputado presidente de la Junta de Gobierno<br \/>\ndel Congreso de Tamaulipas Humberto Armando Prieto Herrera, \u201cneg\u00f3<br \/>\ntener problemas migratorios y menos que le hayan retirado su visa\u201d,<br \/>\ndesmintiendo sin cortapisas a los cobardes que, \u201cdesde el anonimato,<br \/>\nsiempre lo est\u00e1n difamando\u201d, aludiendo por ello que, \u201clos chismes y<br \/>\nlaberintos\u201d, no lo van a detener en sus proyectos pol\u00edticos presentes y futuros<br \/>\ny, menos en los de trabajo y servicio al pueblo de Reynosa y Tamaulipas.<br \/>\nASEGUR\u00d3 el connotado legislador reynosense Prieto Herrera que, dichas<br \/>\nafirmaciones son \u201ctotalmente falsas\u201d, porque carecen de pruebas, aludiendo<br \/>\nque aqu\u00ed hemos estado trabajando y, \u201cayer estuve en Victoria y no en Nuevo<br \/>\nLaredo\u201d, como lo aseguraban los cobardes en las redes sociales, precisando<br \/>\nque, en la capital Victoria, \u201cparticip\u00e9 en la sesi\u00f3n plenaria y en eventos del<br \/>\nparlamento infantil\u201d, de lo que \u201chubo muchos testigos\u201d, raz\u00f3n por la que,<br \/>\n\u201cme parce irresponsable que, los interesados en afectar mi reputaci\u00f3n\u201d,<br \/>\nrecurran a la mentira y todo tipo de falacias, para intentar perjudicarme,<br \/>\npero tengan la certeza que \u201ceso no lo van a conseguir\u201d.<br \/>\nEL DIPUTADO Humberto Prieto, sostuvo que, \u201clos ataques an\u00f3nimos\u201d que<br \/>\nllevan toda la mala fe del mundo, no le causar\u00e1n ning\u00fan impacto pol\u00edtico, al<br \/>\nreiterar que, \u201cno enfrenta ning\u00fan problema legal en M\u00e9xico, ni en el<br \/>\nextranjero\u201d, confirmando que su situaci\u00f3n migratoria, se encuentran en<br \/>\nregla, para que los cobardes, \u201cest\u00e9n enterados que \u00e9l est\u00e1 tranquilo y<br \/>\ndedicando el tiempo a las nobles acciones de trabajo y servicio a su querido<br \/>\npueblo, Reynosa.<br \/>\nSIN embargo, el Diputado Prieto Herrera, adelant\u00f3 que, \u201cjunto a su equipo<br \/>\njur\u00eddico, analiza la posibilidad de interponer denuncias ante la polic\u00eda<br \/>\ncibern\u00e9tica por difamaci\u00f3n\u201d, porque, no se puede permitir que este tipo de<br \/>\nactuaciones queden impunes, especialmente por el impacto que tienen en su<br \/>\nentorno personal y familiar, remarc\u00f3.<\/p>\n<p>APUNTANDO el entrevistado que, respecto a la regulaci\u00f3n de redes sociales,<br \/>\n\u201cya existen iniciativas en an\u00e1lisis\u201d, pero advirti\u00f3 que, \u201cdebe cuidarse la<br \/>\nlibertad de expresi\u00f3n, en particular el ejercicio period\u00edstico, enfatiz\u00f3.<br \/>\nNO SON TIEMPOS PARA HABLAR DE ASPIRACIONES: HUMBERTO<br \/>\nA pregunta especifica de uno de los comunicadores en la rueda de prensa,<br \/>\nHumberto Prieto, fue tajante y certero al se\u00f1alar que, \u201caun no son los<br \/>\ntiempos para hablar de aspiraciones pol\u00edtico electorales\u201d.<br \/>\nRECORDANDO que, el siguiente proceso electoral, de \u201cIpso Facto\u201d inicia<br \/>\nformalmente en septiembre y por ello, \u201cconsider\u00f3 irresponsable distraerse<br \/>\nde sus funciones legislativas\u201d, porque \u201cadquirimos un compromiso para<br \/>\nlegislar desde la casa del pueblo\u201d y por este motivo, tenemos que seguir<br \/>\ncabalgando, instrumentando los mejores mecanismos, para conformar leyes<br \/>\ny, estas, redunden en favor de las y los tamaulipecos, acot\u00f3.<br \/>\nEN OTRA de sus elocuentes exposiciones, el Diputado reynosense Humberto<br \/>\nPrieto, hizo un par\u00e9ntesis para \u201cdefender el trabajo territorial\u201d que, con<br \/>\natingencia y perseverancia, realiza en Reynosa y, en otras partes del estado,<br \/>\nal igual que sus compa\u00f1eros y compa\u00f1eras legisladoras, al se\u00f1alar que, \u201cesto<br \/>\nes parte y esencia de la ineludible obligaci\u00f3n que tenemos los representantes<br \/>\npopulares al regresar al pueblo\u201d, para recoger sus demandas y traducirlas<br \/>\nen iniciativas de tangible bienestar social.<br \/>\nFINALMENTE, reiter\u00f3 Prieto Herrera que, \u201ccontinuar\u00e1 su labor en<br \/>\ncoordinaci\u00f3n con el gobierno estatal, trabajando en el proyecto de naci\u00f3n<br \/>\nque lo une y, por ello, no detendr\u00e1 su agenda por \u201cchismes\u201d o campa\u00f1as de<br \/>\ndesinformaci\u00f3n\u201d; sosteniendo sin ruedas que, \u201c si alguien tiene pruebas de<br \/>\nalg\u00fan delito cometido\u201d, que presente las denuncias correspondientes,<br \/>\nrecomend\u00f3.<br \/>\nPor hoy es todo y hasta ma\u00f1ana.<br \/>\nPara sugerencias y puntos de vista en general al email:<br \/>\nlupeernesto@yahoo.com.mx<\/p>\n","protected":false},"excerpt":{"rendered":"<p>T E C L A Z O S Por Guadalupe E. Gonz\u00e1lez X.-Dijo que, \u201clos cobardes desde el anonimato, siempre lo est\u00e1n difamando\u201d y, desmiente el retiro de su visa. DE MANERA categ\u00f3rica, el Diputado presidente de la Junta de Gobierno del Congreso de Tamaulipas Humberto Armando Prieto Herrera, \u201cneg\u00f3 tener problemas migratorios y menos [&hellip;]<\/p>\n","protected":false},"author":1,"featured_media":216767,"comment_status":"closed","ping_status":"closed","sticky":false,"template":"","format":"standard","meta":{"footnotes":""},"categories":[16],"tags":[],"class_list":["post-222280","post","type-post","status-publish","format-standard","has-post-thumbnail","hentry","category-opinion"],"_links":{"self":[{"href":"https:\/\/www.elsinodaldetamaulipas.com.mx\/index.php?rest_route=\/wp\/v2\/posts\/222280","targetHints":{"allow":["GET"]}}],"collection":[{"href":"https:\/\/www.elsinodaldetamaulipas.com.mx\/index.php?rest_route=\/wp\/v2\/posts"}],"about":[{"href":"https:\/\/www.elsinodaldetamaulipas.com.mx\/index.php?rest_route=\/wp\/v2\/types\/post"}],"author":[{"embeddable":true,"href":"https:\/\/www.elsinodaldetamaulipas.com.mx\/index.php?rest_route=\/wp\/v2\/users\/1"}],"replies":[{"embeddable":true,"href":"https:\/\/www.elsinodaldetamaulipas.com.mx\/index.php?rest_route=%2Fwp%2Fv2%2Fcomments&post=222280"}],"version-history":[{"count":1,"href":"https:\/\/www.elsinodaldetamaulipas.com.mx\/index.php?rest_route=\/wp\/v2\/posts\/222280\/revisions"}],"predecessor-version":[{"id":222281,"href":"https:\/\/www.elsinodaldetamaulipas.com.mx\/index.php?rest_route=\/wp\/v2\/posts\/222280\/revisions\/222281"}],"wp:featuredmedia":[{"embeddable":true,"href":"https:\/\/www.elsinodaldetamaulipas.com.mx\/index.php?rest_route=\/wp\/v2\/media\/216767"}],"wp:attachment":[{"href":"https:\/\/www.elsinodaldetamaulipas.com.mx\/index.php?rest_route=%2Fwp%2Fv2%2Fmedia&parent=222280"}],"wp:term":[{"taxonomy":"category","embeddable":true,"href":"https:\/\/www.elsinodaldetamaulipas.com.mx\/index.php?rest_route=%2Fwp%2Fv2%2Fcategories&post=222280"},{"taxonomy":"post_tag","embeddable":true,"href":"https:\/\/www.elsinodaldetamaulipas.com.mx\/index.php?rest_route=%2Fwp%2Fv2%2Ftags&post=222280"}],"curies":[{"name":"wp","href":"https:\/\/api.w.org\/{rel}","templated":true}]}}