{"id":222285,"date":"2026-05-01T09:00:49","date_gmt":"2026-05-01T13:00:49","guid":{"rendered":"https:\/\/www.elsinodaldetamaulipas.com.mx\/?p=222285"},"modified":"2026-05-01T09:00:49","modified_gmt":"2026-05-01T13:00:49","slug":"casi-un-centenar-de-aspirantes-a-la-consejeria-del-ietam","status":"publish","type":"post","link":"https:\/\/www.elsinodaldetamaulipas.com.mx\/?p=222285","title":{"rendered":"CASI UN CENTENAR DE ASPIRANTES A LA CONSEJERIA DEL IETAM"},"content":{"rendered":"<p>Este 2 de mayo, es decir ma\u00f1ana, los 77 aspirantes a dos consejer\u00edas del Instituto Electoral de Tamaulipas (IETAM) presentar\u00e1n un examen de conocimientos que aplicar\u00e1 el Instituto Nacional Electoral (INE) luego de que los ahora exconsejeros D\u00e9borah Gonz\u00e1lez D\u00edaz, Italia Aracely Garc\u00eda L\u00f3pez y Jer\u00f3nimo Rivera Garc\u00eda, concluyeron sus respectivas gestiones en noviembre del 2025.<\/p>\n<p>El resultado del examen se publicar\u00e1 a m\u00e1s tardar el pr\u00f3ximo 7 de mayo en la siguiente p\u00e1gina electr\u00f3nica:\u00a0<a href=\"http:\/\/www.ine.mx\/\" target=\"_blank\" rel=\"noreferrer noopener\">www.ine.mx<\/a>; por lo que los aspirantes deber\u00e1n consultarla para saber si pasan a la etapa de la aplicaci\u00f3n de un ensayo que se realizar\u00e1 el 30 de mayo.<\/p>\n<p>Los resultados de los ensayos se publicar\u00e1n a m\u00e1s tardar el 9 de julio en la p\u00e1gina electr\u00f3nica del INE, por lo que aspirantes que no est\u00e9n de acuerdo tienen hasta las 18 horas del 10 de julio para solicitar una revisi\u00f3n.<\/p>\n<p>Las autoridades del INE que hagan las revisiones, notificar\u00e1n previamente la fecha y el horarios de la sesi\u00f3n de revisi\u00f3n a los aspirantes inconforme de los resultados del ensayo.<\/p>\n<p>Posteriormente, los aspirantes que logren pasar a la siguiente etapa denominada prueba de competencias gerenciales recibir\u00e1n una notificaci\u00f3n antes del 25 de julio, en donde se les dar\u00e1 el horario de su participaci\u00f3n a trav\u00e9s de la p\u00e1gina electr\u00f3nica del INE.<\/p>\n<p>El resultado de la prueba de competencias gerenciales se publicar\u00e1 a m\u00e1s tardar el 28 de julio, por lo que los aspirantes inconformes podr\u00e1n solicitar una revisi\u00f3n este mismo d\u00eda hasta las 18.00 horas.<\/p>\n<p>Las revisiones de la prueba de competencias gerenciales no est\u00e1n a\u00fan determinadas, por lo que las autoridades del INE notificar\u00e1n previamente la fecha y el horario para aclaras dudas e inconformidades de los aspirantes.<\/p>\n<p>Y luego, quienes hayan pasado la etapa anterior, deber\u00e1n de acudir a las entrevistas, que se publicar\u00e1n previamente en la p\u00e1gina electr\u00f3nica del INE, ya que la designaci\u00f3n de las dos consejeras se realizar\u00e1 a m\u00e1s tardar el 2 de noviembre del 2026.<\/p>\n<p>Cabe se\u00f1alar, que tambi\u00e9n los 77 aspirantes podr\u00e1n participar en la designaci\u00f3n del nuevo consejero presidente del IETAM, cuya designaci\u00f3n est\u00e1 prevista para el 22 de enero del 2027.<\/p>\n<p>A prop\u00f3sito, la exdiputada local Patricia Pimental Ram\u00edrez de Movimiento Ciudadano (MC) de inmediato levant\u00f3 la mano para ser tomada en cuenta, luego de que forma parte de los 77 aspirantes que desean ocupar un consejer\u00eda del IETAM, cuya aspiraci\u00f3n de inmediato caus\u00f3 revuelo entre la clase pol\u00edtica.<\/p>\n<p>Pimentel Ram\u00edrez no es la \u00fanica que desea buscar la presidencia del Consejo General del IETAM que ostenta Juan Jos\u00e9 Ramos Charre, puesto que hay otras finalistas que desean ocupar este cargo, como es el caso de la exdiputada Erika Crespo Castillo y la actual titular de la Fiscal\u00eda Especializada en Delitos Electorales, Krisna Judith Villado Mej\u00eda.<\/p>\n<p>No se puede descartar las posibilidades de otras aspirantes para ocupar la presidencia del IETAM, como es el caso de Mar\u00eda Elena Rodr\u00edguez Salazar, Ana Karen Barrientos Lumbreras, Yuri Lizzet Landeros Quintero, entre otras.<\/p>\n<p>En otro tema, el gobernador Am\u00e9rico Villarreal Anaya reconoci\u00f3 que la UAT ha contribuido en el desarrollo energ\u00e9tico de Tamaulipas a trav\u00e9s del impulso de proyectos de energ\u00edas limpias, e\u00f3licas, biomasa y gesti\u00f3n de residuos, pero sobre todo en la formaci\u00f3n de recursos humanos especializados para atender las necesidades de una industria en expansi\u00f3n en nuestra entidad.<\/p>\n<p>Por ejemplo, cabe destacar el papel que tuvo la UAT durante el Congreso Internacional de Energ\u00eda Tamaulipas, que se desarroll\u00f3 del 24 al 26 de noviembre del 2025 en el puerto de Tampico, en donde a trav\u00e9s de una exposici\u00f3n dio a conocer a los participantes sus capacidades acad\u00e9micas, de investigaci\u00f3n y tecnol\u00f3gicas.<\/p>\n<p>De igual forma, la UAT contribuye en la consolidaci\u00f3n del Proyecto Trion con estudios de impacto ambiental, ya que actualmente tiene un avance significativo para la extracci\u00f3n de petr\u00f3leo en aguas profundas del Golfo de M\u00e9xico que se localizan frente a las costas de Tamaulipas.<\/p>\n<p>Asimismo, docentes de la UAT realizan an\u00e1lisis ambientales y t\u00e9cnicas de soporte en el corredor industrial que se encuentra entre Madero y Altamira, en cuya zona est\u00e1n ubicadas importantes empresas petroqu\u00edmicas, entre otras que generan empleos bien remunerados.<\/p>\n<p>Tambi\u00e9n la UAT tiene un participaci\u00f3n activa y estrat\u00e9gica en la expansi\u00f3n de la industria maquiladora que est\u00e1 ubicada entre R\u00edo Bravo y Reynosa, ya que a trav\u00e9s de la formaci\u00f3n de capital humano y la investigaci\u00f3n aplicada se ha impulsado la exportaci\u00f3n de mercanc\u00edas a los Estados Unidos.<\/p>\n<p>Correo electr\u00f3nico:\u00a0<a href=\"mailto:jagovea_53@yahoo.com\" target=\"_blank\" rel=\"noreferrer noopener\">jagovea_53@yahoo.com<\/a><\/p>\n","protected":false},"excerpt":{"rendered":"<p>Este 2 de mayo, es decir ma\u00f1ana, los 77 aspirantes a dos consejer\u00edas del Instituto Electoral de Tamaulipas (IETAM) presentar\u00e1n un examen de conocimientos que aplicar\u00e1 el Instituto Nacional Electoral (INE) luego de que los ahora exconsejeros D\u00e9borah Gonz\u00e1lez D\u00edaz, Italia Aracely Garc\u00eda L\u00f3pez y Jer\u00f3nimo Rivera Garc\u00eda, concluyeron sus respectivas gestiones en noviembre del [&hellip;]<\/p>\n","protected":false},"author":1,"featured_media":214926,"comment_status":"closed","ping_status":"closed","sticky":false,"template":"","format":"standard","meta":{"footnotes":""},"categories":[16],"tags":[],"class_list":["post-222285","post","type-post","status-publish","format-standard","has-post-thumbnail","hentry","category-opinion"],"_links":{"self":[{"href":"https:\/\/www.elsinodaldetamaulipas.com.mx\/index.php?rest_route=\/wp\/v2\/posts\/222285","targetHints":{"allow":["GET"]}}],"collection":[{"href":"https:\/\/www.elsinodaldetamaulipas.com.mx\/index.php?rest_route=\/wp\/v2\/posts"}],"about":[{"href":"https:\/\/www.elsinodaldetamaulipas.com.mx\/index.php?rest_route=\/wp\/v2\/types\/post"}],"author":[{"embeddable":true,"href":"https:\/\/www.elsinodaldetamaulipas.com.mx\/index.php?rest_route=\/wp\/v2\/users\/1"}],"replies":[{"embeddable":true,"href":"https:\/\/www.elsinodaldetamaulipas.com.mx\/index.php?rest_route=%2Fwp%2Fv2%2Fcomments&post=222285"}],"version-history":[{"count":1,"href":"https:\/\/www.elsinodaldetamaulipas.com.mx\/index.php?rest_route=\/wp\/v2\/posts\/222285\/revisions"}],"predecessor-version":[{"id":222286,"href":"https:\/\/www.elsinodaldetamaulipas.com.mx\/index.php?rest_route=\/wp\/v2\/posts\/222285\/revisions\/222286"}],"wp:featuredmedia":[{"embeddable":true,"href":"https:\/\/www.elsinodaldetamaulipas.com.mx\/index.php?rest_route=\/wp\/v2\/media\/214926"}],"wp:attachment":[{"href":"https:\/\/www.elsinodaldetamaulipas.com.mx\/index.php?rest_route=%2Fwp%2Fv2%2Fmedia&parent=222285"}],"wp:term":[{"taxonomy":"category","embeddable":true,"href":"https:\/\/www.elsinodaldetamaulipas.com.mx\/index.php?rest_route=%2Fwp%2Fv2%2Fcategories&post=222285"},{"taxonomy":"post_tag","embeddable":true,"href":"https:\/\/www.elsinodaldetamaulipas.com.mx\/index.php?rest_route=%2Fwp%2Fv2%2Ftags&post=222285"}],"curies":[{"name":"wp","href":"https:\/\/api.w.org\/{rel}","templated":true}]}}