{"id":222289,"date":"2026-05-01T09:11:59","date_gmt":"2026-05-01T13:11:59","guid":{"rendered":"https:\/\/www.elsinodaldetamaulipas.com.mx\/?p=222289"},"modified":"2026-05-01T09:11:59","modified_gmt":"2026-05-01T13:11:59","slug":"segun-las-encuestas-crecen-todos-los-morenos","status":"publish","type":"post","link":"https:\/\/www.elsinodaldetamaulipas.com.mx\/?p=222289","title":{"rendered":"SEG\u00daN LAS ENCUESTAS, CRECEN TODOS LOS MORENOS"},"content":{"rendered":"<p>Las trifulcas entre los partidos Morena, PT y Verde, e incluso entre los mismos aspirantes a cargos de elecci\u00f3n popular de esas organizaciones, lejos de debilitar ese movimiento pueden convertirlo en invencible, porque est\u00e1n arrojando la idea de que van a ganar con quien sea, de ah\u00ed la tan encarnizada lucha interna que se observa, muy parecida a las registradas en tiempos pasados en cuanto a qu\u00e9, quien resulte ganador, pr\u00e1cticamente se puede ver despachando en el cargo por el que competir\u00e1.<\/p>\n<p>Las encuestas son claras, cada d\u00eda son mejor evaluados los aspirantes a cualquier cargo de elecci\u00f3n popular que hoy tambi\u00e9n gobiernan, cada d\u00eda crece m\u00e1s la percepci\u00f3n de la ciudadan\u00eda en el sentido de que Morena ganar\u00e1 las elecciones con la candidata o candidato que resulte.<\/p>\n<p>Es m\u00e1s, las encuestas est\u00e1n mostrando cada vez mayor aceptaci\u00f3n de los aspirantes a cargos de elecci\u00f3n popular que hoy est\u00e1n a cargo de administraciones p\u00fablicas, para citarle un ejemplo, desde que Carmen Lilia Cant\u00fa Rosas brinc\u00f3 al escenario estatal para convertirse en una de las tres que competir\u00e1n por la gubernatura en el 2028, en el municipio que gobierna ha crecido la aceptaci\u00f3n y confianza en ella lo que garantizar\u00e1 que pueda heredar a ese partido el poder con quien resulte candidata o candidato a ocupar el cargo que ahora ostenta.<\/p>\n<p>Carmen Lilia fue evaluada por la encuestadora Consulta Mitofsky que la coloca en el tercer lugar nacional, en el top tres de los alcaldes que m\u00e1s confianza obtienen de sus gobernados, con m\u00e1s del 61 por ciento de respaldo, de eso le hablo, que con esos n\u00fameros es casi imposible perder una elecci\u00f3n.<\/p>\n<p>Y no se necesita ser un genio para conocer la f\u00f3rmula, los gobernados de Carmen Lilia la ven como precandidata a la gubernatura, eso hace que piensen que el partido en el que milita va a ganar.<\/p>\n<p>No es el \u00fanico caso de crecimiento partiendo de las aspiraciones de los pol\u00edticos, mire, tambi\u00e9n Lalo Gatt\u00e1s tiene mejores n\u00fameros en las encuestas, igual lo ubican como uno de los mejor evaluados en su cargo de Presidente municipal de Victoria y sus n\u00fameros crecen conforme se percibe que puede ser aspirante a otro cargo de elecci\u00f3n popular.<\/p>\n<p>Es, desde luego, un fen\u00f3meno extra\u00f1o lo que est\u00e1 ocurriendo, porque normalmente el ejercicio del poder desgasta, m\u00e1s cuando hablamos de alcaldes, ya que los municipios, exceptuando Nuevo Laredo, que es rico, dif\u00edcilmente tienen suficientes recursos para dar los resultados que de ellos se esperan.<\/p>\n<p>Exacto, las contiendas internas que ahora observamos, lejos de debilitar al partido en el gobierno, est\u00e1n provocando que se perciba como imbatible, como ganador de todas las elecciones que se disputar\u00e1n en 2027 y la que viene en 2028.<\/p>\n<p>Obvio, lo siguiente para Morena y sus aliados es no equivocarse, elegir los mejores cuadros, los perfiles m\u00e1s limpios en su cat\u00e1logo, porque, si bien la marca hoy se observa ganadora, cualquier fuerte problema personal, de sus aspirantes, puede arruinarle las tendencias.<\/p>\n<p>Lo \u00fanico que tiene que hacer Morena con su coalici\u00f3n es no registrar candidatos que pudieran ser un lastre, porque ahora est\u00e1n bien ganados, es m\u00e1s, la \u00fanica posibilidad de que pierdan es que el candidato o la candidata pesen m\u00e1s que el partido en lo negativo y los hunda, lo que parece imposible.<\/p>\n<p>Existe otra certeza, por m\u00e1s que la oposici\u00f3n quiera convencer de que puede ganar elecciones en 2027 y 2028, la verdad es que en Tamaulipas se ve muy lejos de eso; Primero, porque el partido guinda entr\u00f3 en un franco proceso de competencia que lo hace verse hasta en la sopa, por lo que en 2027 pr\u00e1cticamente arrojar\u00e1 a las futuras autoridades municipales, al Congreso y a la gubernatura para el a\u00f1o 2028; y el segundo grave problema que atraviesan los contrarios al gobierno es que siguen siendo odiados por la ciudadan\u00eda a la que hartaron cuando gobernaron, hoy pocos votar\u00edan por los azules o tricolores.<\/p>\n<p>En esas condiciones, aunque muchos lo vean como un problema futuro, la verdad es que las contiendas internas entre los militantes de Morena, lejos de causar problemas, los est\u00e1n haciendo verse como ganadores de todas las elecciones y, cr\u00e9alo, eso es m\u00e1s importante que cualquier otra cosa, porque inhibe el voto de odio o hartazgo y alienta a quienes se sienten parte de una corriente ideol\u00f3gica.<\/p>\n<p>S\u00ed, hoy crece Carmen Lilia rumbo a cumplir el sue\u00f1o de sus seguidores que es verla convertida en gobernadora; tambi\u00e9n crece Gatt\u00e1s, a quien ven como un pol\u00edtico con aspiraciones a m\u00e1s cargos, y, cr\u00e9alo, solo significa que no habr\u00e1 nadie que les haga competencia a los de guinda y aliados una vez que arranquen formalmente las elecciones, vaya, pues, su panorama es tan alentador que la \u00fanica forma de que pierda Morena es que se autodestruya y para eso todav\u00eda falta mucho\u2026<\/p>\n<p>FORTALECE SEBIEN MECANISMOS DE FISCALIZACI\u00d3N CIUDADANA\u2026 Con el objetivo de fortalecer la transparencia y la participaci\u00f3n ciudadana en la supervisi\u00f3n de los recursos p\u00fablicos, la Secretar\u00eda de Bienestar Social del Gobierno del Estado que encabeza Silvia Casas Gonz\u00e1lez, llev\u00f3 a cabo una capacitaci\u00f3n sobre el esquema de Contralor\u00eda Social, dirigida a enlaces y responsables de los diversos programas sociales.<\/p>\n<p>A trav\u00e9s de esta capacitaci\u00f3n, mencion\u00f3 que el gobierno de Am\u00e9rico Villarreal Anaya promueve y garantiza que la Contralor\u00eda Social sea un mecanismo fundamental que permite a las y los beneficiarios involucrarse de manera organizada en la vigilancia del ejercicio de los recursos, contribuyendo as\u00ed a garantizar su correcta aplicaci\u00f3n y el cumplimiento de los objetivos de cada programa.<\/p>\n<p>La capacitaci\u00f3n se realiz\u00f3 el pasado 29 de abril de 2026, bajo una modalidad h\u00edbrida: presencial para el personal de oficinas centrales en la Sala de Juntas de la Secretar\u00eda de Bienestar Social, y virtual para participantes for\u00e1neos.<\/p>\n<p>La jornada fue impartida por la Secretar\u00eda T\u00e9cnica, a trav\u00e9s de H\u00e9ctor C\u00e1rdenas y Jorge Alberto Reyes, quienes brindaron herramientas y lineamientos clave para la implementaci\u00f3n y fortalecimiento de la Contralor\u00eda Social en los distintos programas.<\/p>\n<p>La titular de la SEBIEN precis\u00f3 que los mecanismos de participaci\u00f3n ciudadana en la supervisi\u00f3n de los recursos p\u00fablicos permiten que la poblaci\u00f3n vigile c\u00f3mo se usan los fondos gubernamentales, fortaleciendo la transparencia y la rendici\u00f3n de cuentas.<\/p>\n<p>Entre los principales destacan la Contralor\u00eda Social, donde beneficiarios supervisan programas; los comit\u00e9s ciudadanos de vigilancia, que revisan obras y servicios; el acceso a la informaci\u00f3n p\u00fablica, garantizado por el Instituto Nacional de Transparencia, Acceso a la Informaci\u00f3n y Protecci\u00f3n de Datos Personales; y los mecanismos de denuncia, para reportar irregularidades.<\/p>\n<p>\u201cEn conjunto, estos instrumentos permiten un uso m\u00e1s eficiente y transparente de los recursos, al involucrar directamente a la ciudadan\u00eda en su seguimiento y evaluaci\u00f3n\u201d, puntualiz\u00f3 Casas Gonz\u00e1lez.<\/p>\n<p>Cabe mencionar que desde la Secretar\u00eda de Bienestar Social se reafirma el compromiso de seguir promoviendo acciones que fortalezcan la transparencia, la rendici\u00f3n de cuentas y la participaci\u00f3n activa de la ciudadan\u00eda en la vida p\u00fablica del estado.<\/p>\n<p>SANTIAGO NIETO Y LA UAT FORTALECEN PROTECCI\u00d3N DE LA PROPIEDAD INTELECTUAL EN TAMAULIPAS\u2026 El director general del Instituto Mexicano de la Propiedad Industrial (IMPI), Dr. Santiago Nieto Castillo, imparti\u00f3 en la Universidad Aut\u00f3noma de Tamaulipas (UAT) la conferencia \u201cProtecci\u00f3n de la Innovaci\u00f3n y la Propiedad Intelectual\u201d, donde destac\u00f3 que M\u00e9xico debe consolidar un modelo econ\u00f3mico basado en la ciencia, la tecnolog\u00eda y la innovaci\u00f3n.<\/p>\n<p>En este evento, llevado a cabo en el Centro de Excelencia del Campus Victoria, con el fin de fortalecer la cultura de la innovaci\u00f3n, el emprendimiento y el desarrollo tecnol\u00f3gico, el ponente subray\u00f3 que la propiedad intelectual constituye una herramienta estrat\u00e9gica fundamental para impulsar la competitividad y el desarrollo nacional.<\/p>\n<p>Luego de la bienvenida que le brind\u00f3 el rector de la UAT, D\u00e1maso Anaya Alvarado, ante la asistencia de estudiantes de la Facultad de Comercio y Administraci\u00f3n Victoria, el Dr. Santiago Nieto agradeci\u00f3 la oportunidad de compartir a los j\u00f3venes un tema de gran trascendencia para su formaci\u00f3n profesional y de gran impacto para el pa\u00eds.<\/p>\n<p>El funcionario federal destac\u00f3 adem\u00e1s el crecimiento que ha registrado Tamaulipas en solicitudes de patentes y registros de marcas, as\u00ed como la participaci\u00f3n de la UAT en proyectos relacionados con innovaci\u00f3n, transferencia tecnol\u00f3gica y desarrollo regional.<\/p>\n<p>Present\u00f3 un panorama sobre el estado de la innovaci\u00f3n en M\u00e9xico y Am\u00e9rica Latina, se\u00f1alando retos que enfrenta el pa\u00eds, reconociendo el potencial de las instituciones de educaci\u00f3n superior mexicanas en la generaci\u00f3n de conocimiento.<\/p>\n<p>Asimismo, abord\u00f3 temas relacionados con la transferencia tecnol\u00f3gica, la protecci\u00f3n de productos regionales mediante denominaciones de origen e indicaciones geogr\u00e1ficas, as\u00ed como el combate a la pirater\u00eda y el fortalecimiento de pol\u00edticas p\u00fablicas para democratizar el acceso a la propiedad intelectual entre j\u00f3venes, mujeres emprendedoras, comunidades ind\u00edgenas y sectores productivos.<\/p>\n<p>Por su parte, el rector D\u00e1maso Anaya Alvarado destac\u00f3 la importancia de impulsar, entre las y los estudiantes, una cultura enfocada en el desarrollo de patentes y la creaci\u00f3n de marcas, subrayando que la UAT contin\u00faa fortaleciendo los proyectos de investigaci\u00f3n y el registro de propiedad intelectual generados por acad\u00e9micos y universitarios de distintas facultades.<\/p>\n<p>Se\u00f1al\u00f3 que la Universidad participa en iniciativas relacionadas con productos emblem\u00e1ticos de Tamaulipas, mediante proyectos impulsados por \u00e1reas como el CINOTAM, enfocados en la protecci\u00f3n y el fortalecimiento de los desarrollos regionales.<\/p>\n<p>Finalmente, reiter\u00f3 que la UAT continuar\u00e1 impulsando espacios de formaci\u00f3n acad\u00e9mica, investigaci\u00f3n y vinculaci\u00f3n institucional que permitan fomentar la creatividad, la transferencia de conocimiento y el desarrollo de proyectos con impacto econ\u00f3mico y social.<\/p>\n<p>En el evento se cont\u00f3 con la participaci\u00f3n de la directora de la Facultad de Comercio y Administraci\u00f3n Victoria, M\u00f3nica Lorena S\u00e1nchez Lim\u00f3n, quien destac\u00f3 el privilegio que representa para los estudiantes recibir al Dr. Santiago Nieto Castillo.<\/p>\n<p>Tambi\u00e9n estuvieron presentes, la subsecretaria para la Peque\u00f1a y Mediana Empresa de la Secretar\u00eda de Econom\u00eda de Tamaulipas, Mariana \u00c1lvarez Quero; y el titular del COTACYT, Julio Mart\u00ednez Burnes.<\/p>\n<p>La actividad congreg\u00f3 a estudiantes, docentes, investigadores y autoridades universitarias en un espacio de di\u00e1logo e intercambio de ideas sobre innovaci\u00f3n y transferencia tecnol\u00f3gica. Al concluir la jornada, el rector D\u00e1maso Anaya entreg\u00f3 un reconocimiento al Dr. Santiago Nieto Castillo por su participaci\u00f3n en esta conferencia magistral<\/p>\n<p>Festejan Lucy y Lalo a ni\u00f1as y ni\u00f1os en su d\u00eda\u2026 En el marco de los festejos del D\u00eda del Ni\u00f1o y la Ni\u00f1a, la presidenta del Sistema DIF Lucy de Gatt\u00e1s y el alcalde de Victoria Eduardo Gatt\u00e1s B\u00e1ez, organizaron alegre convivio a alumnos de jardines, escuelas primarias y asociaciones civiles.<\/p>\n<p>En su mensaje de felicitaci\u00f3n, coincidieron en que el 30 de abril es una fecha muy especial en la que se reconoce la alegr\u00eda, la esperanza y reafirma el compromiso de promover actividades que fortalezcan el bienestar de la ni\u00f1ez.<\/p>\n<p>\u00abUstedes nos ense\u00f1an todos los d\u00edas ni\u00f1as y ni\u00f1os el valor de la alegr\u00eda y la esperanza, el DIF Victoria les desea que su d\u00eda est\u00e9 lleno de sonrisas, amor y momentos inolvidables\u00bb, manifest\u00f3 Lucy de Gatt\u00e1s en el inicio de las festividades realizadas en la explanada del DIF Victoria.<\/p>\n<p>El alcalde Eduardo Gatt\u00e1s B\u00e1ez se uni\u00f3 a los festejos, que cont\u00f3 con la presentaci\u00f3n oficial de la nueva mascota del DIF Victoria +AMOR, entrega de regalos, dulces, refrigerio, reconocimientos a ni\u00f1as y ni\u00f1os destacados en las artes y el deporte, y entrada gratuita al circo Fantastic\u00a0 Soley Circus.<\/p>\n<p>Coloque en el buscador de facebok @CENADeNegros1 y le agradecer\u00e9 que me regale un Me Gusta, adem\u00e1s nos puede seguir en la cuenta de X @gatovaliente y, como siempre, le dejo el correo electr\u00f3nico a sus \u00f3rdenes para lo que guste y mande\u2026\u00a0<a href=\"mailto:marcovazquez20001@hotmail.com\" target=\"_blank\" rel=\"noreferrer noopener\">marcovazquez20001@hotmail.com<\/a><\/p>\n","protected":false},"excerpt":{"rendered":"<p>Las trifulcas entre los partidos Morena, PT y Verde, e incluso entre los mismos aspirantes a cargos de elecci\u00f3n popular de esas organizaciones, lejos de debilitar ese movimiento pueden convertirlo en invencible, porque est\u00e1n arrojando la idea de que van a ganar con quien sea, de ah\u00ed la tan encarnizada lucha interna que se observa, [&hellip;]<\/p>\n","protected":false},"author":1,"featured_media":198934,"comment_status":"closed","ping_status":"closed","sticky":false,"template":"","format":"standard","meta":{"footnotes":""},"categories":[16],"tags":[],"class_list":["post-222289","post","type-post","status-publish","format-standard","has-post-thumbnail","hentry","category-opinion"],"_links":{"self":[{"href":"https:\/\/www.elsinodaldetamaulipas.com.mx\/index.php?rest_route=\/wp\/v2\/posts\/222289","targetHints":{"allow":["GET"]}}],"collection":[{"href":"https:\/\/www.elsinodaldetamaulipas.com.mx\/index.php?rest_route=\/wp\/v2\/posts"}],"about":[{"href":"https:\/\/www.elsinodaldetamaulipas.com.mx\/index.php?rest_route=\/wp\/v2\/types\/post"}],"author":[{"embeddable":true,"href":"https:\/\/www.elsinodaldetamaulipas.com.mx\/index.php?rest_route=\/wp\/v2\/users\/1"}],"replies":[{"embeddable":true,"href":"https:\/\/www.elsinodaldetamaulipas.com.mx\/index.php?rest_route=%2Fwp%2Fv2%2Fcomments&post=222289"}],"version-history":[{"count":1,"href":"https:\/\/www.elsinodaldetamaulipas.com.mx\/index.php?rest_route=\/wp\/v2\/posts\/222289\/revisions"}],"predecessor-version":[{"id":222290,"href":"https:\/\/www.elsinodaldetamaulipas.com.mx\/index.php?rest_route=\/wp\/v2\/posts\/222289\/revisions\/222290"}],"wp:featuredmedia":[{"embeddable":true,"href":"https:\/\/www.elsinodaldetamaulipas.com.mx\/index.php?rest_route=\/wp\/v2\/media\/198934"}],"wp:attachment":[{"href":"https:\/\/www.elsinodaldetamaulipas.com.mx\/index.php?rest_route=%2Fwp%2Fv2%2Fmedia&parent=222289"}],"wp:term":[{"taxonomy":"category","embeddable":true,"href":"https:\/\/www.elsinodaldetamaulipas.com.mx\/index.php?rest_route=%2Fwp%2Fv2%2Fcategories&post=222289"},{"taxonomy":"post_tag","embeddable":true,"href":"https:\/\/www.elsinodaldetamaulipas.com.mx\/index.php?rest_route=%2Fwp%2Fv2%2Ftags&post=222289"}],"curies":[{"name":"wp","href":"https:\/\/api.w.org\/{rel}","templated":true}]}}