{"id":222291,"date":"2026-05-01T09:14:54","date_gmt":"2026-05-01T13:14:54","guid":{"rendered":"https:\/\/www.elsinodaldetamaulipas.com.mx\/?p=222291"},"modified":"2026-05-01T09:14:54","modified_gmt":"2026-05-01T13:14:54","slug":"santiago-nieto-y-uat-fortalecen-proteccion-a-la-propiedad-intelectual-en-tamaulipas","status":"publish","type":"post","link":"https:\/\/www.elsinodaldetamaulipas.com.mx\/?p=222291","title":{"rendered":"SANTIAGO NIETO Y UAT, FORTALECEN PROTECCI\u00d3N A LA PROPIEDAD INTELECTUAL EN TAMAULIPAS"},"content":{"rendered":"<div class=\"title-post\"><\/div>\n<div class=\"post-gallery\"><img loading=\"lazy\" decoding=\"async\" class=\"img-responsive wp-post-image\" src=\"https:\/\/notatamaulipas.com\/wp-content\/uploads\/2026\/05\/COMPOSICION-UAT-PARA-VIERNES-1-DE-MAYO--750x391.jpg\" alt=\"SANTIAGO NIETO Y UAT, FORTALECEN PROTECCI\u00d3N A LA PROPIEDAD INTELECTUAL EN TAMAULIPAS\" width=\"750\" height=\"391\" \/><\/div>\n<div class=\"post-content\">\n<p style=\"text-align: left;\">T E C L A Z O S<br \/>\nPor Guadalupe E. Gonz\u00e1lez<\/p>\n<p><strong>X.-Rector D\u00e1maso Anaya Alvarado, le brind\u00f3 la bienvenida al<\/strong><br \/>\n<strong>ponente, quien agradeci\u00f3 la oportunidad de compartir el<\/strong><br \/>\n<strong>tema.<\/strong><br \/>\nEL DIRECTOR general del Instituto Mexicano de la Propiedad<br \/>\nIndustrial (IMPI), Dr. Santiago Nieto Castillo, imparti\u00f3 en la<br \/>\nUniversidad Aut\u00f3noma de Tamaulipas (UAT) la conferencia<br \/>\n\u201cProtecci\u00f3n de la Innovaci\u00f3n y la Propiedad Intelectual\u201d, donde<br \/>\ndestac\u00f3 que M\u00e9xico debe consolidar un modelo econ\u00f3mico basado en la<br \/>\nciencia, la tecnolog\u00eda y la innovaci\u00f3n.<br \/>\nEN ESTE evento, llevado a cabo en el Centro de Excelencia del<br \/>\nCampus Victoria, con el fin de fortalecer la cultura de la innovaci\u00f3n, el<br \/>\nemprendimiento y el desarrollo tecnol\u00f3gico, el ponente subray\u00f3 que la<br \/>\npropiedad intelectual constituye una herramienta estrat\u00e9gica<br \/>\nfundamental para impulsar la competitividad y el desarrollo nacional.<br \/>\nLUEGO de la bienvenida que le brind\u00f3 el rector de la UAT, D\u00e1maso<br \/>\nAnaya Alvarado, ante la asistencia de estudiantes de la Facultad de<br \/>\nComercio y Administraci\u00f3n Victoria, el Dr. Santiago Nieto agradeci\u00f3 la<br \/>\noportunidad de compartir a los j\u00f3venes un tema de gran trascendencia<br \/>\npara su formaci\u00f3n profesional y de gran impacto para el pa\u00eds.<br \/>\nEL funcionario federal destac\u00f3 adem\u00e1s el crecimiento que ha<br \/>\nregistrado Tamaulipas en solicitudes de patentes y registros de marcas,<br \/>\nas\u00ed como la participaci\u00f3n de la UAT en proyectos relacionados con<br \/>\ninnovaci\u00f3n, transferencia tecnol\u00f3gica y desarrollo regional.<br \/>\nPRESENT\u00d3 un panorama sobre el estado de la innovaci\u00f3n en M\u00e9xico<br \/>\ny Am\u00e9rica Latina, se\u00f1alando retos que enfrenta el pa\u00eds, reconociendo el<br \/>\npotencial de las instituciones de educaci\u00f3n superior mexicanas en la<br \/>\ngeneraci\u00f3n de conocimiento.<br \/>\nASIMISMO, abord\u00f3 temas relacionados con la transferencia<br \/>\ntecnol\u00f3gica, la protecci\u00f3n de productos regionales mediante<br \/>\ndenominaciones de origen e indicaciones geogr\u00e1ficas, as\u00ed como el<br \/>\ncombate a la pirater\u00eda y el fortalecimiento de pol\u00edticas p\u00fablicas para<br \/>\ndemocratizar el acceso a la propiedad intelectual entre j\u00f3venes,<br \/>\nmujeres emprendedoras, comunidades ind\u00edgenas y sectores<br \/>\nproductivos.<\/p>\n<p>POR SU PARTE, el rector D\u00e1maso Anaya Alvarado destac\u00f3 la<br \/>\nimportancia de impulsar, entre las y los estudiantes, una cultura<br \/>\nenfocada en el desarrollo de patentes y la creaci\u00f3n de marcas,<br \/>\nsubrayando que la UAT contin\u00faa fortaleciendo los proyectos de<br \/>\ninvestigaci\u00f3n y el registro de propiedad intelectual generados por<br \/>\nacad\u00e9micos y universitarios de distintas facultades.<br \/>\nSE\u00d1AL\u00d3 que la Universidad participa en iniciativas relacionadas con<br \/>\nproductos emblem\u00e1ticos de Tamaulipas, mediante proyectos<br \/>\nimpulsados por \u00e1reas como el CINOTAM, enfocados en la protecci\u00f3n y<br \/>\nel fortalecimiento de los desarrollos regionales.<br \/>\nFINALMENTE, reiter\u00f3 que la UAT continuar\u00e1 impulsando espacios<br \/>\nde formaci\u00f3n acad\u00e9mica, investigaci\u00f3n y vinculaci\u00f3n institucional que<br \/>\npermitan fomentar la creatividad, la transferencia de conocimiento y el<br \/>\ndesarrollo de proyectos con impacto econ\u00f3mico y social.<br \/>\nEn el evento se cont\u00f3 con la participaci\u00f3n de la directora de la Facultad<br \/>\nde Comercio y Administraci\u00f3n Victoria, M\u00f3nica Lorena S\u00e1nchez<br \/>\nLim\u00f3n, quien destac\u00f3 el privilegio que representa para los estudiantes<br \/>\nrecibir al Dr. Santiago Nieto Castillo.<br \/>\nTambi\u00e9n estuvieron presentes, la subsecretaria para la Peque\u00f1a y<br \/>\nMediana Empresa de la Secretar\u00eda de Econom\u00eda de Tamaulipas,<br \/>\nMariana \u00c1lvarez Quero; y el titular del COTACYT, Julio Mart\u00ednez<br \/>\nBurnes.<br \/>\nLA ACTIVIDAD congreg\u00f3 a estudiantes, docentes, investigadores y<br \/>\nautoridades universitarias en un espacio de di\u00e1logo e intercambio de<br \/>\nideas sobre innovaci\u00f3n y transferencia tecnol\u00f3gica. Al concluir la<br \/>\njornada, el rector D\u00e1maso Anaya entreg\u00f3 un reconocimiento al Dr.<br \/>\nSantiago Nieto Castillo por su participaci\u00f3n en esta conferencia<br \/>\nmagistral.<br \/>\nPor hoy es todo y hasta ma\u00f1ana.<br \/>\nPara sugerencias y puntos de vista en general al email:<br \/>\nlupeernesto@yahoo.com.mx<\/p>\n<\/div>\n","protected":false},"excerpt":{"rendered":"<p>T E C L A Z O S Por Guadalupe E. Gonz\u00e1lez X.-Rector D\u00e1maso Anaya Alvarado, le brind\u00f3 la bienvenida al ponente, quien agradeci\u00f3 la oportunidad de compartir el tema. EL DIRECTOR general del Instituto Mexicano de la Propiedad Industrial (IMPI), Dr. Santiago Nieto Castillo, imparti\u00f3 en la Universidad Aut\u00f3noma de Tamaulipas (UAT) la conferencia [&hellip;]<\/p>\n","protected":false},"author":1,"featured_media":0,"comment_status":"closed","ping_status":"closed","sticky":false,"template":"","format":"standard","meta":{"footnotes":""},"categories":[16],"tags":[],"class_list":["post-222291","post","type-post","status-publish","format-standard","hentry","category-opinion"],"_links":{"self":[{"href":"https:\/\/www.elsinodaldetamaulipas.com.mx\/index.php?rest_route=\/wp\/v2\/posts\/222291","targetHints":{"allow":["GET"]}}],"collection":[{"href":"https:\/\/www.elsinodaldetamaulipas.com.mx\/index.php?rest_route=\/wp\/v2\/posts"}],"about":[{"href":"https:\/\/www.elsinodaldetamaulipas.com.mx\/index.php?rest_route=\/wp\/v2\/types\/post"}],"author":[{"embeddable":true,"href":"https:\/\/www.elsinodaldetamaulipas.com.mx\/index.php?rest_route=\/wp\/v2\/users\/1"}],"replies":[{"embeddable":true,"href":"https:\/\/www.elsinodaldetamaulipas.com.mx\/index.php?rest_route=%2Fwp%2Fv2%2Fcomments&post=222291"}],"version-history":[{"count":1,"href":"https:\/\/www.elsinodaldetamaulipas.com.mx\/index.php?rest_route=\/wp\/v2\/posts\/222291\/revisions"}],"predecessor-version":[{"id":222292,"href":"https:\/\/www.elsinodaldetamaulipas.com.mx\/index.php?rest_route=\/wp\/v2\/posts\/222291\/revisions\/222292"}],"wp:attachment":[{"href":"https:\/\/www.elsinodaldetamaulipas.com.mx\/index.php?rest_route=%2Fwp%2Fv2%2Fmedia&parent=222291"}],"wp:term":[{"taxonomy":"category","embeddable":true,"href":"https:\/\/www.elsinodaldetamaulipas.com.mx\/index.php?rest_route=%2Fwp%2Fv2%2Fcategories&post=222291"},{"taxonomy":"post_tag","embeddable":true,"href":"https:\/\/www.elsinodaldetamaulipas.com.mx\/index.php?rest_route=%2Fwp%2Fv2%2Ftags&post=222291"}],"curies":[{"name":"wp","href":"https:\/\/api.w.org\/{rel}","templated":true}]}}