{"id":222293,"date":"2026-05-01T14:45:09","date_gmt":"2026-05-01T18:45:09","guid":{"rendered":"https:\/\/www.elsinodaldetamaulipas.com.mx\/?p=222293"},"modified":"2026-05-01T14:47:30","modified_gmt":"2026-05-01T18:47:30","slug":"quien-sea-locomotora-de-votos-alcanzara-la-presidencia-de-reynosa-en-2027","status":"publish","type":"post","link":"https:\/\/www.elsinodaldetamaulipas.com.mx\/?p=222293","title":{"rendered":"Quien sea locomotora de votos alcanzar\u00e1 la Presidencia de Reynosa en 2027."},"content":{"rendered":"<div dir=\"auto\">REFLEXIONEMOS<\/div>\n<div dir=\"auto\">P0r Alexandro Garc\u00eda<\/div>\n<div dir=\"auto\"><em><strong>En cada elecci\u00f3n concurrente hay siempre un personaje que es la locomotora de votos que arrastra a los dem\u00e1s candidatos al triunfo. Reflexionemos.<\/strong><\/em><\/div>\n<div class=\"x14z9mp xat24cr x1lziwak x1vvkbs xtlvy1s x126k92a\">\n<div dir=\"auto\">En la elecci\u00f3n anterior para alcalde de Reynosa, el motor de los votos fue la ahora Presidenta Claudia Sheinbaum. Ah\u00ed, la marca Morena demostr\u00f3 su poder\u00edo electoral y sus partidos sat\u00e9lite, su inquietante debilidad estructural; en particular el Partido Verde, que postul\u00f3 \u2014en una alianza hoy mucho m\u00e1s cuestionada\u2014 a Carlos Pe\u00f1a Ortiz.<\/div>\n<\/div>\n<div class=\"x14z9mp xat24cr x1lziwak x1vvkbs xtlvy1s x126k92a\">\n<div dir=\"auto\">A pesar de los recursos y de la \u00abestructura pol\u00edtica\u00bb del ayuntamiento, ni la \u00abexperiencia\u00bb de la matriarca aferrada a los colores verdes \u2014para verg\u00fcenza de ellos\u2014 ni de chiste se acercaron a los votos impulsados por Morena, que, entre otras cosas y sin desmerecer su esfuerzo, llev\u00f3 al triunfo a los candidatos de Morena como diputados locales.<\/div>\n<\/div>\n<div class=\"x14z9mp xat24cr x1lziwak x1vvkbs xtlvy1s x126k92a\">\n<div dir=\"auto\">Y si retrocedemos a\u00fan m\u00e1s: durante la primera campa\u00f1a de Carlos Pe\u00f1a a la presidencia de Reynosa, \u00e9l fue la locomotora de votos que llev\u00f3 a Morena a la presidencia municipal, articulando su campa\u00f1a con las de los diputados locales y apoy\u00e1ndolos en su identidad promocional, producci\u00f3n publicitaria y movilizaci\u00f3n electoral.<\/div>\n<\/div>\n<div class=\"x14z9mp xat24cr x1lziwak x1vvkbs xtlvy1s x126k92a\">\n<div dir=\"auto\">Y ahora, la gran pregunta es esta: \u00bfQui\u00e9n ser\u00e1 la locomotora que capte y promueva los votos de Morena para sacar adelante el proyecto legislativo de Claudia Sheinbaum y los candidatos a diputados locales que blindar\u00e1n la transici\u00f3n de Am\u00e9rico Villarreal Anaya? Hasta ahora, nadie.<\/div>\n<\/div>\n<div class=\"x14z9mp xat24cr x1lziwak x1vvkbs xtlvy1s x126k92a\">\n<div dir=\"auto\">\u00bfQui\u00e9n de los aspirantes a alcalde de Reynosa ha construido una candidatura que arrastre los votos que Claudia y Am\u00e9rico necesitan? Hasta ahora, nadie.<\/div>\n<\/div>\n<div class=\"x14z9mp xat24cr x1lziwak x1vvkbs xtlvy1s x126k92a\">\n<div dir=\"auto\">\u00bfQui\u00e9n de los suspirantes tiene una red de v\u00ednculos hist\u00f3ricos de poder de poder con la Cuarta Transformaci\u00f3n a nivel nacional, estatal, municipal y de territorio que sean determinantes para ganar la candidatura? hasta ahora, hay alguien.<\/div>\n<\/div>\n<div class=\"x14z9mp xat24cr x1lziwak x1vvkbs xtlvy1s x126k92a\">\n<div dir=\"auto\">\u00bfQui\u00e9n tiene un proyecto de futuro para Reynosa basado en nuestras vocaciones geogr\u00e1ficas, aspiracionales y fundamentado en nuestras tradiciones y estructura econ\u00f3mica? Hasta ahora, nadie.. y peor, no lo entienden.<\/div>\n<\/div>\n<div class=\"x14z9mp xat24cr x1lziwak x1vvkbs xtlvy1s x126k92a\">\n<div dir=\"auto\">Estad\u00edsticamente hablando, si hacemos una extrapolaci\u00f3n temporal de los votos obtenidos por algunos de los precandidatos y su acci\u00f3n pol\u00edtica, \u00bfqui\u00e9n tiene la capacidad de captar el voto inercial de Morena pero, adem\u00e1s, de capturar nuevos votos que el desgaste social del partido ha perdido? Hasta ahora, nadie.<\/div>\n<\/div>\n<div class=\"x14z9mp xat24cr x1lziwak x1vvkbs xtlvy1s x126k92a\">\n<div dir=\"auto\">Una pregunta m\u00e1s: \u00bfqui\u00e9n tiene la capacidad de ser l\u00edder de todos los dem\u00e1s candidatos para integrarlos en un solo proceso y ganar la mayor cantidad de votos posible? Hasta ahora, nadie.<\/div>\n<\/div>\n<div class=\"x14z9mp xat24cr x1lziwak x1vvkbs xtlvy1s x126k92a\">\n<div dir=\"auto\">Y si a eso le agregamos que Morena vive un proceso de descomposici\u00f3n \u2014s\u00ed, de descomposici\u00f3n\u2014, donde los grupos y grup\u00fasculos son mayor\u00eda y mutuamente se impiden cualquier tipo de crecimiento y acci\u00f3n pol\u00edtica.<\/div>\n<\/div>\n<div class=\"x14z9mp xat24cr x1lziwak x1vvkbs xtlvy1s x126k92a\">\n<div dir=\"auto\">Se hubiera supuesto que el alcalde ser\u00eda ese pivote para dar coherencia al proyecto pol\u00edtico que la ciudad enfrentar\u00e1; pero es precisamente uno de los principales elementos de conflicto, al tener una mentalidad tribal y responder solo a los lineamientos de su madre y no a los de Morena y sus aliados.<\/div>\n<\/div>\n<div class=\"x14z9mp xat24cr x1lziwak x1vvkbs xtlvy1s x126k92a\">\n<div dir=\"auto\">\u00bfSer\u00e1 el Gobierno de Tamaulipas el motor electoral de Reynosa? Obvio que no. \u00bfD\u00f3nde est\u00e1n las obras que sean ejemplo de resultados? En ninguna parte.<\/div>\n<\/div>\n<div class=\"x14z9mp xat24cr x1lziwak x1vvkbs xtlvy1s x126k92a\">\n<div dir=\"auto\">\u00bfSer\u00e1n los funcionarios estatales los s\u00faper motivados activistas del pr\u00f3ximo proceso electoral? No. No huelen ni hienden.<\/div>\n<\/div>\n<div class=\"x14z9mp xat24cr x1lziwak x1vvkbs xtlvy1s x126k92a\">\n<div dir=\"auto\">Si escribimos los nombres de los aspirantes a alcalde, dentro del contexto que se plantea, nos damos cuenta de los grandes retos que Morena va a enfrentar\u2026 y eso sin contar el desgaste social por la inseguridad, los aparentes v\u00ednculos delincuenciales de actores pol\u00edticos de primera l\u00ednea, la falta de visi\u00f3n para construir candidaturas, prefiriendo nadar de muertito y hacer lo que siempre han hecho: depender de la suerte y de sus relaciones, llam\u00e9moslas \u00abinc\u00f3modas\u00bb y el no contar con los recursos econ\u00f3micos ni pol\u00edticos para afrontar el gran reto.<\/div>\n<\/div>\n<div class=\"x14z9mp xat24cr x1lziwak x1vvkbs xtlvy1s x126k92a\">\n<div dir=\"auto\">Mientras tanto, el equipo del ayuntamiento \u2014ese que tanto se puede criticar\u2014 s\u00ed hace la tarea frente a votantes que ya los conocen pero que los miran con indiferencia.<\/div>\n<\/div>\n<div class=\"x14z9mp xat24cr x1lziwak x1vvkbs xtlvy1s x126k92a\">\n<div dir=\"auto\">Ahora s\u00ed, \u00bfQui\u00e9n quiere y puede ser esa locomotora de votos?<\/div>\n<div dir=\"auto\">..<\/div>\n<div dir=\"auto\">Una \u00faltima pregunta: los del otro lado, \u00bfest\u00e1n peor?<\/div>\n<div dir=\"auto\">\u2026<\/div>\n<div dir=\"auto\">Y de colof\u00f3n, solo hay dos morenistas genuinos que legitimamente aspiran a la alcald\u00eda de Reynosa: Magali De\u00e1ndar y Marcelo Ol\u00e1n.<\/div>\n<div dir=\"auto\">&#8230;<\/div>\n<div dir=\"auto\">Y llama la atencion, un sindicalista que ahora es \u00abexquisito\u00bb.<\/div>\n<div dir=\"auto\">..<\/div>\n<div dir=\"auto\">aX<\/div>\n<div dir=\"auto\">&#8230;<\/div>\n<div dir=\"auto\">Con dedicatoria.<\/div>\n<\/div>\n","protected":false},"excerpt":{"rendered":"<p>REFLEXIONEMOS P0r Alexandro Garc\u00eda En cada elecci\u00f3n concurrente hay siempre un personaje que es la locomotora de votos que arrastra a los dem\u00e1s candidatos al triunfo. Reflexionemos. En la elecci\u00f3n anterior para alcalde de Reynosa, el motor de los votos fue la ahora Presidenta Claudia Sheinbaum. Ah\u00ed, la marca Morena demostr\u00f3 su poder\u00edo electoral y [&hellip;]<\/p>\n","protected":false},"author":1,"featured_media":222294,"comment_status":"closed","ping_status":"closed","sticky":false,"template":"","format":"standard","meta":{"footnotes":""},"categories":[16],"tags":[],"class_list":["post-222293","post","type-post","status-publish","format-standard","has-post-thumbnail","hentry","category-opinion"],"_links":{"self":[{"href":"https:\/\/www.elsinodaldetamaulipas.com.mx\/index.php?rest_route=\/wp\/v2\/posts\/222293","targetHints":{"allow":["GET"]}}],"collection":[{"href":"https:\/\/www.elsinodaldetamaulipas.com.mx\/index.php?rest_route=\/wp\/v2\/posts"}],"about":[{"href":"https:\/\/www.elsinodaldetamaulipas.com.mx\/index.php?rest_route=\/wp\/v2\/types\/post"}],"author":[{"embeddable":true,"href":"https:\/\/www.elsinodaldetamaulipas.com.mx\/index.php?rest_route=\/wp\/v2\/users\/1"}],"replies":[{"embeddable":true,"href":"https:\/\/www.elsinodaldetamaulipas.com.mx\/index.php?rest_route=%2Fwp%2Fv2%2Fcomments&post=222293"}],"version-history":[{"count":3,"href":"https:\/\/www.elsinodaldetamaulipas.com.mx\/index.php?rest_route=\/wp\/v2\/posts\/222293\/revisions"}],"predecessor-version":[{"id":222297,"href":"https:\/\/www.elsinodaldetamaulipas.com.mx\/index.php?rest_route=\/wp\/v2\/posts\/222293\/revisions\/222297"}],"wp:featuredmedia":[{"embeddable":true,"href":"https:\/\/www.elsinodaldetamaulipas.com.mx\/index.php?rest_route=\/wp\/v2\/media\/222294"}],"wp:attachment":[{"href":"https:\/\/www.elsinodaldetamaulipas.com.mx\/index.php?rest_route=%2Fwp%2Fv2%2Fmedia&parent=222293"}],"wp:term":[{"taxonomy":"category","embeddable":true,"href":"https:\/\/www.elsinodaldetamaulipas.com.mx\/index.php?rest_route=%2Fwp%2Fv2%2Fcategories&post=222293"},{"taxonomy":"post_tag","embeddable":true,"href":"https:\/\/www.elsinodaldetamaulipas.com.mx\/index.php?rest_route=%2Fwp%2Fv2%2Ftags&post=222293"}],"curies":[{"name":"wp","href":"https:\/\/api.w.org\/{rel}","templated":true}]}}