{"id":222298,"date":"2026-05-01T14:55:46","date_gmt":"2026-05-01T18:55:46","guid":{"rendered":"https:\/\/www.elsinodaldetamaulipas.com.mx\/?p=222298"},"modified":"2026-05-01T14:55:46","modified_gmt":"2026-05-01T18:55:46","slug":"blindaje-y-desafio-a-eua","status":"publish","type":"post","link":"https:\/\/www.elsinodaldetamaulipas.com.mx\/?p=222298","title":{"rendered":"-BLINDAJE Y DESAFIO A EUA-"},"content":{"rendered":"<p>&nbsp;<\/p>\n<div id=\"brxe-xlodoh\" class=\"brxe-post-meta single__meta post-meta\"><span class=\"item\">abril 30, 2026<\/span><\/div>\n<div id=\"brxe-ciefpk\" class=\"brxe-post-content post__content_text\">\n<p>\u201cNO HAY NADA QUE TEMER\u201d fue la frase con la cual la Presidenta CLAUDIA SHEINBAUM PARDO, pretendi\u00f3 ayer sepultar toda duda y margen de sospecha contra el Gobernador de Sinaloa. RUBEN ROCHA MOYA.<br \/>\n\u00bfQUIEN ASESORA A LA PRESIDENTA? Es una pregunta que desde hace tiempo fascina la curiosidad de muchos, que han dado puntual seguimiento a los yerros y desafortunados episodios, en donde el Movimiento de la Cuarta Transformaci\u00f3n ha quedado descolocado a partir de m\u00faltiples se\u00f1alamientos de EUA.<br \/>\n\u201cPRUEBAS, PRUEBAS\u201d RECLAMA el Gobierno Federal a Estados Unidos ante el proceso iniciado en contra de RUBEN ROCHA en una Corte Federal en Manhattan y enjuiciar a uno de los Pr\u00edncipes de Morena.<br \/>\nLA DECISION DE BLINDAR Y ENCUBRIR con una defensa insostenible al Gobernador de Sinaloa, ha sido una desafortunada decisi\u00f3n de la Presidenta CLAUDIA SHEINBAUM, quien pudo negociar la licencia de ROCHA MOYA y atemperar la crisis, pero ahora nuevamente se envuelve el discurso en la bandera nacional e invocar \u201csoberan\u00eda\u201d.<br \/>\nSOLO QUE HAY VARIOS puntos que parece que en la decisi\u00f3n de desafiar a DONALD TRUMP no se toman en cuenta. La v\u00edspera de negociaci\u00f3n del Tratado de Libre Comercio. Faltan 42 dias para el Mundial de Futbol.<br \/>\nAUN MAS GRAVE. En el intento de matizar el escandalo grave. Se olvida el riesgo de que asi como ocurri\u00f3 con NICOLAS MADURO, en alg\u00fan momento un comando de elite de EUA venga por RUBEN ROCHA MOYA y se lo lleven a Estados Unidos. \u00bfAlguien se acuerda de ISMAEL ZAMBADA \u201cEL MAYO? Recuerden como se lo llevaron.<br \/>\nROCHA MOYA es de sumo valor capital en este momento para el Movimiento y para LOPEZ OBRADOR si llega a caer en manos de Estados Unidos seria el final para todos ellos. Tal vez la cuenta regresiva ya est\u00e1 en marcha.<br \/>\nMENOS DE UNA SEMANA despu\u00e9s de que un joven de 17 a\u00f1os fuera alcanzando por una bala perdida en un intercambio de metralla entre la Guardia Estatal y civiles. Ayer otra joven estudiante qued\u00f3 en medio de una l\u00ednea de fuego y minutos despu\u00e9s de un ataque armado contra un conductor en Boulevard Hidalgo, perdi\u00f3 la vida.<br \/>\nEN AMBOS CASOS los dos j\u00f3venes fallecieron por causa de unas balas, que hoy se disparan a cualquier hora del dia y en donde sea sin consideraci\u00f3n alguna ni respeto a vidas inocentes.<br \/>\nEL ALCALDE DE REYNOSA como siempre sali\u00f3 nervioso a convencer que todo es causa de cr\u00edmenes cometidos por la negativa de pago de extorsiones, culpando al gobierno estatal y federal de la inseguridad en Reynosa.<br \/>\nREYNOSA LA CIUDAD CON LA MAYOR PERCEPCION DE MIEDO de sus habitantes, y en donde la autoridad municipal NO ES RESPONSABLE de nada.<br \/>\nCULPA A LA FISCALIA del Estado- sin \u00e1nimo de defensa- culpa al Fiscal JESUS GOVEA OROZCO. Convenenciero como ha sido siempre. MAKITO tira la piedra y esconde la mano. Dolosamente culpa a la Fiscal\u00eda Estatal y exime a la Federal.<br \/>\nPARECE OLVIDAR O DESEA asi sea. Que el Delito de Extorsi\u00f3n es del Fuero Federal, con la misma vehemencia con que culpa a la Fiscal\u00eda Estatal debiera exigirle a la Fiscal\u00eda Federal.<br \/>\nSOLO QUE TAMBIEN el tema de la inseguridad no es culpa de ni una ni otra Fiscal\u00eda, es principalmente culpa de la indolencia, ausencia de coordinaci\u00f3n y trabajo conjunto en materia de seguridad entre los tres \u00f3rdenes de gobierno. \u00bfAsi o m\u00e1s Claro?<br \/>\nHOY ES DIA DEL TRABAJO. En Reynosa se espera la celebraci\u00f3n como es ya una tradici\u00f3n de un nutrido desfile obrero.<br \/>\nREYNALDO GARZA ELIZONDO. Secretario General de la Federacion de Trabajadores de Reynosa presidir\u00e1 este evento obrero, en donde seguramente habr\u00e1 que tomar nota de las expresiones de los trabajadores en sus demandas.<br \/>\n\u201cLA MANTOCRACIA\u201d es la forma eficaz como se expresan los trabajadores y nos adelantaron en esta semana, que habr\u00e1 interesantes expresiones durante la marcha obrera.<\/p>\n<\/div>\n","protected":false},"excerpt":{"rendered":"<p>&nbsp; abril 30, 2026 \u201cNO HAY NADA QUE TEMER\u201d fue la frase con la cual la Presidenta CLAUDIA SHEINBAUM PARDO, pretendi\u00f3 ayer sepultar toda duda y margen de sospecha contra el Gobernador de Sinaloa. RUBEN ROCHA MOYA. \u00bfQUIEN ASESORA A LA PRESIDENTA? Es una pregunta que desde hace tiempo fascina la curiosidad de muchos, que [&hellip;]<\/p>\n","protected":false},"author":1,"featured_media":212074,"comment_status":"closed","ping_status":"closed","sticky":false,"template":"","format":"standard","meta":{"footnotes":""},"categories":[16],"tags":[],"class_list":["post-222298","post","type-post","status-publish","format-standard","has-post-thumbnail","hentry","category-opinion"],"_links":{"self":[{"href":"https:\/\/www.elsinodaldetamaulipas.com.mx\/index.php?rest_route=\/wp\/v2\/posts\/222298","targetHints":{"allow":["GET"]}}],"collection":[{"href":"https:\/\/www.elsinodaldetamaulipas.com.mx\/index.php?rest_route=\/wp\/v2\/posts"}],"about":[{"href":"https:\/\/www.elsinodaldetamaulipas.com.mx\/index.php?rest_route=\/wp\/v2\/types\/post"}],"author":[{"embeddable":true,"href":"https:\/\/www.elsinodaldetamaulipas.com.mx\/index.php?rest_route=\/wp\/v2\/users\/1"}],"replies":[{"embeddable":true,"href":"https:\/\/www.elsinodaldetamaulipas.com.mx\/index.php?rest_route=%2Fwp%2Fv2%2Fcomments&post=222298"}],"version-history":[{"count":1,"href":"https:\/\/www.elsinodaldetamaulipas.com.mx\/index.php?rest_route=\/wp\/v2\/posts\/222298\/revisions"}],"predecessor-version":[{"id":222299,"href":"https:\/\/www.elsinodaldetamaulipas.com.mx\/index.php?rest_route=\/wp\/v2\/posts\/222298\/revisions\/222299"}],"wp:featuredmedia":[{"embeddable":true,"href":"https:\/\/www.elsinodaldetamaulipas.com.mx\/index.php?rest_route=\/wp\/v2\/media\/212074"}],"wp:attachment":[{"href":"https:\/\/www.elsinodaldetamaulipas.com.mx\/index.php?rest_route=%2Fwp%2Fv2%2Fmedia&parent=222298"}],"wp:term":[{"taxonomy":"category","embeddable":true,"href":"https:\/\/www.elsinodaldetamaulipas.com.mx\/index.php?rest_route=%2Fwp%2Fv2%2Fcategories&post=222298"},{"taxonomy":"post_tag","embeddable":true,"href":"https:\/\/www.elsinodaldetamaulipas.com.mx\/index.php?rest_route=%2Fwp%2Fv2%2Ftags&post=222298"}],"curies":[{"name":"wp","href":"https:\/\/api.w.org\/{rel}","templated":true}]}}