{"id":222306,"date":"2026-05-01T15:10:14","date_gmt":"2026-05-01T19:10:14","guid":{"rendered":"https:\/\/www.elsinodaldetamaulipas.com.mx\/?p=222306"},"modified":"2026-05-01T15:10:14","modified_gmt":"2026-05-01T19:10:14","slug":"senales-que-marcan-el-rumbo","status":"publish","type":"post","link":"https:\/\/www.elsinodaldetamaulipas.com.mx\/?p=222306","title":{"rendered":"SE\u00d1ALES QUE MARCAN EL RUMBO"},"content":{"rendered":"<p>POR LA LIBRE<\/p>\n<section class=\"block-wrapper\">\n<div class=\"container\">\n<div class=\"row\">\n<div class=\"col-sm-8 sticky\">\n<div class=\"theiaStickySidebar\">\n<div id=\"single\" class=\"block-content\">\n<article class=\"single-post-box\">\n<div class=\"post-content\">\n<p>Por Edelmira Cerecedo Garc\u00eca.<\/p>\n<p>Hay mensajes que parecen de protocolo\u2026 hasta que los lees con calma y entiendes lo que realmente est\u00e1n diciendo entre l\u00edneas. El saludo del gobernador Am\u00e9rico Villarreal Anaya a Santiago Nieto no es solo cortes\u00eda pol\u00edtica: es una se\u00f1al de alineaci\u00f3n, de proyecto y de rumbo.<br \/>\nQue el titular del Instituto Mexicano de la Propiedad Industrial visite Tamaulipas por invitaci\u00f3n de la Universidad Aut\u00f3noma de Tamaulipas no es menor. Habla de una entidad que no se queda en la inercia, que abre espacios para la discusi\u00f3n t\u00e9cnica, jur\u00eddica y econ\u00f3mica, pero sobre todo, que entiende que el desarrollo tambi\u00e9n pasa por la innovaci\u00f3n, la legalidad y la protecci\u00f3n del talento.<br \/>\nEn tiempos donde la pol\u00edtica suele fragmentarse en intereses y protagonismos, el mensaje del gobernador apunta a lo contrario: coordinaci\u00f3n. La referencia directa a la Cuarta Transformaci\u00f3n no es casual, es una postura clara de pertenencia a un modelo de gobierno que apuesta por la cercan\u00eda institucional y la coherencia en la toma de decisiones.<br \/>\nY ah\u00ed est\u00e1 el fondo del asunto: cuando se habla de colaboraci\u00f3n \u201cfirme y con resultados\u201d, la exigencia sube. Porque ya no basta con la narrativa; lo que sigue es traducir estos encuentros en beneficios concretos para la gente. M\u00e1s inversi\u00f3n, m\u00e1s certeza jur\u00eddica, m\u00e1s oportunidades para quienes emprenden y crean.<br \/>\nTamaulipas, bajo esta l\u00f3gica, busca colocarse no solo como espectador, sino como protagonista en la din\u00e1mica nacional. Y eso implica algo m\u00e1s que discursos: implica continuidad, disciplina pol\u00edtica y una visi\u00f3n que entienda que el futuro no se improvisa, se construye\u2026 y se coordina.<br \/>\nAl final, el mensaje es sencillo, pero potente: cuando las instituciones se hablan, se respetan y trabajan juntas, el desarrollo deja de ser promesa y empieza a tomar forma. Y ah\u00ed, justo ah\u00ed, es donde se empieza a medir el verdadero peso de un gobierno.<\/p>\n<\/div>\n<\/article>\n<\/div>\n<\/div>\n<\/div>\n<\/div>\n<\/div>\n<\/section>\n","protected":false},"excerpt":{"rendered":"<p>POR LA LIBRE Por Edelmira Cerecedo Garc\u00eca. Hay mensajes que parecen de protocolo\u2026 hasta que los lees con calma y entiendes lo que realmente est\u00e1n diciendo entre l\u00edneas. El saludo del gobernador Am\u00e9rico Villarreal Anaya a Santiago Nieto no es solo cortes\u00eda pol\u00edtica: es una se\u00f1al de alineaci\u00f3n, de proyecto y de rumbo. Que el [&hellip;]<\/p>\n","protected":false},"author":1,"featured_media":216109,"comment_status":"closed","ping_status":"closed","sticky":false,"template":"","format":"standard","meta":{"footnotes":""},"categories":[16],"tags":[],"class_list":["post-222306","post","type-post","status-publish","format-standard","has-post-thumbnail","hentry","category-opinion"],"_links":{"self":[{"href":"https:\/\/www.elsinodaldetamaulipas.com.mx\/index.php?rest_route=\/wp\/v2\/posts\/222306","targetHints":{"allow":["GET"]}}],"collection":[{"href":"https:\/\/www.elsinodaldetamaulipas.com.mx\/index.php?rest_route=\/wp\/v2\/posts"}],"about":[{"href":"https:\/\/www.elsinodaldetamaulipas.com.mx\/index.php?rest_route=\/wp\/v2\/types\/post"}],"author":[{"embeddable":true,"href":"https:\/\/www.elsinodaldetamaulipas.com.mx\/index.php?rest_route=\/wp\/v2\/users\/1"}],"replies":[{"embeddable":true,"href":"https:\/\/www.elsinodaldetamaulipas.com.mx\/index.php?rest_route=%2Fwp%2Fv2%2Fcomments&post=222306"}],"version-history":[{"count":1,"href":"https:\/\/www.elsinodaldetamaulipas.com.mx\/index.php?rest_route=\/wp\/v2\/posts\/222306\/revisions"}],"predecessor-version":[{"id":222307,"href":"https:\/\/www.elsinodaldetamaulipas.com.mx\/index.php?rest_route=\/wp\/v2\/posts\/222306\/revisions\/222307"}],"wp:featuredmedia":[{"embeddable":true,"href":"https:\/\/www.elsinodaldetamaulipas.com.mx\/index.php?rest_route=\/wp\/v2\/media\/216109"}],"wp:attachment":[{"href":"https:\/\/www.elsinodaldetamaulipas.com.mx\/index.php?rest_route=%2Fwp%2Fv2%2Fmedia&parent=222306"}],"wp:term":[{"taxonomy":"category","embeddable":true,"href":"https:\/\/www.elsinodaldetamaulipas.com.mx\/index.php?rest_route=%2Fwp%2Fv2%2Fcategories&post=222306"},{"taxonomy":"post_tag","embeddable":true,"href":"https:\/\/www.elsinodaldetamaulipas.com.mx\/index.php?rest_route=%2Fwp%2Fv2%2Ftags&post=222306"}],"curies":[{"name":"wp","href":"https:\/\/api.w.org\/{rel}","templated":true}]}}