{"id":222313,"date":"2026-05-01T15:56:07","date_gmt":"2026-05-01T19:56:07","guid":{"rendered":"https:\/\/www.elsinodaldetamaulipas.com.mx\/?p=222313"},"modified":"2026-05-01T15:56:07","modified_gmt":"2026-05-01T19:56:07","slug":"destacan-avances-de-registro-de-la-propiedad","status":"publish","type":"post","link":"https:\/\/www.elsinodaldetamaulipas.com.mx\/?p=222313","title":{"rendered":"DESTACAN AVANCES DE REGISTRO DE LA PROPIEDAD"},"content":{"rendered":"<p><em><strong>EL SINODAL DE TAMAULIPAS<\/strong><\/em><\/p>\n<p>Reynosa, Tamaulipas.- La oficina local del Registro P\u00fablico de la Propiedad en Reynosa consign\u00f3 un incremento en su actividad operativa durante el periodo de febrero a abril de 2026, de acuerdo con informaci\u00f3n dada a conocer por el Colegio de Notarios del Estado de Tamaulipas.<\/p>\n<p>&nbsp;<\/p>\n<p>Durante el lapso, se atendieron un total de 14,501 documentos, cifra que refleja el volumen de trabajo gestionado por la dependencia. Seg\u00fan el organismo notarial, estos resultados est\u00e1n asociados a ajustes en los procesos internos y a una mejora en los tiempos de respuesta hacia usuarios y fedatarios.<\/p>\n<p>&nbsp;<\/p>\n<p>Reconoci\u00f3 el Colegio de Notarios que estos avances inciden en el funcionamiento del sistema registral, particularmente en lo relacionado con la seguridad jur\u00eddica en operaciones inmobiliarias y patrimoniales en la regi\u00f3n.<\/p>\n<p>&nbsp;<\/p>\n<p>Cit\u00f3 el Presidente del Colegio de Notarios de Reynosa, C\u00e9sar Amilcar L\u00f3pez Gonz\u00e1lez, la disposici\u00f3n de mantener coordinaci\u00f3n con las autoridades registrales, con el objetivo de dar continuidad a las mejoras en el servicio y su impacto en la atenci\u00f3n a la ciudadan\u00eda.<\/p>\n<p>&nbsp;<\/p>\n<p>De igual manera, el organismo hizo referencia a la gesti\u00f3n administrativa en la oficina local del Registro P\u00fablico, a cargo de Magali Marroqu\u00edn Mendoza, as\u00ed como a la coordinaci\u00f3n general encabezada por el Director General, Armando De La Cruz Alc\u00e1ntar, en el contexto de las acciones implementadas para agilizar tr\u00e1mites y reducir rezagos.<\/p>\n<p>&nbsp;<\/p>\n<p>El abogado L\u00f3pez Gonz\u00e1lez tambi\u00e9n indic\u00f3 que, ante el crecimiento en la demanda de servicios registrales, persiste la necesidad de fortalecer la capacidad operativa, mediante la incorporaci\u00f3n de personal y la actualizaci\u00f3n de herramientas tecnol\u00f3gicas.<\/p>\n","protected":false},"excerpt":{"rendered":"<p>EL SINODAL DE TAMAULIPAS Reynosa, Tamaulipas.- La oficina local del Registro P\u00fablico de la Propiedad en Reynosa consign\u00f3 un incremento en su actividad operativa durante el periodo de febrero a abril de 2026, de acuerdo con informaci\u00f3n dada a conocer por el Colegio de Notarios del Estado de Tamaulipas. &nbsp; Durante el lapso, se atendieron [&hellip;]<\/p>\n","protected":false},"author":1,"featured_media":222316,"comment_status":"closed","ping_status":"closed","sticky":false,"template":"","format":"standard","meta":{"footnotes":""},"categories":[1,2],"tags":[],"class_list":["post-222313","post","type-post","status-publish","format-standard","has-post-thumbnail","hentry","category-portada","category-reynosa"],"_links":{"self":[{"href":"https:\/\/www.elsinodaldetamaulipas.com.mx\/index.php?rest_route=\/wp\/v2\/posts\/222313","targetHints":{"allow":["GET"]}}],"collection":[{"href":"https:\/\/www.elsinodaldetamaulipas.com.mx\/index.php?rest_route=\/wp\/v2\/posts"}],"about":[{"href":"https:\/\/www.elsinodaldetamaulipas.com.mx\/index.php?rest_route=\/wp\/v2\/types\/post"}],"author":[{"embeddable":true,"href":"https:\/\/www.elsinodaldetamaulipas.com.mx\/index.php?rest_route=\/wp\/v2\/users\/1"}],"replies":[{"embeddable":true,"href":"https:\/\/www.elsinodaldetamaulipas.com.mx\/index.php?rest_route=%2Fwp%2Fv2%2Fcomments&post=222313"}],"version-history":[{"count":1,"href":"https:\/\/www.elsinodaldetamaulipas.com.mx\/index.php?rest_route=\/wp\/v2\/posts\/222313\/revisions"}],"predecessor-version":[{"id":222317,"href":"https:\/\/www.elsinodaldetamaulipas.com.mx\/index.php?rest_route=\/wp\/v2\/posts\/222313\/revisions\/222317"}],"wp:featuredmedia":[{"embeddable":true,"href":"https:\/\/www.elsinodaldetamaulipas.com.mx\/index.php?rest_route=\/wp\/v2\/media\/222316"}],"wp:attachment":[{"href":"https:\/\/www.elsinodaldetamaulipas.com.mx\/index.php?rest_route=%2Fwp%2Fv2%2Fmedia&parent=222313"}],"wp:term":[{"taxonomy":"category","embeddable":true,"href":"https:\/\/www.elsinodaldetamaulipas.com.mx\/index.php?rest_route=%2Fwp%2Fv2%2Fcategories&post=222313"},{"taxonomy":"post_tag","embeddable":true,"href":"https:\/\/www.elsinodaldetamaulipas.com.mx\/index.php?rest_route=%2Fwp%2Fv2%2Ftags&post=222313"}],"curies":[{"name":"wp","href":"https:\/\/api.w.org\/{rel}","templated":true}]}}