{"id":222314,"date":"2026-05-01T15:23:10","date_gmt":"2026-05-01T19:23:10","guid":{"rendered":"https:\/\/www.elsinodaldetamaulipas.com.mx\/?p=222314"},"modified":"2026-05-01T15:23:10","modified_gmt":"2026-05-01T19:23:10","slug":"nuevas-carreras-uat-del-futuro","status":"publish","type":"post","link":"https:\/\/www.elsinodaldetamaulipas.com.mx\/?p=222314","title":{"rendered":"NUEVAS CARRERAS UAT DEL FUTURO"},"content":{"rendered":"<p>&nbsp;<\/p>\n<p>La Universidad Aut\u00f3noma de Tamaulipas (UAT), bajo la administraci\u00f3n del rector D\u00e1maso Anaya Alvarado, avanza hacia una nueva etapa de transformaci\u00f3n acad\u00e9mica con la incorporaci\u00f3n de dos programas estrat\u00e9gicos: la Licenciatura en Inform\u00e1tica e Inteligencia Artificial y la Licenciatura en Gesti\u00f3n y Anal\u00edtica de Datos, que iniciar\u00e1n en el ciclo escolar agosto-diciembre 2026.<\/p>\n<p>Esta decisi\u00f3n representa una respuesta institucional a los cambios tecnol\u00f3gicos, econ\u00f3micos y laborales que est\u00e1n redefiniendo el futuro de la docencia, la academia, la investigaci\u00f3n y las profesiones.<\/p>\n<p>El rector D\u00e1maso Anaya ha se\u00f1alado que estas nuevas opciones forman parte de una apertura de programas educativos orientada a atender las demandas del desarrollo regional y las necesidades de los sectores productivos.<\/p>\n<p>En ese sentido, la UAT busca ofrecer a los j\u00f3venes tamaulipecos carreras pertinentes, modernas y vinculadas con los retos del mercado laboral.<\/p>\n<p>La inteligencia artificial, la automatizaci\u00f3n, el an\u00e1lisis de informaci\u00f3n estrat\u00e9gica y el manejo de grandes vol\u00famenes de datos se han convertido en herramientas centrales para la competitividad empresarial, la innovaci\u00f3n institucional y la toma de decisiones p\u00fablicas y privadas.<\/p>\n<p>El futuro de la docencia estar\u00e1 marcado por la integraci\u00f3n de tecnolog\u00edas inteligentes en los procesos educativos.<\/p>\n<p>Los docentes deber\u00e1n actualizar sus m\u00e9todos, incorporar plataformas digitales, promover el pensamiento cr\u00edtico y formar estudiantes capaces de interactuar con sistemas automatizados sin perder el sentido \u00e9tico, social y humano del conocimiento.<\/p>\n<p>La ense\u00f1anza universitaria ya no podr\u00e1 limitarse a transmitir informaci\u00f3n, sino que deber\u00e1 orientar a los alumnos en el uso responsable de la inteligencia artificial, la interpretaci\u00f3n de datos y la soluci\u00f3n de problemas reales.<\/p>\n<p>En el \u00e1mbito acad\u00e9mico, estas nuevas licenciaturas fortalecen la capacidad de la Universidad para adaptarse a las transformaciones del conocimiento. La academia del futuro ser\u00e1 interdisciplinaria, flexible y estrechamente relacionada con los sectores productivos, gubernamentales y sociales.<\/p>\n<p>La formaci\u00f3n en inform\u00e1tica, inteligencia artificial y anal\u00edtica de datos permitir\u00e1 construir nuevas l\u00edneas de especializaci\u00f3n vinculadas con la econom\u00eda digital, la administraci\u00f3n inteligente, la log\u00edstica, el comercio, la industria, los servicios y la gesti\u00f3n p\u00fablica.<\/p>\n<p>La investigaci\u00f3n tambi\u00e9n se ver\u00e1 beneficiada. El manejo de big data y el uso de algoritmos avanzados abrir\u00e1n posibilidades para estudiar fen\u00f3menos econ\u00f3micos, sociales, educativos y empresariales con mayor precisi\u00f3n.<\/p>\n<p>En regiones como Tamaulipas, estas herramientas pueden contribuir al an\u00e1lisis del desarrollo regional, la movilidad humana, la seguridad, la productividad, el comercio exterior y la planeaci\u00f3n estrat\u00e9gica. As\u00ed, la Universidad no solo formar\u00e1 profesionistas, sino tambi\u00e9n generadores de conocimiento \u00fatil para la sociedad.<\/p>\n<p>Finalmente, las profesiones del futuro demandar\u00e1n perfiles capaces de combinar habilidades t\u00e9cnicas con visi\u00f3n anal\u00edtica, creatividad, liderazgo y responsabilidad \u00e9tica.<\/p>\n<p>Los egresados de estas nuevas carreras podr\u00e1n participar en la automatizaci\u00f3n de procesos, el dise\u00f1o de soluciones tecnol\u00f3gicas, la gesti\u00f3n de datos y la toma de decisiones estrat\u00e9gicas. Con esta apertura educativa, la UAT reafirma su compromiso con una formaci\u00f3n de vanguardia, pertinente para Tamaulipas y alineada con los grandes cambios del siglo XXI.<\/p>\n","protected":false},"excerpt":{"rendered":"<p>&nbsp; La Universidad Aut\u00f3noma de Tamaulipas (UAT), bajo la administraci\u00f3n del rector D\u00e1maso Anaya Alvarado, avanza hacia una nueva etapa de transformaci\u00f3n acad\u00e9mica con la incorporaci\u00f3n de dos programas estrat\u00e9gicos: la Licenciatura en Inform\u00e1tica e Inteligencia Artificial y la Licenciatura en Gesti\u00f3n y Anal\u00edtica de Datos, que iniciar\u00e1n en el ciclo escolar agosto-diciembre 2026. Esta [&hellip;]<\/p>\n","protected":false},"author":1,"featured_media":213891,"comment_status":"closed","ping_status":"closed","sticky":false,"template":"","format":"standard","meta":{"footnotes":""},"categories":[16],"tags":[],"class_list":["post-222314","post","type-post","status-publish","format-standard","has-post-thumbnail","hentry","category-opinion"],"_links":{"self":[{"href":"https:\/\/www.elsinodaldetamaulipas.com.mx\/index.php?rest_route=\/wp\/v2\/posts\/222314","targetHints":{"allow":["GET"]}}],"collection":[{"href":"https:\/\/www.elsinodaldetamaulipas.com.mx\/index.php?rest_route=\/wp\/v2\/posts"}],"about":[{"href":"https:\/\/www.elsinodaldetamaulipas.com.mx\/index.php?rest_route=\/wp\/v2\/types\/post"}],"author":[{"embeddable":true,"href":"https:\/\/www.elsinodaldetamaulipas.com.mx\/index.php?rest_route=\/wp\/v2\/users\/1"}],"replies":[{"embeddable":true,"href":"https:\/\/www.elsinodaldetamaulipas.com.mx\/index.php?rest_route=%2Fwp%2Fv2%2Fcomments&post=222314"}],"version-history":[{"count":1,"href":"https:\/\/www.elsinodaldetamaulipas.com.mx\/index.php?rest_route=\/wp\/v2\/posts\/222314\/revisions"}],"predecessor-version":[{"id":222315,"href":"https:\/\/www.elsinodaldetamaulipas.com.mx\/index.php?rest_route=\/wp\/v2\/posts\/222314\/revisions\/222315"}],"wp:featuredmedia":[{"embeddable":true,"href":"https:\/\/www.elsinodaldetamaulipas.com.mx\/index.php?rest_route=\/wp\/v2\/media\/213891"}],"wp:attachment":[{"href":"https:\/\/www.elsinodaldetamaulipas.com.mx\/index.php?rest_route=%2Fwp%2Fv2%2Fmedia&parent=222314"}],"wp:term":[{"taxonomy":"category","embeddable":true,"href":"https:\/\/www.elsinodaldetamaulipas.com.mx\/index.php?rest_route=%2Fwp%2Fv2%2Fcategories&post=222314"},{"taxonomy":"post_tag","embeddable":true,"href":"https:\/\/www.elsinodaldetamaulipas.com.mx\/index.php?rest_route=%2Fwp%2Fv2%2Ftags&post=222314"}],"curies":[{"name":"wp","href":"https:\/\/api.w.org\/{rel}","templated":true}]}}