{"id":222318,"date":"2026-05-01T16:14:37","date_gmt":"2026-05-01T20:14:37","guid":{"rendered":"https:\/\/www.elsinodaldetamaulipas.com.mx\/?p=222318"},"modified":"2026-05-01T16:14:37","modified_gmt":"2026-05-01T20:14:37","slug":"energico-reclamo-a-autoridades-ministeriales","status":"publish","type":"post","link":"https:\/\/www.elsinodaldetamaulipas.com.mx\/?p=222318","title":{"rendered":"EN\u00c9RGICO RECLAMO A AUTORIDADES MINISTERIALES"},"content":{"rendered":"<p><em><strong>Por Julio Manuel Loya Guzm\u00e1n\/EL SINODAL DE TAMAULIPAS<\/strong><\/em><\/p>\n<p>Cd. Victoria, Tamaulipas.\u2014 Ante la escalada de violencia y el aumento de robo a comercios, el Consejo Coordinador Empresarial de Reynosa (CCER) lanz\u00f3 un reclamo directo a las autoridades al advertir que las reuniones de seguridad \u201cno sirven\u201d si no se traducen en acciones visibles en las calles.<\/p>\n<p>&nbsp;<\/p>\n<p>El organismo conden\u00f3 los hechos recientes que han dejado v\u00edctimas inocentes, incluidos menores de edad, y calific\u00f3 la situaci\u00f3n como inaceptable.<\/p>\n<p>\u201cDe nada sirven reuniones de seguridad que no se traducen en acciones concretas y permanentes\u201d, se\u00f1al\u00f3 el sector empresarial, al exigir resultados inmediatos.<\/p>\n<p>&nbsp;<\/p>\n<p>Adem\u00e1s, alert\u00f3 que el incremento en los robos est\u00e1 golpeando no solo a los negocios, sino tambi\u00e9n al empleo y a la econom\u00eda de las familias en la ciudad.<\/p>\n<p>&nbsp;<\/p>\n<p>El CCER sostuvo que la seguridad no debe limitarse a discursos, sino reflejarse en la tranquilidad diaria de la poblaci\u00f3n. \u201cLa seguridad debe sentirse en la paz de la comunidad\u201d, subray\u00f3.<\/p>\n<p>&nbsp;<\/p>\n<p>Aunque reconoci\u00f3 la fortaleza de Reynosa como ciudad productiva, advirti\u00f3 que sin condiciones de seguridad no hay desarrollo posible.<\/p>\n<p>&nbsp;<\/p>\n<p>Los empresarios reiteraron su disposici\u00f3n a colaborar, pero insistieron en que se requieren acciones firmes y permanentes para recuperar la tranquilidad. \u201cReynosa necesita paz para avanzar\u201d, puntualizaron.<\/p>\n","protected":false},"excerpt":{"rendered":"<p>Por Julio Manuel Loya Guzm\u00e1n\/EL SINODAL DE TAMAULIPAS Cd. Victoria, Tamaulipas.\u2014 Ante la escalada de violencia y el aumento de robo a comercios, el Consejo Coordinador Empresarial de Reynosa (CCER) lanz\u00f3 un reclamo directo a las autoridades al advertir que las reuniones de seguridad \u201cno sirven\u201d si no se traducen en acciones visibles en las [&hellip;]<\/p>\n","protected":false},"author":1,"featured_media":222319,"comment_status":"closed","ping_status":"closed","sticky":false,"template":"","format":"standard","meta":{"footnotes":""},"categories":[1,2],"tags":[],"class_list":["post-222318","post","type-post","status-publish","format-standard","has-post-thumbnail","hentry","category-portada","category-reynosa"],"_links":{"self":[{"href":"https:\/\/www.elsinodaldetamaulipas.com.mx\/index.php?rest_route=\/wp\/v2\/posts\/222318","targetHints":{"allow":["GET"]}}],"collection":[{"href":"https:\/\/www.elsinodaldetamaulipas.com.mx\/index.php?rest_route=\/wp\/v2\/posts"}],"about":[{"href":"https:\/\/www.elsinodaldetamaulipas.com.mx\/index.php?rest_route=\/wp\/v2\/types\/post"}],"author":[{"embeddable":true,"href":"https:\/\/www.elsinodaldetamaulipas.com.mx\/index.php?rest_route=\/wp\/v2\/users\/1"}],"replies":[{"embeddable":true,"href":"https:\/\/www.elsinodaldetamaulipas.com.mx\/index.php?rest_route=%2Fwp%2Fv2%2Fcomments&post=222318"}],"version-history":[{"count":1,"href":"https:\/\/www.elsinodaldetamaulipas.com.mx\/index.php?rest_route=\/wp\/v2\/posts\/222318\/revisions"}],"predecessor-version":[{"id":222320,"href":"https:\/\/www.elsinodaldetamaulipas.com.mx\/index.php?rest_route=\/wp\/v2\/posts\/222318\/revisions\/222320"}],"wp:featuredmedia":[{"embeddable":true,"href":"https:\/\/www.elsinodaldetamaulipas.com.mx\/index.php?rest_route=\/wp\/v2\/media\/222319"}],"wp:attachment":[{"href":"https:\/\/www.elsinodaldetamaulipas.com.mx\/index.php?rest_route=%2Fwp%2Fv2%2Fmedia&parent=222318"}],"wp:term":[{"taxonomy":"category","embeddable":true,"href":"https:\/\/www.elsinodaldetamaulipas.com.mx\/index.php?rest_route=%2Fwp%2Fv2%2Fcategories&post=222318"},{"taxonomy":"post_tag","embeddable":true,"href":"https:\/\/www.elsinodaldetamaulipas.com.mx\/index.php?rest_route=%2Fwp%2Fv2%2Ftags&post=222318"}],"curies":[{"name":"wp","href":"https:\/\/api.w.org\/{rel}","templated":true}]}}