{"id":222329,"date":"2026-05-01T18:24:23","date_gmt":"2026-05-01T22:24:23","guid":{"rendered":"https:\/\/www.elsinodaldetamaulipas.com.mx\/?p=222329"},"modified":"2026-05-01T18:24:23","modified_gmt":"2026-05-01T22:24:23","slug":"iglesia-exige-justicia-para-jovencita-inmolada","status":"publish","type":"post","link":"https:\/\/www.elsinodaldetamaulipas.com.mx\/?p=222329","title":{"rendered":"IGLESIA EXIGE JUSTICIA PARA JOVENCITA INMOLADA"},"content":{"rendered":"<p><em><strong>Por Julio Manuel Loya Guzm\u00e1n\/EL SINODAL DE TAMAULIPAS<\/strong><\/em><\/p>\n<p>Reynosa, Tamaulipas.\u2014 La Iglesia cat\u00f3lica alz\u00f3 la voz ante la violencia que afecta a menores y j\u00f3venes en la ciudad, luego del asesinato de Camila, integrante de la pastoral juvenil de la Concatedral de Nuestra Se\u00f1ora de Guadalupe.<\/p>\n<p>&nbsp;<\/p>\n<p>En un mensaje emitido en el marco del D\u00eda del Ni\u00f1o, el p\u00e1rroco Francisco Gallardo L\u00f3pez, advirti\u00f3 que la celebraci\u00f3n se ve \u201censombrecida\u201d por la inseguridad que golpea a las familias. \u201cNo podemos guardar silencio ante esta realidad de violencia que nos afecta a todos\u201d, se\u00f1al\u00f3.<\/p>\n<p><img loading=\"lazy\" decoding=\"async\" class=\"aligncenter wp-image-222322 size-full\" src=\"https:\/\/www.elsinodaldetamaulipas.com.mx\/wp-content\/uploads\/2026\/05\/URGE-1.jpg\" alt=\"\" width=\"1080\" height=\"1556\" srcset=\"https:\/\/www.elsinodaldetamaulipas.com.mx\/wp-content\/uploads\/2026\/05\/URGE-1.jpg 1080w, https:\/\/www.elsinodaldetamaulipas.com.mx\/wp-content\/uploads\/2026\/05\/URGE-1-208x300.jpg 208w, https:\/\/www.elsinodaldetamaulipas.com.mx\/wp-content\/uploads\/2026\/05\/URGE-1-711x1024.jpg 711w, https:\/\/www.elsinodaldetamaulipas.com.mx\/wp-content\/uploads\/2026\/05\/URGE-1-768x1106.jpg 768w, https:\/\/www.elsinodaldetamaulipas.com.mx\/wp-content\/uploads\/2026\/05\/URGE-1-1066x1536.jpg 1066w\" sizes=\"auto, (max-width: 1080px) 100vw, 1080px\" \/><\/p>\n<p>El sacerdote describi\u00f3 a la v\u00edctima como una joven entusiasta, creyente y l\u00edder entre los j\u00f3venes, cuya muerte \u2014dijo\u2014 no es un hecho aislado.<\/p>\n<p>&nbsp;<\/p>\n<p>\u201cEs un llamado urgente a la conciencia\u201d, expres\u00f3.<\/p>\n<p>Gallardo L\u00f3pez pidi\u00f3 a la comunidad no ser indiferente y asumir responsabilidad ante la crisis de violencia.<\/p>\n<p>&nbsp;<\/p>\n<p>Llam\u00f3 a orar por los ni\u00f1os que viven en entornos de riesgo, acompa\u00f1ar a las familias afectadas y fortalecer la educaci\u00f3n en valores como el respeto y la reconciliaci\u00f3n.<\/p>\n<p>&nbsp;<\/p>\n<p>Tambi\u00e9n exhort\u00f3 a defender la vida y denunciar la injusticia. El p\u00e1rroco pidi\u00f3 por la familia de la joven y encomend\u00f3 a los menores, j\u00f3venes y familias a la protecci\u00f3n de la Virgen de Guadalupe.<\/p>\n","protected":false},"excerpt":{"rendered":"<p>Por Julio Manuel Loya Guzm\u00e1n\/EL SINODAL DE TAMAULIPAS Reynosa, Tamaulipas.\u2014 La Iglesia cat\u00f3lica alz\u00f3 la voz ante la violencia que afecta a menores y j\u00f3venes en la ciudad, luego del asesinato de Camila, integrante de la pastoral juvenil de la Concatedral de Nuestra Se\u00f1ora de Guadalupe. &nbsp; En un mensaje emitido en el marco del [&hellip;]<\/p>\n","protected":false},"author":1,"featured_media":222326,"comment_status":"closed","ping_status":"closed","sticky":false,"template":"","format":"standard","meta":{"footnotes":""},"categories":[1,2],"tags":[],"class_list":["post-222329","post","type-post","status-publish","format-standard","has-post-thumbnail","hentry","category-portada","category-reynosa"],"_links":{"self":[{"href":"https:\/\/www.elsinodaldetamaulipas.com.mx\/index.php?rest_route=\/wp\/v2\/posts\/222329","targetHints":{"allow":["GET"]}}],"collection":[{"href":"https:\/\/www.elsinodaldetamaulipas.com.mx\/index.php?rest_route=\/wp\/v2\/posts"}],"about":[{"href":"https:\/\/www.elsinodaldetamaulipas.com.mx\/index.php?rest_route=\/wp\/v2\/types\/post"}],"author":[{"embeddable":true,"href":"https:\/\/www.elsinodaldetamaulipas.com.mx\/index.php?rest_route=\/wp\/v2\/users\/1"}],"replies":[{"embeddable":true,"href":"https:\/\/www.elsinodaldetamaulipas.com.mx\/index.php?rest_route=%2Fwp%2Fv2%2Fcomments&post=222329"}],"version-history":[{"count":1,"href":"https:\/\/www.elsinodaldetamaulipas.com.mx\/index.php?rest_route=\/wp\/v2\/posts\/222329\/revisions"}],"predecessor-version":[{"id":222332,"href":"https:\/\/www.elsinodaldetamaulipas.com.mx\/index.php?rest_route=\/wp\/v2\/posts\/222329\/revisions\/222332"}],"wp:featuredmedia":[{"embeddable":true,"href":"https:\/\/www.elsinodaldetamaulipas.com.mx\/index.php?rest_route=\/wp\/v2\/media\/222326"}],"wp:attachment":[{"href":"https:\/\/www.elsinodaldetamaulipas.com.mx\/index.php?rest_route=%2Fwp%2Fv2%2Fmedia&parent=222329"}],"wp:term":[{"taxonomy":"category","embeddable":true,"href":"https:\/\/www.elsinodaldetamaulipas.com.mx\/index.php?rest_route=%2Fwp%2Fv2%2Fcategories&post=222329"},{"taxonomy":"post_tag","embeddable":true,"href":"https:\/\/www.elsinodaldetamaulipas.com.mx\/index.php?rest_route=%2Fwp%2Fv2%2Ftags&post=222329"}],"curies":[{"name":"wp","href":"https:\/\/api.w.org\/{rel}","templated":true}]}}