{"id":222330,"date":"2026-05-01T18:43:12","date_gmt":"2026-05-01T22:43:12","guid":{"rendered":"https:\/\/www.elsinodaldetamaulipas.com.mx\/?p=222330"},"modified":"2026-05-01T18:43:12","modified_gmt":"2026-05-01T22:43:12","slug":"trabajadores-de-telmex-de-firmes-convicciones","status":"publish","type":"post","link":"https:\/\/www.elsinodaldetamaulipas.com.mx\/?p=222330","title":{"rendered":"TRABAJADORES DE TELMEX, DE FIRMES CONVICCIONES"},"content":{"rendered":"<p><em><strong>Por Gil Vicente Galindo\/EL SINODAL DE TAMAULIPAS<\/strong><\/em><\/p>\n<blockquote><p>\u00a0\u00a0\u00a0\u00a0\u00a0\u00a0\u00a0\u00a0\u00a0\u00a0\u00a0\u00a0\u00a0\u00a0\u00a0 Reynosa, Tam.- Trabajadores sindicalizados de telefonistas en esta ciudad de Reynosa, cuya sede de la secci\u00f3n es <img loading=\"lazy\" decoding=\"async\" class=\"alignright wp-image-222334 size-large\" src=\"https:\/\/www.elsinodaldetamaulipas.com.mx\/wp-content\/uploads\/2026\/05\/TELEFONISTAS-2-1024x683.jpg\" alt=\"Julio Orozco, encabez\u00f3 la sesi\u00f3n-mitin del Sindicato de Telefonistas \" width=\"640\" height=\"427\" srcset=\"https:\/\/www.elsinodaldetamaulipas.com.mx\/wp-content\/uploads\/2026\/05\/TELEFONISTAS-2-1024x683.jpg 1024w, https:\/\/www.elsinodaldetamaulipas.com.mx\/wp-content\/uploads\/2026\/05\/TELEFONISTAS-2-300x200.jpg 300w, https:\/\/www.elsinodaldetamaulipas.com.mx\/wp-content\/uploads\/2026\/05\/TELEFONISTAS-2-768x512.jpg 768w, https:\/\/www.elsinodaldetamaulipas.com.mx\/wp-content\/uploads\/2026\/05\/TELEFONISTAS-2-1536x1024.jpg 1536w, https:\/\/www.elsinodaldetamaulipas.com.mx\/wp-content\/uploads\/2026\/05\/TELEFONISTAS-2.jpg 1600w\" sizes=\"auto, (max-width: 640px) 100vw, 640px\" \/>la No. 45 que dirige Julio Orozco Guevara, encabezaron el mitin para homenajear a los m\u00e1rtires de Chicago, Cananea y R\u00edo Blanco.<\/p><\/blockquote>\n<p>La asamblea mitin inicio a las nueve y minutos de la ma\u00f1ana de este viernes uno de mayo, ante la asistencia de la mayor\u00eda de sus integrantes, quienes apoyaron con su presencia, los puntos que exigen las organizaciones UNT, FASU y el propio sindicato de telefonistas.<\/p>\n<p>Entre los puntos que exhibieron en el manifiesto est\u00e1 la concertaci\u00f3n social, soberan\u00eda y desarrollo social, en materia laboral, igualdad sustantiva y combate a la discriminaci\u00f3n y en materia de justicia y defensa de los derechos humanos laborales.<\/p>\n<p>Al replicar el manifiesto que dio lectura el l\u00edder nacional de los telefonistas, Francisco Hern\u00e1ndez Ju\u00e1rez, se habl\u00f3 de la injustica contra el pueblo cubano por parte del presidente Donald Trump.<\/p>\n<p>Gobierne quien gobierne, el derecho laboral se defiende, el l\u00edder de la secci\u00f3n 45, Julio Orozco Guevara dijo que el sindicato es fuerte por sus trabajadores, no por el nombre del gremio, llamando a trabajar fuerte y con conciencia.<\/p>\n<p>Al final de la asamblea mitin, se tom\u00f3 la foto del recuerdo ante el logotipo del sindicato, la mayor\u00eda portando el color verde, Julio Orozco agradeci\u00f3 la presencia de sus compa\u00f1eros a quienes invito a un convivio ah\u00ed mismo en el edificio social de la colonia Ca\u00f1ada.<\/p>\n","protected":false},"excerpt":{"rendered":"<p>Por Gil Vicente Galindo\/EL SINODAL DE TAMAULIPAS \u00a0\u00a0\u00a0\u00a0\u00a0\u00a0\u00a0\u00a0\u00a0\u00a0\u00a0\u00a0\u00a0\u00a0\u00a0 Reynosa, Tam.- Trabajadores sindicalizados de telefonistas en esta ciudad de Reynosa, cuya sede de la secci\u00f3n es la No. 45 que dirige Julio Orozco Guevara, encabezaron el mitin para homenajear a los m\u00e1rtires de Chicago, Cananea y R\u00edo Blanco. La asamblea mitin inicio a las nueve y [&hellip;]<\/p>\n","protected":false},"author":1,"featured_media":222333,"comment_status":"closed","ping_status":"closed","sticky":false,"template":"","format":"standard","meta":{"footnotes":""},"categories":[1,2],"tags":[],"class_list":["post-222330","post","type-post","status-publish","format-standard","has-post-thumbnail","hentry","category-portada","category-reynosa"],"_links":{"self":[{"href":"https:\/\/www.elsinodaldetamaulipas.com.mx\/index.php?rest_route=\/wp\/v2\/posts\/222330","targetHints":{"allow":["GET"]}}],"collection":[{"href":"https:\/\/www.elsinodaldetamaulipas.com.mx\/index.php?rest_route=\/wp\/v2\/posts"}],"about":[{"href":"https:\/\/www.elsinodaldetamaulipas.com.mx\/index.php?rest_route=\/wp\/v2\/types\/post"}],"author":[{"embeddable":true,"href":"https:\/\/www.elsinodaldetamaulipas.com.mx\/index.php?rest_route=\/wp\/v2\/users\/1"}],"replies":[{"embeddable":true,"href":"https:\/\/www.elsinodaldetamaulipas.com.mx\/index.php?rest_route=%2Fwp%2Fv2%2Fcomments&post=222330"}],"version-history":[{"count":1,"href":"https:\/\/www.elsinodaldetamaulipas.com.mx\/index.php?rest_route=\/wp\/v2\/posts\/222330\/revisions"}],"predecessor-version":[{"id":222335,"href":"https:\/\/www.elsinodaldetamaulipas.com.mx\/index.php?rest_route=\/wp\/v2\/posts\/222330\/revisions\/222335"}],"wp:featuredmedia":[{"embeddable":true,"href":"https:\/\/www.elsinodaldetamaulipas.com.mx\/index.php?rest_route=\/wp\/v2\/media\/222333"}],"wp:attachment":[{"href":"https:\/\/www.elsinodaldetamaulipas.com.mx\/index.php?rest_route=%2Fwp%2Fv2%2Fmedia&parent=222330"}],"wp:term":[{"taxonomy":"category","embeddable":true,"href":"https:\/\/www.elsinodaldetamaulipas.com.mx\/index.php?rest_route=%2Fwp%2Fv2%2Fcategories&post=222330"},{"taxonomy":"post_tag","embeddable":true,"href":"https:\/\/www.elsinodaldetamaulipas.com.mx\/index.php?rest_route=%2Fwp%2Fv2%2Ftags&post=222330"}],"curies":[{"name":"wp","href":"https:\/\/api.w.org\/{rel}","templated":true}]}}