{"id":222343,"date":"2026-05-01T21:53:38","date_gmt":"2026-05-02T01:53:38","guid":{"rendered":"https:\/\/www.elsinodaldetamaulipas.com.mx\/?p=222343"},"modified":"2026-05-01T21:53:38","modified_gmt":"2026-05-02T01:53:38","slug":"reynosa-a-merced-de-las-lacras-de-la-delincuencia-organizada","status":"publish","type":"post","link":"https:\/\/www.elsinodaldetamaulipas.com.mx\/?p=222343","title":{"rendered":"REYNOSA A MERCED DE LAS \u00abLACRAS\u00bb DE LA DELINCUENCIA ORGANIZADA"},"content":{"rendered":"<p>POL\u00cdTICOS DE LOS TRES \u00d3RDENES DE GOBIERNO, AUTORIDADES DE SEGURIDAD: MARINA, EJ\u00c9RCITO NACIONAL, GUARDIA NACIONAL, GUARDIA ESTATAL Y SEGURIDAD P\u00daBLICA MUNICIPAL, CUANTO DEBEMOS ESPERAR PARA QU\u00c9 ACT\u00daEN*.<\/p>\n<p>&nbsp;<\/p>\n<p>Roel de los Santos (desaparecido), Manuel Ju\u00e1rez (ejecutado), Camila Lozano (Bala perdida), Jes\u00fas Eleazar Garza Gonz\u00e1lez\u00a0 (ejecutado)&#8230;<\/p>\n<p>&nbsp;<\/p>\n<p><strong>REYNOSA A MERCED DE LAS \u00abLACRAS\u00bb DE LA DELINCUENCIA ORGANIZADA<\/strong><\/p>\n<p>&nbsp;<\/p>\n<p>Reynosa Tamaulipas.\u00a0\u00a0\u00a0\u00a0\u00a0\u00a0\u00a0\u00a0\u00a0\u00a0\u00a0\u00a0 Mayo 2026<\/p>\n<p><img loading=\"lazy\" decoding=\"async\" class=\"aligncenter wp-image-222344 size-full\" src=\"https:\/\/www.elsinodaldetamaulipas.com.mx\/wp-content\/uploads\/2026\/05\/VISIONES-2.jpg\" alt=\"\" width=\"894\" height=\"487\" srcset=\"https:\/\/www.elsinodaldetamaulipas.com.mx\/wp-content\/uploads\/2026\/05\/VISIONES-2.jpg 894w, https:\/\/www.elsinodaldetamaulipas.com.mx\/wp-content\/uploads\/2026\/05\/VISIONES-2-300x163.jpg 300w, https:\/\/www.elsinodaldetamaulipas.com.mx\/wp-content\/uploads\/2026\/05\/VISIONES-2-768x418.jpg 768w\" sizes=\"auto, (max-width: 894px) 100vw, 894px\" \/><\/p>\n<p>Precisamente la sociedad se cre\u00f3 para evitar que rufianes sin escr\u00fapulos y bandoleros, abusaran de personas que deseaban vivir tranquilamente y en paz y con la finalidad de salvaguardar estos valores y principios.<\/p>\n<p>&nbsp;<\/p>\n<p>Hoy, parece ser que a nuestros pol\u00edticos y autoridades de seguridad se les olvida para que fueron electos, o designados, solamente desean ganar elecciones o mantenerse en el cargo para llenarse los bolsillos de dinero (d\u00f3lares, quienes vienen a la frontera).<\/p>\n<p>&nbsp;<\/p>\n<p>Hoy, Reynosa vive momentos complicados y tambi\u00e9n gran parte del pa\u00eds, aqu\u00ed incluso servimos de carne de ca\u00f1\u00f3n para todos los noticieros nacionales, que no se tientan el alma o coraz\u00f3n, (si es que tienen), con tal de ganar adeptos para su causa.<\/p>\n<p>&nbsp;<\/p>\n<p>En Reynosa Tamaulipas tenemos gente valiente, por la que emitimos nuestro voto y que ya deben tomar cartas en el asunto: Jos\u00e9 Ram\u00f3n G\u00f3mez Leal, Senador; Maki Ortiz, Senadora; Olga Juliana Elizondo,\u00a0 Diputada Federal; Claudia Hern\u00e1ndez, Diputada Federal; Casandra de los Santos,\u00a0 Diputada Federal;\u00a0 Am\u00e9rico Villarreal Anaya, Gobernador de Tamaulipas y Carlos Pe\u00f1a Ortiz, Alcalde de Reynosa.<\/p>\n<p>&nbsp;<\/p>\n<p>Estos delitos son perseguibles de oficio, no requieren denuncia ciudadana y s\u00ed no act\u00faan las autoridades de seguridad, no creo que la Secretar\u00eda de Gobernaci\u00f3n, la de Seguridad P\u00fablica o la propia Presidenta de la Rep\u00fablica, les vayan a negar una entrevista para solicitar su pronta actuaci\u00f3n.<\/p>\n<p>&nbsp;<\/p>\n<p>Agentes Aduanales, Antros, taqueros, Boleros, restaurantes, vendedores de Autos, Vendedores Ambulantes, lideres sindicales, gerentes de la industria maquiladora, etc&#8230; est\u00e1n siendo EXTORSIONADOS, \u00bfHasta Cuando?<\/p>\n<p>&nbsp;<\/p>\n<p>Quieren que Denunciemos: ESTO ES UNA DENUNCIA.<\/p>\n","protected":false},"excerpt":{"rendered":"<p>POL\u00cdTICOS DE LOS TRES \u00d3RDENES DE GOBIERNO, AUTORIDADES DE SEGURIDAD: MARINA, EJ\u00c9RCITO NACIONAL, GUARDIA NACIONAL, GUARDIA ESTATAL Y SEGURIDAD P\u00daBLICA MUNICIPAL, CUANTO DEBEMOS ESPERAR PARA QU\u00c9 ACT\u00daEN*. &nbsp; Roel de los Santos (desaparecido), Manuel Ju\u00e1rez (ejecutado), Camila Lozano (Bala perdida), Jes\u00fas Eleazar Garza Gonz\u00e1lez\u00a0 (ejecutado)&#8230; &nbsp; REYNOSA A MERCED DE LAS \u00abLACRAS\u00bb DE LA DELINCUENCIA [&hellip;]<\/p>\n","protected":false},"author":1,"featured_media":216458,"comment_status":"closed","ping_status":"closed","sticky":false,"template":"","format":"standard","meta":{"footnotes":""},"categories":[16,1],"tags":[],"class_list":["post-222343","post","type-post","status-publish","format-standard","has-post-thumbnail","hentry","category-opinion","category-portada"],"_links":{"self":[{"href":"https:\/\/www.elsinodaldetamaulipas.com.mx\/index.php?rest_route=\/wp\/v2\/posts\/222343","targetHints":{"allow":["GET"]}}],"collection":[{"href":"https:\/\/www.elsinodaldetamaulipas.com.mx\/index.php?rest_route=\/wp\/v2\/posts"}],"about":[{"href":"https:\/\/www.elsinodaldetamaulipas.com.mx\/index.php?rest_route=\/wp\/v2\/types\/post"}],"author":[{"embeddable":true,"href":"https:\/\/www.elsinodaldetamaulipas.com.mx\/index.php?rest_route=\/wp\/v2\/users\/1"}],"replies":[{"embeddable":true,"href":"https:\/\/www.elsinodaldetamaulipas.com.mx\/index.php?rest_route=%2Fwp%2Fv2%2Fcomments&post=222343"}],"version-history":[{"count":1,"href":"https:\/\/www.elsinodaldetamaulipas.com.mx\/index.php?rest_route=\/wp\/v2\/posts\/222343\/revisions"}],"predecessor-version":[{"id":222345,"href":"https:\/\/www.elsinodaldetamaulipas.com.mx\/index.php?rest_route=\/wp\/v2\/posts\/222343\/revisions\/222345"}],"wp:featuredmedia":[{"embeddable":true,"href":"https:\/\/www.elsinodaldetamaulipas.com.mx\/index.php?rest_route=\/wp\/v2\/media\/216458"}],"wp:attachment":[{"href":"https:\/\/www.elsinodaldetamaulipas.com.mx\/index.php?rest_route=%2Fwp%2Fv2%2Fmedia&parent=222343"}],"wp:term":[{"taxonomy":"category","embeddable":true,"href":"https:\/\/www.elsinodaldetamaulipas.com.mx\/index.php?rest_route=%2Fwp%2Fv2%2Fcategories&post=222343"},{"taxonomy":"post_tag","embeddable":true,"href":"https:\/\/www.elsinodaldetamaulipas.com.mx\/index.php?rest_route=%2Fwp%2Fv2%2Ftags&post=222343"}],"curies":[{"name":"wp","href":"https:\/\/api.w.org\/{rel}","templated":true}]}}