{"id":222352,"date":"2026-05-01T23:35:30","date_gmt":"2026-05-02T03:35:30","guid":{"rendered":"https:\/\/www.elsinodaldetamaulipas.com.mx\/?p=222352"},"modified":"2026-05-01T23:35:30","modified_gmt":"2026-05-02T03:35:30","slug":"colectivo-amor-por-los-desaparecidos-realiza-bloqueo","status":"publish","type":"post","link":"https:\/\/www.elsinodaldetamaulipas.com.mx\/?p=222352","title":{"rendered":"COLECTIVO AMOR POR LOS DESAPARECIDOS REALIZA BLOQUEO"},"content":{"rendered":"<p><img loading=\"lazy\" decoding=\"async\" class=\"aligncenter size-full wp-image-222354\" src=\"https:\/\/www.elsinodaldetamaulipas.com.mx\/wp-content\/uploads\/2026\/05\/BLOQUEO-2.jpg\" alt=\"\" width=\"894\" height=\"487\" srcset=\"https:\/\/www.elsinodaldetamaulipas.com.mx\/wp-content\/uploads\/2026\/05\/BLOQUEO-2.jpg 894w, https:\/\/www.elsinodaldetamaulipas.com.mx\/wp-content\/uploads\/2026\/05\/BLOQUEO-2-300x163.jpg 300w, https:\/\/www.elsinodaldetamaulipas.com.mx\/wp-content\/uploads\/2026\/05\/BLOQUEO-2-768x418.jpg 768w\" sizes=\"auto, (max-width: 894px) 100vw, 894px\" \/><\/p>\n<p>Por Julio Manuel Loya Guzm\u00e1n\/EL SINODAL DE TAMAULIPAS<\/p>\n<p>Reynosa, Tamaulipas.\u2014 Integrantes del colectivo \u201cAmor por los Desaparecidos en Tamaulipas\u201d realizaron este viernes primero de mayo, un bloqueo parcial en el bulevar Miguel Hidalgo, en esta ciudad, para exigir paz y justicia ante los recientes hechos de violencia que han sacudido a la ciudad.<\/p>\n<p>&nbsp;<\/p>\n<p>La protesta tuvo lugar en el cruce del bulevar Hidalgo y bulevar del Maestro, a la altura del monumento a Pemex, donde los manifestantes colocaron cartulinas con mensajes y lanzaron consignas en contra de la inseguridad.<\/p>\n<p>&nbsp;<\/p>\n<p>La movilizaci\u00f3n fue convocada a trav\u00e9s de redes sociales por Edith Gonz\u00e1lez Trevi\u00f1o, quien llam\u00f3 a la ciudadan\u00eda a sumarse a la exigencia colectiva de mayor seguridad para las familias reynosenses.<\/p>\n<p>&nbsp;<\/p>\n<p>\u201c\u00a1Basta de violencia! \u00a1Queremos paz, queremos a Reynosa viva!\u201d, expresaron los integrantes del colectivo, tras los hechos violentos registrados el pasado 30 de abril, que han generado indignaci\u00f3n y temor entre la poblaci\u00f3n.<\/p>\n<p>&nbsp;<\/p>\n<p>Aunque la asistencia fue menor a la esperada, la manifestaci\u00f3n se desarroll\u00f3 de manera pac\u00edfica y cont\u00f3 con la participaci\u00f3n de ciudadanos que se solidarizaron con la causa.<\/p>\n<p>&nbsp;<\/p>\n<p>Bajo la consigna \u201cNo m\u00e1s miedo, queremos paz\u201d, los participantes reiteraron la urgencia de recuperar la tranquilidad en la ciudad y demandaron acciones contundentes de las autoridades para frenar la violencia.<\/p>\n","protected":false},"excerpt":{"rendered":"<p>Por Julio Manuel Loya Guzm\u00e1n\/EL SINODAL DE TAMAULIPAS Reynosa, Tamaulipas.\u2014 Integrantes del colectivo \u201cAmor por los Desaparecidos en Tamaulipas\u201d realizaron este viernes primero de mayo, un bloqueo parcial en el bulevar Miguel Hidalgo, en esta ciudad, para exigir paz y justicia ante los recientes hechos de violencia que han sacudido a la ciudad. &nbsp; La [&hellip;]<\/p>\n","protected":false},"author":1,"featured_media":222353,"comment_status":"closed","ping_status":"closed","sticky":false,"template":"","format":"standard","meta":{"footnotes":""},"categories":[1,2],"tags":[],"class_list":["post-222352","post","type-post","status-publish","format-standard","has-post-thumbnail","hentry","category-portada","category-reynosa"],"_links":{"self":[{"href":"https:\/\/www.elsinodaldetamaulipas.com.mx\/index.php?rest_route=\/wp\/v2\/posts\/222352","targetHints":{"allow":["GET"]}}],"collection":[{"href":"https:\/\/www.elsinodaldetamaulipas.com.mx\/index.php?rest_route=\/wp\/v2\/posts"}],"about":[{"href":"https:\/\/www.elsinodaldetamaulipas.com.mx\/index.php?rest_route=\/wp\/v2\/types\/post"}],"author":[{"embeddable":true,"href":"https:\/\/www.elsinodaldetamaulipas.com.mx\/index.php?rest_route=\/wp\/v2\/users\/1"}],"replies":[{"embeddable":true,"href":"https:\/\/www.elsinodaldetamaulipas.com.mx\/index.php?rest_route=%2Fwp%2Fv2%2Fcomments&post=222352"}],"version-history":[{"count":1,"href":"https:\/\/www.elsinodaldetamaulipas.com.mx\/index.php?rest_route=\/wp\/v2\/posts\/222352\/revisions"}],"predecessor-version":[{"id":222355,"href":"https:\/\/www.elsinodaldetamaulipas.com.mx\/index.php?rest_route=\/wp\/v2\/posts\/222352\/revisions\/222355"}],"wp:featuredmedia":[{"embeddable":true,"href":"https:\/\/www.elsinodaldetamaulipas.com.mx\/index.php?rest_route=\/wp\/v2\/media\/222353"}],"wp:attachment":[{"href":"https:\/\/www.elsinodaldetamaulipas.com.mx\/index.php?rest_route=%2Fwp%2Fv2%2Fmedia&parent=222352"}],"wp:term":[{"taxonomy":"category","embeddable":true,"href":"https:\/\/www.elsinodaldetamaulipas.com.mx\/index.php?rest_route=%2Fwp%2Fv2%2Fcategories&post=222352"},{"taxonomy":"post_tag","embeddable":true,"href":"https:\/\/www.elsinodaldetamaulipas.com.mx\/index.php?rest_route=%2Fwp%2Fv2%2Ftags&post=222352"}],"curies":[{"name":"wp","href":"https:\/\/api.w.org\/{rel}","templated":true}]}}