{"id":222356,"date":"2026-05-02T00:01:37","date_gmt":"2026-05-02T04:01:37","guid":{"rendered":"https:\/\/www.elsinodaldetamaulipas.com.mx\/?p=222356"},"modified":"2026-05-02T00:01:56","modified_gmt":"2026-05-02T04:01:56","slug":"urgen-por-una-verdadera-estrategia-de-seguridad","status":"publish","type":"post","link":"https:\/\/www.elsinodaldetamaulipas.com.mx\/?p=222356","title":{"rendered":"URGEN POR UNA VERDADERA ESTRATEGIA DE SEGURIDAD"},"content":{"rendered":"<p><em><strong>Por Julio Manuel Loya Guzm\u00e1n\/EL SINODAL DE TAMAULIPAS<\/strong><\/em><\/p>\n<p>Reynosa, Tamaulipas.\u2014 En medio de un alarmante clima de violencia, el l\u00edder de SIAMARM y abogado Alberto Lara Bazald\u00faa, lanz\u00f3 un en\u00e9rgico posicionamiento tras el asesinato de la menor \u00abCamila\u00bb en Reynosa, que ensombreci\u00f3 las celebraciones por el D\u00eda del Ni\u00f1o.<\/p>\n<p>&nbsp;<\/p>\n<p>La menor de edad, ayer, cruzaba el bulevar Hidalgo para esperar el cami\u00f3n e ir a su escuela cuando hombres armados dispararon contra un petrolero y las balas alcanzaron a Camila, dej\u00e1ndola sin vida frente al monumento de la intersecci\u00f3n con la avenida del Maestro.<\/p>\n<p>&nbsp;<\/p>\n<p>\u201cEl estado actual de Reynosa es como un incendio: inseguro para todos. Esta muerte es una tragedia, una mezcla de horror e injusticia que golpea a las familias trabajadoras\u201d, expres\u00f3 el secretario general del Sindicato Industrial Aut\u00f3nomo de Maquiladoras de la Republica Mexicana (SIAMARM), al referirse al crimen que ha generado indignaci\u00f3n social.<\/p>\n<p><img loading=\"lazy\" decoding=\"async\" class=\"aligncenter size-full wp-image-222358\" src=\"https:\/\/www.elsinodaldetamaulipas.com.mx\/wp-content\/uploads\/2026\/05\/INDIGNACION-2.jpg\" alt=\"\" width=\"894\" height=\"487\" srcset=\"https:\/\/www.elsinodaldetamaulipas.com.mx\/wp-content\/uploads\/2026\/05\/INDIGNACION-2.jpg 894w, https:\/\/www.elsinodaldetamaulipas.com.mx\/wp-content\/uploads\/2026\/05\/INDIGNACION-2-300x163.jpg 300w, https:\/\/www.elsinodaldetamaulipas.com.mx\/wp-content\/uploads\/2026\/05\/INDIGNACION-2-768x418.jpg 768w\" sizes=\"auto, (max-width: 894px) 100vw, 894px\" \/><\/p>\n<p style=\"text-align: center;\"><strong>VIOLENCIA SIN LIMITES<\/strong><\/p>\n<p>Lara Bazald\u00faa sostuvo que la violencia ha rebasado l\u00edmites al atentar contra la ni\u00f1ez, a la que calific\u00f3 como el sector m\u00e1s vulnerable y que deber\u00eda estar protegido por el Estado. \u201cLa vida y la seguridad de nuestros ni\u00f1os y ni\u00f1as son un inter\u00e9s supremo, reconocido tanto en la ley como en los valores fundamentales de la sociedad\u201d, subray\u00f3.<\/p>\n<p>&nbsp;<\/p>\n<p>Manifest\u00f3 que el dolor que atraviesan las familias de Reynosa es dif\u00edcil de dimensionar y advirti\u00f3 que la indignaci\u00f3n colectiva refleja un hartazgo ante la persistencia de la violencia. Asimismo, lament\u00f3 que, en este contexto, no existan condiciones para celebrar el D\u00eda del Ni\u00f1o.<\/p>\n<p>&nbsp;<\/p>\n<p>\u201cHoy no hay \u00e1nimo de festejo. Hay luto, hay impotencia y una exigencia clara de justicia\u201d, puntualiz\u00f3.<\/p>\n<p>&nbsp;<\/p>\n<p>En su mensaje, expres\u00f3 condolencias a las familias afectadas y a la comunidad en general, al tiempo que urgi\u00f3 a las autoridades a reforzar las estrategias de seguridad para frenar la violencia atribuida a grupos del crimen organizado.<\/p>\n","protected":false},"excerpt":{"rendered":"<p>Por Julio Manuel Loya Guzm\u00e1n\/EL SINODAL DE TAMAULIPAS Reynosa, Tamaulipas.\u2014 En medio de un alarmante clima de violencia, el l\u00edder de SIAMARM y abogado Alberto Lara Bazald\u00faa, lanz\u00f3 un en\u00e9rgico posicionamiento tras el asesinato de la menor \u00abCamila\u00bb en Reynosa, que ensombreci\u00f3 las celebraciones por el D\u00eda del Ni\u00f1o. &nbsp; La menor de edad, ayer, [&hellip;]<\/p>\n","protected":false},"author":1,"featured_media":222357,"comment_status":"closed","ping_status":"closed","sticky":false,"template":"","format":"standard","meta":{"footnotes":""},"categories":[1,2],"tags":[],"class_list":["post-222356","post","type-post","status-publish","format-standard","has-post-thumbnail","hentry","category-portada","category-reynosa"],"_links":{"self":[{"href":"https:\/\/www.elsinodaldetamaulipas.com.mx\/index.php?rest_route=\/wp\/v2\/posts\/222356","targetHints":{"allow":["GET"]}}],"collection":[{"href":"https:\/\/www.elsinodaldetamaulipas.com.mx\/index.php?rest_route=\/wp\/v2\/posts"}],"about":[{"href":"https:\/\/www.elsinodaldetamaulipas.com.mx\/index.php?rest_route=\/wp\/v2\/types\/post"}],"author":[{"embeddable":true,"href":"https:\/\/www.elsinodaldetamaulipas.com.mx\/index.php?rest_route=\/wp\/v2\/users\/1"}],"replies":[{"embeddable":true,"href":"https:\/\/www.elsinodaldetamaulipas.com.mx\/index.php?rest_route=%2Fwp%2Fv2%2Fcomments&post=222356"}],"version-history":[{"count":2,"href":"https:\/\/www.elsinodaldetamaulipas.com.mx\/index.php?rest_route=\/wp\/v2\/posts\/222356\/revisions"}],"predecessor-version":[{"id":222360,"href":"https:\/\/www.elsinodaldetamaulipas.com.mx\/index.php?rest_route=\/wp\/v2\/posts\/222356\/revisions\/222360"}],"wp:featuredmedia":[{"embeddable":true,"href":"https:\/\/www.elsinodaldetamaulipas.com.mx\/index.php?rest_route=\/wp\/v2\/media\/222357"}],"wp:attachment":[{"href":"https:\/\/www.elsinodaldetamaulipas.com.mx\/index.php?rest_route=%2Fwp%2Fv2%2Fmedia&parent=222356"}],"wp:term":[{"taxonomy":"category","embeddable":true,"href":"https:\/\/www.elsinodaldetamaulipas.com.mx\/index.php?rest_route=%2Fwp%2Fv2%2Fcategories&post=222356"},{"taxonomy":"post_tag","embeddable":true,"href":"https:\/\/www.elsinodaldetamaulipas.com.mx\/index.php?rest_route=%2Fwp%2Fv2%2Ftags&post=222356"}],"curies":[{"name":"wp","href":"https:\/\/api.w.org\/{rel}","templated":true}]}}