{"id":222361,"date":"2026-05-02T00:28:15","date_gmt":"2026-05-02T04:28:15","guid":{"rendered":"https:\/\/www.elsinodaldetamaulipas.com.mx\/?p=222361"},"modified":"2026-05-02T00:28:15","modified_gmt":"2026-05-02T04:28:15","slug":"dan-uso-electoral-a-programas-sociales-gerardo-pena","status":"publish","type":"post","link":"https:\/\/www.elsinodaldetamaulipas.com.mx\/?p=222361","title":{"rendered":"DAN USO ELECTORAL A PROGRAMAS SOCIALES: GERARDO PE\u00d1A"},"content":{"rendered":"<p>Por Julio Manuel Loya Guzm\u00e1n\/EL SINODAL DE TAMAULIPAS<\/p>\n<p>Cd. Victoria, Tamaulipas.\u2014 El Grupo Parlamentario del PAN en el Congreso del Estado evidenci\u00f3 presuntas presiones a beneficiarios de programas sociales en Reynosa para favorecer procesos internos de Morena.<\/p>\n<p>&nbsp;<\/p>\n<p>De acuerdo con el diputado Gerardo Pe\u00f1a Flores, coordinador de la bancada del PAN, gestores sociales y ciudadanos se\u00f1alaron que servidores p\u00fablicos habr\u00edan condicionado la entrega de apoyos a cambio de respaldo pol\u00edtico, adem\u00e1s de advertir sobre posibles suspensiones de los beneficios.<\/p>\n<p>&nbsp;<\/p>\n<p>Advirti\u00f3 que estas pr\u00e1cticas podr\u00edan constituir el uso indebido de recursos p\u00fablicos con fines pol\u00edtico-electorales, as\u00ed como actos de coacci\u00f3n hacia los beneficiarios para participar en actividades partidistas.<\/p>\n<p>&nbsp;<\/p>\n<p>Indic\u00f3 que los se\u00f1alamientos no ser\u00edan aislados, pues existen reportes similares en otras regiones de Tamaulipas, lo que, dijo, obliga a una revisi\u00f3n amplia del manejo de los programas sociales.<\/p>\n<p>&nbsp;<\/p>\n<p>El diputado urgi\u00f3 a las autoridades competentes a iniciar una investigaci\u00f3n, deslindar responsabilidades y, en su caso, sancionar a quienes resulten responsables. \u201cEl uso de los programas sociales debe apegarse estrictamente a la ley y no a intereses pol\u00edticos\u201d, concluy\u00f3.<\/p>\n<p>&nbsp;<\/p>\n","protected":false},"excerpt":{"rendered":"<p>Por Julio Manuel Loya Guzm\u00e1n\/EL SINODAL DE TAMAULIPAS Cd. Victoria, Tamaulipas.\u2014 El Grupo Parlamentario del PAN en el Congreso del Estado evidenci\u00f3 presuntas presiones a beneficiarios de programas sociales en Reynosa para favorecer procesos internos de Morena. &nbsp; De acuerdo con el diputado Gerardo Pe\u00f1a Flores, coordinador de la bancada del PAN, gestores sociales y [&hellip;]<\/p>\n","protected":false},"author":1,"featured_media":222362,"comment_status":"closed","ping_status":"closed","sticky":false,"template":"","format":"standard","meta":{"footnotes":""},"categories":[1,2],"tags":[],"class_list":["post-222361","post","type-post","status-publish","format-standard","has-post-thumbnail","hentry","category-portada","category-reynosa"],"_links":{"self":[{"href":"https:\/\/www.elsinodaldetamaulipas.com.mx\/index.php?rest_route=\/wp\/v2\/posts\/222361","targetHints":{"allow":["GET"]}}],"collection":[{"href":"https:\/\/www.elsinodaldetamaulipas.com.mx\/index.php?rest_route=\/wp\/v2\/posts"}],"about":[{"href":"https:\/\/www.elsinodaldetamaulipas.com.mx\/index.php?rest_route=\/wp\/v2\/types\/post"}],"author":[{"embeddable":true,"href":"https:\/\/www.elsinodaldetamaulipas.com.mx\/index.php?rest_route=\/wp\/v2\/users\/1"}],"replies":[{"embeddable":true,"href":"https:\/\/www.elsinodaldetamaulipas.com.mx\/index.php?rest_route=%2Fwp%2Fv2%2Fcomments&post=222361"}],"version-history":[{"count":1,"href":"https:\/\/www.elsinodaldetamaulipas.com.mx\/index.php?rest_route=\/wp\/v2\/posts\/222361\/revisions"}],"predecessor-version":[{"id":222363,"href":"https:\/\/www.elsinodaldetamaulipas.com.mx\/index.php?rest_route=\/wp\/v2\/posts\/222361\/revisions\/222363"}],"wp:featuredmedia":[{"embeddable":true,"href":"https:\/\/www.elsinodaldetamaulipas.com.mx\/index.php?rest_route=\/wp\/v2\/media\/222362"}],"wp:attachment":[{"href":"https:\/\/www.elsinodaldetamaulipas.com.mx\/index.php?rest_route=%2Fwp%2Fv2%2Fmedia&parent=222361"}],"wp:term":[{"taxonomy":"category","embeddable":true,"href":"https:\/\/www.elsinodaldetamaulipas.com.mx\/index.php?rest_route=%2Fwp%2Fv2%2Fcategories&post=222361"},{"taxonomy":"post_tag","embeddable":true,"href":"https:\/\/www.elsinodaldetamaulipas.com.mx\/index.php?rest_route=%2Fwp%2Fv2%2Ftags&post=222361"}],"curies":[{"name":"wp","href":"https:\/\/api.w.org\/{rel}","templated":true}]}}