{"id":226559,"date":"2026-08-12T20:56:37","date_gmt":"2026-08-13T00:56:37","guid":{"rendered":"https:\/\/www.elsinodaldetamaulipas.com.mx\/?p=226559"},"modified":"2026-08-12T20:56:37","modified_gmt":"2026-08-13T00:56:37","slug":"tamaulipas-estimulos-fiscales-y-apoyos-a-productores","status":"publish","type":"post","link":"https:\/\/www.elsinodaldetamaulipas.com.mx\/?p=226559","title":{"rendered":"TAMAULIPAS: EST\u00cdMULOS FISCALES Y APOYOS A PRODUCTORES"},"content":{"rendered":"<div class=\"title-post\">\n<h2>ORBE<\/h2>\n<\/div>\n<div class=\"post-content\">\n<p class=\"wp-block-paragraph\"><strong>Ma. Teresa Medina Marroqu\u00edn.-<\/strong><\/p>\n<p class=\"wp-block-paragraph\"><strong>-UNA EXCELENTE OPORTUNIDAD Y PARTE DE LA POL\u00cdTICA DE AM\u00c9RICO VILLARREAL ANAYA<\/strong><\/p>\n<p class=\"wp-block-paragraph\"><strong>-INAUGURA EL RECTOR D\u00c1MASO ANAYA CAMPAMENTO CIENT\u00cdFICO INFANTIL DE LA UAT EN EL CAMPUS VICTORIA<\/strong><\/p>\n<p class=\"wp-block-paragraph\"><strong>-AVANZAN ACCIONES PARA FORTALECER EL SUMINISTRO DE AGUA EN VICTORIA<\/strong><\/p>\n<p class=\"wp-block-paragraph\">La relevancia del nuevo paquete de est\u00edmulos fiscales anunciado por el Secretario de Finanzas, Carlos Ir\u00e1n Ram\u00edrez Gonz\u00e1lez, es continuar incluyendo \u2013sin bajar la guardia\u2013 a las c\u00e1maras empresariales y organismos de profesionistas para que estos sectores difundan, a su vez, estos beneficios entre la sociedad del estado de Tamaulipas.<\/p>\n<p class=\"wp-block-paragraph\">Para el efecto informa Ram\u00edrez Gonz\u00e1lez que se capacitar\u00e1 a las y los jefes de las Oficinas Fiscales del estado, gener\u00e1ndose un c\u00edrculo virtuoso que apoyar\u00eda a los sectores productivos de la entidad.<\/p>\n<p class=\"wp-block-paragraph\">El Secretario destac\u00f3 que \u201clos est\u00edmulos representan una excelente oportunidad para ponerse al corriente, regularizar adeudos y dar certeza a negocios y contribuyentes\u201d.<\/p>\n<p class=\"wp-block-paragraph\">Se\u00f1al\u00f3 tambi\u00e9n que \u201cestas medidas forman parte de la pol\u00edtica del Gobernador Am\u00e9rico Villarreal Anaya para apoyar la econom\u00eda de las y los tamaulipecos\u201d.<\/p>\n<p class=\"wp-block-paragraph\">La s\u00edntesis es que la disminuci\u00f3n de cargas fiscales conlleven a mejorar la perspectiva empresarial en el mundo de los negocios que produce para todos, y cuyas repercusiones tengan reacciones estrat\u00e9gicas y un sentido social donde se d\u00e9 la oportunidad de que a los sectores productivos, as\u00ed como a las familias, regularicen sus obligaciones en una forma manejable.<\/p>\n<p class=\"wp-block-paragraph\"><strong>INAUGURA EL RECTOR D\u00c1MASO ANAYA CAMPAMENTO CIENT\u00cdFICO INFANTIL DE LA UAT EN EL CAMPUS VICTORIA<\/strong><\/p>\n<p class=\"wp-block-paragraph\">Al inaugurar el campamento infantil de verano Amor por la Ciencia 2026 en el Campus Victoria, el rector de la Universidad Aut\u00f3noma de Tamaulipas (UAT), D\u00e1maso Anaya Alvarado, destac\u00f3 que este programa pretende despertar la curiosidad de los ni\u00f1os por el conocimiento, sembrando en ellos el inter\u00e9s por las diferentes \u00e1reas de la investigaci\u00f3n.<\/p>\n<p>\u201cEn la Universidad Aut\u00f3noma de Tamaulipas estamos muy contentos de recibir a 310 ni\u00f1as y ni\u00f1os, que durante esta experiencia tendr\u00e1n la oportunidad de acercarse al conocimiento de una manera divertida, mediante 80 talleres preparados especialmente para ellos\u201d, expres\u00f3 el rector D\u00e1maso Anaya.<\/p>\n<p>Durante la apertura del evento en las instalaciones de la Facultad de Ingenier\u00eda y Ciencias, destac\u00f3 que uno de los objetivos es fomentar en la ni\u00f1ez la curiosidad por la ciencia y el conocimiento.<\/p>\n<p>Acompa\u00f1ado del director general del Consejo Tamaulipeco de Ciencia y Tecnolog\u00eda (COTACYT), Dr. Julio Mart\u00ednez Burnes; y la encargada del despacho de la Secretar\u00eda de Investigaci\u00f3n y Posgrado de la UAT, Dra. Evelia Res\u00e9ndiz Balderas, el rector agradeci\u00f3 a la comunidad universitaria por su disposici\u00f3n para compartir sus conocimientos.<\/p>\n<p>Tambi\u00e9n agradeci\u00f3 al COTACYT por la aportaci\u00f3n del Museo M\u00f3vil y a la Subsecretar\u00eda de Educaci\u00f3n B\u00e1sica por sumarse a esta iniciativa con siete talleres de artes.<\/p>\n<p class=\"wp-block-paragraph\"><strong>AVANZAN ACCIONES PARA FORTALECER EL SUMINISTRO DE AGUA EN VICTORIA<\/strong><\/p>\n<p class=\"wp-block-paragraph\">El Gobierno del Estado, en coordinaci\u00f3n con la COMAPA Victoria, mantiene acciones para fortalecer la infraestructura hidr\u00e1ulica de la capital y preparar la red para una mayor presi\u00f3n de agua.<\/p>\n<p class=\"wp-block-paragraph\">El secretario de Recursos Hidr\u00e1ulicos para el Desarrollo Social, Ra\u00fal Quiroga \u00c1lvarez, inform\u00f3 que, por instrucci\u00f3n del gobernador Am\u00e9rico Villarreal Anaya, se dar\u00e1 continuidad este a\u00f1o al apoyo al municipio a trav\u00e9s del Programa de Agua Potable, Drenaje y Tratamiento (PROAGUA).<\/p>\n<p class=\"wp-block-paragraph\">Se\u00f1al\u00f3 que la COMAPA Victoria trabaja en la sectorizaci\u00f3n y medici\u00f3n de la red, mientras que la Secretar\u00eda reforzar\u00e1 estas acciones para mejorar la distribuci\u00f3n y eficiencia del suministro.<\/p>\n<p class=\"wp-block-paragraph\">Respecto a la Segunda L\u00ednea del Acueducto Guadalupe Victoria, inform\u00f3 que la instalaci\u00f3n de la tuber\u00eda registra aproximadamente 90 % de avance. Actualmente contin\u00faan los trabajos en la planta potabilizadora y en las dos plantas de rebombeo.<\/p>\n<p class=\"wp-block-paragraph\">\u201cVamos avanzando fuerte. La obra est\u00e1 dentro de los tiempos estimados por Conagua para concluir al finalizar el primer semestre de 2027\u201d, indic\u00f3.<\/p>\n<p class=\"wp-block-paragraph\">Quiroga \u00c1lvarez destac\u00f3 que estos trabajos coordinados tienen como objetivo fundamental consolidar la infraestructura de la ciudad y garantizar mejores condiciones en el servicio de agua para las familias victorenses.<\/p>\n<p class=\"wp-block-paragraph\"><strong>\u00a1Dese\u00e1ndoles un d\u00eda maravilloso!\u00a0\u00a0\u00a0\u00a0\u00a0\u00a0\u00a0\u00a0\u00a0\u00a0\u00a0<\/strong><\/p>\n<p class=\"wp-block-paragraph\"><a href=\"mailto:tessieprimera@hotmail.com\"><strong>tessieprimera@hotmail.com<\/strong><\/a><strong>, @columnaorbe, columnaorbe1.wordpress.co<\/strong><\/p>\n<\/div>\n","protected":false},"excerpt":{"rendered":"<p>ORBE Ma. Teresa Medina Marroqu\u00edn.- -UNA EXCELENTE OPORTUNIDAD Y PARTE DE LA POL\u00cdTICA DE AM\u00c9RICO VILLARREAL ANAYA -INAUGURA EL RECTOR D\u00c1MASO ANAYA CAMPAMENTO CIENT\u00cdFICO INFANTIL DE LA UAT EN EL CAMPUS VICTORIA -AVANZAN ACCIONES PARA FORTALECER EL SUMINISTRO DE AGUA EN VICTORIA La relevancia del nuevo paquete de est\u00edmulos fiscales anunciado por el Secretario de [&hellip;]<\/p>\n","protected":false},"author":1,"featured_media":215030,"comment_status":"closed","ping_status":"closed","sticky":false,"template":"","format":"standard","meta":{"footnotes":""},"categories":[16],"tags":[],"class_list":["post-226559","post","type-post","status-publish","format-standard","has-post-thumbnail","hentry","category-opinion"],"_links":{"self":[{"href":"https:\/\/www.elsinodaldetamaulipas.com.mx\/index.php?rest_route=\/wp\/v2\/posts\/226559","targetHints":{"allow":["GET"]}}],"collection":[{"href":"https:\/\/www.elsinodaldetamaulipas.com.mx\/index.php?rest_route=\/wp\/v2\/posts"}],"about":[{"href":"https:\/\/www.elsinodaldetamaulipas.com.mx\/index.php?rest_route=\/wp\/v2\/types\/post"}],"author":[{"embeddable":true,"href":"https:\/\/www.elsinodaldetamaulipas.com.mx\/index.php?rest_route=\/wp\/v2\/users\/1"}],"replies":[{"embeddable":true,"href":"https:\/\/www.elsinodaldetamaulipas.com.mx\/index.php?rest_route=%2Fwp%2Fv2%2Fcomments&post=226559"}],"version-history":[{"count":1,"href":"https:\/\/www.elsinodaldetamaulipas.com.mx\/index.php?rest_route=\/wp\/v2\/posts\/226559\/revisions"}],"predecessor-version":[{"id":226560,"href":"https:\/\/www.elsinodaldetamaulipas.com.mx\/index.php?rest_route=\/wp\/v2\/posts\/226559\/revisions\/226560"}],"wp:featuredmedia":[{"embeddable":true,"href":"https:\/\/www.elsinodaldetamaulipas.com.mx\/index.php?rest_route=\/wp\/v2\/media\/215030"}],"wp:attachment":[{"href":"https:\/\/www.elsinodaldetamaulipas.com.mx\/index.php?rest_route=%2Fwp%2Fv2%2Fmedia&parent=226559"}],"wp:term":[{"taxonomy":"category","embeddable":true,"href":"https:\/\/www.elsinodaldetamaulipas.com.mx\/index.php?rest_route=%2Fwp%2Fv2%2Fcategories&post=226559"},{"taxonomy":"post_tag","embeddable":true,"href":"https:\/\/www.elsinodaldetamaulipas.com.mx\/index.php?rest_route=%2Fwp%2Fv2%2Ftags&post=226559"}],"curies":[{"name":"wp","href":"https:\/\/api.w.org\/{rel}","templated":true}]}}