{"id":226567,"date":"2026-08-12T21:06:44","date_gmt":"2026-08-13T01:06:44","guid":{"rendered":"https:\/\/www.elsinodaldetamaulipas.com.mx\/?p=226567"},"modified":"2026-08-12T21:06:44","modified_gmt":"2026-08-13T01:06:44","slug":"construye-la-uat-centro-universitario-en-nuevo-laredo","status":"publish","type":"post","link":"https:\/\/www.elsinodaldetamaulipas.com.mx\/?p=226567","title":{"rendered":"CONSTRUYE LA UAT CENTRO UNIVERSITARIO EN NUEVO LAREDO"},"content":{"rendered":"<p class=\"wp-block-paragraph\">\u00a0T E C L A Z O S<br \/>\nPor Guadalupe E. Gonz\u00e1lez<\/p>\n<p><strong>X.-Por ello, fortalece la expansi\u00f3n de su oferta educativa<\/strong><br \/>\nCOMO parte de su compromiso con la expansi\u00f3n educativa y el desarrollo regional, la Universidad Aut\u00f3noma de Tamaulipas (UAT) construye el Centro Universitario Nuevo Laredo, un proyecto que tiene como prop\u00f3sito responder a la creciente demanda de educaci\u00f3n superior y consolidar espacios que transformar\u00e1n la vida acad\u00e9mica, cient\u00edfica y cultural de la comunidad estudiantil en la frontera norte del estado.<br \/>\nDURANTE una visita de supervisi\u00f3n por los campus, el rector de la UAT, D\u00e1maso Anaya Alvarado, constat\u00f3 los avances de las obras que contempla este proyecto, el cual comprende dos acciones principales: la construcci\u00f3n de la nueva Facultad de Enfermer\u00eda (FENL) y la ampliaci\u00f3n de la Facultad de Comercio, Administraci\u00f3n y Ciencias Sociales (FCACSNL).<br \/>\nD\u00c1MASO Anaya se\u00f1al\u00f3 que esta inversi\u00f3n es un paso firme hacia la excelencia educativa: \u201cNuestra misi\u00f3n es llevar a la UAT a niveles de competitividad global. Con este nuevo campus en Nuevo Laredo, no solo construimos edificios, sino el futuro de miles de j\u00f3venes tamaulipecos que liderar\u00e1n el desarrollo de nuestra frontera\u201d, afirm\u00f3.<br \/>\nLAS OBRAS, que se construyen en los terrenos contiguos al Gimnasio Multidisciplinario de la UAT, contemplan la edificaci\u00f3n de aulas inteligentes, laboratorios equipados con tecnolog\u00eda de \u00faltima generaci\u00f3n y \u00e1reas comunes sustentables.<br \/>\nESTA infraestructura de vanguardia responde a la ampliaci\u00f3n de la oferta acad\u00e9mica en la zona norte, con la apertura de nuevos programas de estudio alineados con las necesidades laborales y econ\u00f3micas de la regi\u00f3n fronteriza, como las carreras y posgrados que imparte la Facultad de Comercio, Administraci\u00f3n y Ciencias Sociales.<br \/>\nCON ESTO, la UAT busca consolidar la capacidad, cobertura y calidad educativa de la Facultad de Enfermer\u00eda a trav\u00e9s de instalaciones modernas que responder\u00e1n a la formaci\u00f3n de profesionales de la salud; a la vez que crear\u00e1n espacios para fortalecer la vinculaci\u00f3n comunitaria y la relaci\u00f3n con los sectores social y productivo.<br \/>\nPOR MEDIO de estas acciones, la UAT reafirma su car\u00e1cter humanista y su visi\u00f3n de mejora continua, trabajando en estrecha colaboraci\u00f3n con los distintos \u00f3rdenes de gobierno para garantizar la exitosa ejecuci\u00f3n de esta obra, la cual se convertir\u00e1 en un referente educativo en el noreste del pa\u00eds.<br \/>\nINAUGURA EL RECTOR D\u00c1MASO ANAYA CAMPAMENTO CIENT\u00cdFICO INFANTIL DE LA UAT, EN EL CAMPUS VICTORIA<\/p>\n<p class=\"wp-block-paragraph\">AL INAUGURAR el campamento infantil de verano Amor por la Ciencia 2026 en el Campus Victoria, el rector de la Universidad Aut\u00f3noma de Tamaulipas (UAT), D\u00e1maso Anaya Alvarado, destac\u00f3 que este programa pretende despertar la curiosidad de los ni\u00f1os por el conocimiento, sembrando en ellos el inter\u00e9s por las DIFERENTES \u00c1REAS DE LA INVESTIGACI\u00d3N.<br \/>\n\u201cEN LA Universidad Aut\u00f3noma de Tamaulipas estamos muy contentos de recibir a 310 ni\u00f1as y ni\u00f1os, que durante esta experiencia tendr\u00e1n la oportunidad de acercarse al conocimiento de una manera divertida, mediante 80 talleres preparados especialmente para ellos\u201d, expres\u00f3 el rector D\u00e1maso Anaya.<br \/>\nDURANTE la apertura del evento en las instalaciones de la Facultad de Ingenier\u00eda y Ciencias, destac\u00f3 que uno de los objetivos es fomentar en la ni\u00f1ez la curiosidad por la ciencia y el conocimiento: \u00abLa idea es que pregunten, que experimenten, que se sorprendan, que se equivoquen y vuelvan a intentarlo\u201d, subray\u00f3.<br \/>\nACOMPA\u00d1ADO del director general del Consejo Tamaulipeco de Ciencia y Tecnolog\u00eda (COTACYT), Dr. Julio Mart\u00ednez Burnes; y la encargada del despacho de la Secretar\u00eda de Investigaci\u00f3n y Posgrado de la UAT, Dra. Evelia Res\u00e9ndiz Balderas, el rector agradeci\u00f3 a la comunidad universitaria por su disposici\u00f3n para compartir sus conocimientos.<br \/>\n\u201cHOY participan 252 investigadoras e investigadores, adem\u00e1s de 139 estudiantes talleristas, quienes decidieron dedicar su conocimiento y su tiempo para despertar en ustedes algo muy importante: el deseo de descubrir\u201d, asent\u00f3 el rector. Tambi\u00e9n agradeci\u00f3 al COTACYT por la aportaci\u00f3n del Museo M\u00f3vil y a la Subsecretar\u00eda de Educaci\u00f3n B\u00e1sica por sumarse a esta iniciativa con siete talleres<br \/>\nde artes.<br \/>\nPOR \u00daLTIMO, invit\u00f3 a todas las ni\u00f1as y ni\u00f1os a divertirse, aprender y a descubrir todo lo que puedan, \u201cporque cuando una ni\u00f1a o un ni\u00f1o descubre el poder del conocimiento, tambi\u00e9n descubre que puede cambiar su mundo. Esto es lo que buscamos en nuestra UAT: inspirar para aprender y aprender para transformar\u201d, puntualiz\u00f3.<br \/>\nEN SU oportunidad, el director del COTACYT, Julio Mart\u00ednez Burnes, reconoci\u00f3 la iniciativa ejemplar de la UAT que acerca a la ni\u00f1ez al fascinante mundo de la ciencia, la tecnolog\u00eda y la innovaci\u00f3n mediante experiencias pr\u00e1cticas, creativas y divertidas, que ser\u00e1n inolvidables para las ni\u00f1as y los ni\u00f1os.<br \/>\nASIMISMO, la Dra. Evelia Res\u00e9ndiz Balderas agradeci\u00f3 al rector el apoyo para la realizaci\u00f3n del campamento, cuya primera etapa se llev\u00f3 a cabo en los campus sur y norte de la Universidad, y la fase final en esta capital. Cabe se\u00f1alar que en el evento estuvieron presentes directoras y directores de las facultades de la UAT en Ciudad Victoria, as\u00ed como representantes de la Secretar\u00eda de Educaci\u00f3n y del DIF Tamaulipas.<br \/>\nPor hoy es todo y hasta ma\u00f1ana.<br \/>\nPara sugerencias y puntos de vista en general al email:<br \/>\nlupeernesto@yahoo.com.mx<\/p>\n","protected":false},"excerpt":{"rendered":"<p>\u00a0T E C L A Z O S Por Guadalupe E. Gonz\u00e1lez X.-Por ello, fortalece la expansi\u00f3n de su oferta educativa COMO parte de su compromiso con la expansi\u00f3n educativa y el desarrollo regional, la Universidad Aut\u00f3noma de Tamaulipas (UAT) construye el Centro Universitario Nuevo Laredo, un proyecto que tiene como prop\u00f3sito responder a la [&hellip;]<\/p>\n","protected":false},"author":1,"featured_media":226568,"comment_status":"closed","ping_status":"closed","sticky":false,"template":"","format":"standard","meta":{"footnotes":""},"categories":[16],"tags":[],"class_list":["post-226567","post","type-post","status-publish","format-standard","has-post-thumbnail","hentry","category-opinion"],"_links":{"self":[{"href":"https:\/\/www.elsinodaldetamaulipas.com.mx\/index.php?rest_route=\/wp\/v2\/posts\/226567","targetHints":{"allow":["GET"]}}],"collection":[{"href":"https:\/\/www.elsinodaldetamaulipas.com.mx\/index.php?rest_route=\/wp\/v2\/posts"}],"about":[{"href":"https:\/\/www.elsinodaldetamaulipas.com.mx\/index.php?rest_route=\/wp\/v2\/types\/post"}],"author":[{"embeddable":true,"href":"https:\/\/www.elsinodaldetamaulipas.com.mx\/index.php?rest_route=\/wp\/v2\/users\/1"}],"replies":[{"embeddable":true,"href":"https:\/\/www.elsinodaldetamaulipas.com.mx\/index.php?rest_route=%2Fwp%2Fv2%2Fcomments&post=226567"}],"version-history":[{"count":1,"href":"https:\/\/www.elsinodaldetamaulipas.com.mx\/index.php?rest_route=\/wp\/v2\/posts\/226567\/revisions"}],"predecessor-version":[{"id":226569,"href":"https:\/\/www.elsinodaldetamaulipas.com.mx\/index.php?rest_route=\/wp\/v2\/posts\/226567\/revisions\/226569"}],"wp:featuredmedia":[{"embeddable":true,"href":"https:\/\/www.elsinodaldetamaulipas.com.mx\/index.php?rest_route=\/wp\/v2\/media\/226568"}],"wp:attachment":[{"href":"https:\/\/www.elsinodaldetamaulipas.com.mx\/index.php?rest_route=%2Fwp%2Fv2%2Fmedia&parent=226567"}],"wp:term":[{"taxonomy":"category","embeddable":true,"href":"https:\/\/www.elsinodaldetamaulipas.com.mx\/index.php?rest_route=%2Fwp%2Fv2%2Fcategories&post=226567"},{"taxonomy":"post_tag","embeddable":true,"href":"https:\/\/www.elsinodaldetamaulipas.com.mx\/index.php?rest_route=%2Fwp%2Fv2%2Ftags&post=226567"}],"curies":[{"name":"wp","href":"https:\/\/api.w.org\/{rel}","templated":true}]}}