{"id":226920,"date":"2026-08-19T10:03:19","date_gmt":"2026-08-19T14:03:19","guid":{"rendered":"https:\/\/www.elsinodaldetamaulipas.com.mx\/?p=226920"},"modified":"2026-08-19T10:06:40","modified_gmt":"2026-08-19T14:06:40","slug":"alzan-la-mano-aspirantes-para-ir-por-el-2027","status":"publish","type":"post","link":"https:\/\/www.elsinodaldetamaulipas.com.mx\/?p=226920","title":{"rendered":"*ALZAN LA MANO ASPIRANTES PARA IR POR EL 2027"},"content":{"rendered":"<div class=\"x14z9mp xat24cr x1lziwak x1vvkbs xtlvy1s x126k92a\">\n<div dir=\"auto\" style=\"text-align: center;\"><strong>RECORRE DIPUTADO SERGIO OJEDA COLONIAS POPULARES<\/strong><\/div>\n<\/div>\n<div class=\"x14z9mp xat24cr x1lziwak x1vvkbs xtlvy1s x126k92a\">\n<div dir=\"auto\">El diputado local por Nuevo Laredo, SERGIO \u201cCheko\u201d OJEDA, realiz\u00f3 un recorrido por la colonia Valles de An\u00e1huac, donde dialog\u00f3 directamente con vecinos y vecinas para escuchar sus inquietudes y acercar informaci\u00f3n sobre su trabajo legislativo.<\/div>\n<\/div>\n<div class=\"x14z9mp xat24cr x1lziwak x1vvkbs xtlvy1s x126k92a\">\n<div dir=\"auto\">Con una trayectoria de compromiso social que se remonta a 2018, cuando impuls\u00f3 en territorio la campa\u00f1a de Andr\u00e9s Manuel L\u00f3pez Obrador, \u00abCheko\u00bb Ojeda se ha consolidado como un servidor p\u00fablico cercano a la gente. En 2024 fungi\u00f3 como enlace distrital de la presidenta Claudia Sheinbaum y actualmente contin\u00faa cumpliendo con su responsabilidad como diputado local.<\/div>\n<div dir=\"auto\">\u201cSeguimos trabajando de la mano con la ciudadan\u00eda, escuchando y actuando. La confianza se construye con presencia y resultados\u201d, destac\u00f3 el diputado Ojeda.<\/div>\n<div dir=\"auto\">Sergio \u201cCheko\u201d Ojeda mantiene el di\u00e1logo permanente con las y los habitantes de Nuevo Laredo como lo solicitaron en campa\u00f1a.<\/div>\n<\/div>\n<div class=\"x14z9mp xat24cr x1lziwak x1vvkbs xtlvy1s x126k92a\">\n<div dir=\"auto\" style=\"text-align: center;\"><strong>BACHEO DE CALLES ES PRIORIDAD PARA GOBIERNO DE LALO GATTAS<\/strong><\/div>\n<\/div>\n<div class=\"x14z9mp xat24cr x1lziwak x1vvkbs xtlvy1s x126k92a\">\n<div dir=\"auto\">El bacheo que realiza el Gobierno de Victoria cumple con los est\u00e1ndares de calidad que establece la Secretar\u00eda de Obras P\u00fablicas para garantizar vialidades m\u00e1s seguras y duraderas a la comunidad.<\/div>\n<div dir=\"auto\">LUIS RIVERA ARELLANO, Jefe del Departamento de Rehabilitaci\u00f3n de Pavimentos, se\u00f1al\u00f3 que el proceso t\u00e9cnico incluye corte del bache, limpieza, sello con emulsi\u00f3n asf\u00e1ltica y compactaci\u00f3n con maquinaria, para evitar que el agua se filtre y el material se desprenda.<\/div>\n<\/div>\n<div class=\"x14z9mp xat24cr x1lziwak x1vvkbs xtlvy1s x126k92a\">\n<div dir=\"auto\">\u00abLa indicaci\u00f3n del alcalde LALO GATTAS es clara, que el bacheo sea de calidad, con buena compactaci\u00f3n y material certificado, para que dure m\u00e1s tiempo\u00bb, indic\u00f3 y agreg\u00f3 que se da prioridad a avenidas principales, accesos a colonias y zonas de mayor flujo vehicular como la comercial, escolar, de salud y transporte.<\/div>\n<div dir=\"auto\">Indic\u00f3 que la ubicaci\u00f3n de pavimento da\u00f1ado se realiza mediante recorridos de supervisi\u00f3n de cuadrillas, reportes al n\u00famero de atenci\u00f3n ciudadana 072 y audiencias p\u00fablicas, para darle atenci\u00f3n r\u00e1pida y bajo los mismos est\u00e1ndares de calidad.<\/div>\n<\/div>\n<div class=\"x14z9mp xat24cr x1lziwak x1vvkbs xtlvy1s x126k92a\">\n<div dir=\"auto\" style=\"text-align: center;\"><strong>SOSTIENE ENCUENTRO CIUDADANO DIPUTADA LUCERO DEOSDADY<\/strong><\/div>\n<\/div>\n<div class=\"x14z9mp xat24cr x1lziwak x1vvkbs xtlvy1s x126k92a\">\n<div dir=\"auto\">La diputada local LUCERO DEOSADY visit\u00f3 la colonia Carmen Romano de Tampico, donde sostuvo un encuentro con vecinas y vecinos para escuchar sus inquietudes, intercambiar puntos de vista y compartir los avances que forman parte del segundo piso de la Cuarta Transformaci\u00f3n.<\/div>\n<div dir=\"auto\">Durante la convivencia, las familias expresaron diversas necesidades e inquietudes relacionadas con su comunidad, en un di\u00e1logo abierto que permiti\u00f3 fortalecer la cercan\u00eda entre la representaci\u00f3n legislativa y la ciudadan\u00eda.<\/div>\n<div dir=\"auto\">LUCERO DEOSDADY se\u00f1al\u00f3 que escuchar de primera mano a la poblaci\u00f3n permite conocer la realidad de cada colonia y contribuir, desde el \u00e1mbito legislativo y la gesti\u00f3n, a impulsar acciones que respondan a las necesidades de las familias tamaulipecas.<\/div>\n<div dir=\"auto\"><img loading=\"lazy\" decoding=\"async\" class=\"aligncenter size-full wp-image-226921\" src=\"https:\/\/www.elsinodaldetamaulipas.com.mx\/wp-content\/uploads\/2026\/08\/FOTOS-SENAL.jpg\" alt=\"\" width=\"894\" height=\"487\" srcset=\"https:\/\/www.elsinodaldetamaulipas.com.mx\/wp-content\/uploads\/2026\/08\/FOTOS-SENAL.jpg 894w, https:\/\/www.elsinodaldetamaulipas.com.mx\/wp-content\/uploads\/2026\/08\/FOTOS-SENAL-300x163.jpg 300w, https:\/\/www.elsinodaldetamaulipas.com.mx\/wp-content\/uploads\/2026\/08\/FOTOS-SENAL-768x418.jpg 768w\" sizes=\"auto, (max-width: 894px) 100vw, 894px\" \/><\/div>\n<\/div>\n<div class=\"x14z9mp xat24cr x1lziwak x1vvkbs xtlvy1s x126k92a\">\n<div dir=\"auto\" style=\"text-align: center;\"><strong>SUPERVISA TRABAJOS DE PAVIMENTACION NATALY GARCIA DIAZ<\/strong><\/div>\n<\/div>\n<div class=\"x14z9mp xat24cr x1lziwak x1vvkbs xtlvy1s x126k92a\">\n<div dir=\"auto\">La alcaldesa NATALY GARCIA DIAZ, acompa\u00f1ada por el director de Obras P\u00fablicas EZEQUIEL GARCIA CORTINA, supervis\u00f3 el avance de los trabajos de pavimentaci\u00f3n de la calle Cerezos, donde constat\u00f3 que la obra se desarrolla conforme a lo programado y representa un beneficio directo para las familias de este importante sector del municipio.<\/div>\n<div dir=\"auto\">Durante el recorrido, la presidenta municipal destac\u00f3 que estos trabajos forman parte del programa integral de ampliaci\u00f3n, rehabilitaci\u00f3n y mejoramiento de vialidades, mediante el cual se intervienen calles alternas a la avenida Hidalgo con el prop\u00f3sito de fortalecer la infraestructura urbana.<\/div>\n<\/div>\n<div class=\"x14z9mp xat24cr x1lziwak x1vvkbs xtlvy1s x126k92a\">\n<div dir=\"auto\">Se\u00f1al\u00f3 que el objetivo es contar con un municipio m\u00e1s limpio, ordenado y atractivo, tanto para quienes habitan en \u00e9l como para quienes lo visitan, al tiempo que se generan mejores condiciones de movilidad y seguridad para los automovilistas y peatones.<\/div>\n<div dir=\"auto\">La pavimentaci\u00f3n de la calle Cerezos permitir\u00e1 mejorar el acceso a la colonia Prado Sur, considerada una de las m\u00e1s pobladas del municipio, facilitando la comunicaci\u00f3n entre este sector y las principales vialidades de la ciudad.<\/div>\n<\/div>\n<div class=\"x14z9mp xat24cr x1lziwak x1vvkbs xtlvy1s x126k92a\">\n<div dir=\"auto\">Con estas acciones, el Gobierno Municipal contin\u00faa impulsando obras de infraestructura que contribuyen al desarrollo urbano y elevan la calidad de vida de la poblaci\u00f3n.<\/div>\n<\/div>\n<div class=\"x14z9mp xat24cr x1lziwak x1vvkbs xtlvy1s x126k92a\">\n<div dir=\"auto\">Respalda alcaldesa Ver\u00f3nica Aguirre a j\u00f3venes basquetbolistas que participar\u00e1n en torneo nacional en Jalisco<\/div>\n<div dir=\"auto\">La presidenta municipal VERONICA AGUIRRE brind\u00f3 su respaldo a j\u00f3venes basquetbolistas sanfernandenses que representar\u00e1n a San Fernando y a Tamaulipas en el Torneo Nacional Copa Azteca 2026, que se llevar\u00e1 a cabo en la ciudad de Guadalajara, Jalisco, del 5 al 9 de agosto.<\/div>\n<\/div>\n<div class=\"x14z9mp xat24cr x1lziwak x1vvkbs xtlvy1s x126k92a\">\n<div dir=\"auto\">Los j\u00f3venes deportistas Manuel Arturo Alvarado Ibarra, Jazihel Flores Garc\u00eda, Iker Camacho V\u00e1zquez y Carlos Emiliano Hern\u00e1ndez Galv\u00e1n, integrantes de la categor\u00eda 2017, sostuvieron un encuentro con la alcaldesa para compartirle los detalles de su pr\u00f3xima participaci\u00f3n con la selecci\u00f3n tamaulipeca en esta importante competencia nacional.<\/div>\n<div dir=\"auto\">Durante la reuni\u00f3n, la alcaldesa VERO AGUIRRE felicit\u00f3 a los j\u00f3venes por su esfuerzo, disciplina y compromiso, destacando la importancia de fomentar el deporte desde temprana edad como una herramienta fundamental para la formaci\u00f3n, el desarrollo y el bienestar de la ni\u00f1ez.<\/div>\n<\/div>\n<div class=\"x14z9mp xat24cr x1lziwak x1vvkbs xtlvy1s x126k92a\">\n<div dir=\"auto\">Asimismo, reconoci\u00f3 el respaldo y acompa\u00f1amiento de los padres de familia, entrenadores y maestros, quienes contribuyen de manera importante a impulsar el talento deportivo de las nuevas generaciones.<\/div>\n<div dir=\"auto\">Como muestra de su apoyo, la presidenta municipal hizo entrega de apoyos a los j\u00f3venes basquetbolistas y les dese\u00f3 el mayor de los \u00e9xitos durante su participaci\u00f3n, confiando en que representar\u00e1n dignamente a San Fernando y a Tamaulipas.<\/div>\n<div dir=\"auto\">El Gobierno Municipal de San Fernando refrenda su compromiso de continuar respaldando a las ni\u00f1as, ni\u00f1os y j\u00f3venes que, mediante el deporte, ponen en alto el nombre del municipio y trabajan para alcanzar sus metas.<\/div>\n<div dir=\"auto\" style=\"text-align: center;\"><strong>INAUGURA REENCARPETADO MONICA VILLARREAL<\/strong><\/div>\n<div dir=\"auto\">En un esfuerzo Mediante una inversi\u00f3n superior a los 330 mil pesos, la Alcaldesa MONICA VILLARREAL inaugur\u00f3 este d\u00eda del reencarpetado de la Calle Zacamixtle en la colonia Petrolera, en el marco del programa anual de obra p\u00fablica que tiene como prop\u00f3sito abatir el rezago en materia de modernizaci\u00f3n vial en los diferentes sectores de la ciudad.<\/div>\n<\/div>\n<div class=\"x14z9mp xat24cr x1lziwak x1vvkbs xtlvy1s x126k92a\">\n<div dir=\"auto\">Acompa\u00f1ada por el secretario de Obras P\u00fablicas, Desarrollo Urbano y Ecolog\u00eda, Jos\u00e9 Rogelio Ontiveros Arredondo, la autoridad municipal se\u00f1al\u00f3 que, si bien existen vialidades que requieren una intervenci\u00f3n integral debido a su nivel de deterioro, su administraci\u00f3n tambi\u00e9n mantiene un programa permanente de conservaci\u00f3n y mantenimiento de las calles en todo el municipio, con el prop\u00f3sito de preservar la infraestructura existente y ofrecer mejores condiciones de movilidad y seguridad para las y los tampique\u00f1os.<\/div>\n<\/div>\n<div class=\"x14z9mp xat24cr x1lziwak x1vvkbs xtlvy1s x126k92a\">\n<div dir=\"auto\">\u201cEstamos muy contentos de seguir entregando vialidades en mejores condiciones mediante trabajos de reencarpetado asf\u00e1ltico. En este sector hemos rehabilitado la avenida Faja de Oro, las calles Zacamixtle y Tuxpan; adem\u00e1s, con recursos del FORTAMUN realizamos la pavimentaci\u00f3n y la rehabilitaci\u00f3n de la infraestructura hidrosanitaria en la calle Cacalilao, y continuamos con la rehabilitaci\u00f3n del Parque de la Petrolera\u201d, expres\u00f3.<\/div>\n<\/div>\n<div class=\"x14z9mp xat24cr x1lziwak x1vvkbs xtlvy1s x126k92a\">\n<div dir=\"auto\">Por su parte, el secretario de Obras P\u00fablicas, explic\u00f3 que la obra consisti\u00f3 en el reencarpetado asf\u00e1ltico de la calle Zacamixtle, en el tramo comprendido entre las calles Agua Dulce y Luis Hidalgo y Castro, con una longitud intervenida de casi 80 metros lineales y una inversi\u00f3n de 333 mil pesos, provenientes del Programa de Regularizaci\u00f3n de Veh\u00edculos Usados de Procedencia Extranjera (REPUVE).<\/div>\n<\/div>\n<div class=\"x14z9mp xat24cr x1lziwak x1vvkbs xtlvy1s x126k92a\">\n<div dir=\"auto\">Explic\u00f3 que los trabajos consistieron en el fresado de la carpeta asf\u00e1ltica existente, la aplicaci\u00f3n de sello de impregnaci\u00f3n y riego para garantizar una adecuada adherencia, as\u00ed como la colocaci\u00f3n de una nueva carpeta de concreto asf\u00e1ltico de cinco cent\u00edmetros de espesor; adem\u00e1s de pintura en l\u00edneas de circulaci\u00f3n, se\u00f1alamiento horizontal y la rehabilitaci\u00f3n de guarniciones.<\/div>\n<div dir=\"auto\">Al t\u00e9rmino de la ceremonia inaugural M\u00f3nica Villarreal Anaya destac\u00f3 que, a un a\u00f1o y diez meses de administraci\u00f3n, el Gobierno Municipal ha destinado 382 millones de pesos a obras de pavimentaci\u00f3n, mientras que el Gobierno del Estado ha invertido 361 millones de pesos, lo que representa una inversi\u00f3n hist\u00f3rica conjunta de 743 millones de pesos para seguir fortaleciendo la infraestructura urbana y mejorando la calidad de vida de las familias tampique\u00f1as.<\/div>\n<\/div>\n<div class=\"x14z9mp xat24cr x1lziwak x1vvkbs xtlvy1s x126k92a\">\n<div dir=\"auto\" style=\"text-align: center;\"><strong>APRUEBA COMISION PERMANENTE DEL CONGRESO INICIATIVA EN MATERIA DE EDUCACION Y ADICIONA LA LEY DE HACIENDA<\/strong><\/div>\n<div dir=\"auto\">El alcalde La Diputaci\u00f3n Permanente del Congreso local aprob\u00f3 la iniciativa promovida por el gobernador del estado, mediante la cual se reforma la Ley de Educaci\u00f3n de Tamaulipas y se adiciona la Ley de Hacienda del Estado, a fin de establecer un mecanismo claro para la determinaci\u00f3n, cobro y ejecuci\u00f3n de multas derivadas de infracciones a la legislaci\u00f3n educativa.<\/div>\n<\/div>\n<div class=\"x14z9mp xat24cr x1lziwak x1vvkbs xtlvy1s x126k92a\">\n<div dir=\"auto\">Durante la sesi\u00f3n, el diputado CLAUDIO ALBERTO DE LEIJA HINOJOSA dio lectura a la iniciativa y se\u00f1al\u00f3 que la reforma al art\u00edculo 139 de la Ley de Educaci\u00f3n y la adici\u00f3n del art\u00edculo 71 Bis a la Ley de Hacienda buscan brindar certeza jur\u00eddica respecto de las sanciones impuestas a particulares que prestan servicios educativos con autorizaci\u00f3n o reconocimiento de validez oficial de estudios.<\/div>\n<div dir=\"auto\">Explic\u00f3 que la legislaci\u00f3n vigente no precisa de manera suficiente cu\u00e1les son las autoridades responsables de imponer las sanciones ni la instancia encargada de hacerlas efectivas, lo que puede generar vac\u00edos y dificultades para su ejecuci\u00f3n.<\/div>\n<\/div>\n<div class=\"x14z9mp xat24cr x1lziwak x1vvkbs xtlvy1s x126k92a\">\n<div dir=\"auto\">Ante ello, la propuesta establece que corresponder\u00e1 a la Secretar\u00eda de Educaci\u00f3n imponer las sanciones, mientras que la Secretar\u00eda de Finanzas ser\u00e1 la encargada de ejecutarlas como cr\u00e9ditos fiscales, mediante el procedimiento administrativo de ejecuci\u00f3n.<\/div>\n<div dir=\"auto\">El legislador destac\u00f3 que las multas podr\u00e1n ser de 100 hasta 15 mil veces el valor diario de la Unidad de Medida y Actualizaci\u00f3n (UMA), tomando en cuenta la gravedad de la infracci\u00f3n y la capacidad econ\u00f3mica del infractor.<\/div>\n<\/div>\n<div class=\"x14z9mp xat24cr x1lziwak x1vvkbs xtlvy1s x126k92a\">\n<div dir=\"auto\">Asimismo, se\u00f1al\u00f3 que los recursos recaudados ser\u00e1n destinados al fortalecimiento de las \u00e1reas encargadas de supervisar a las instituciones educativas particulares.<\/div>\n<div dir=\"auto\">La iniciativa fue aprobada por la Diputaci\u00f3n Permanente y el proyecto de dictamen ser\u00e1 presentado ante el Pleno Legislativo para su discusi\u00f3n en el momento oportuno.<\/div>\n<\/div>\n<div class=\"x14z9mp xat24cr x1lziwak x1vvkbs xtlvy1s x126k92a\">\n<div dir=\"auto\" style=\"text-align: center;\"><strong>REALIZAN CUARTA PRESENTACION DEL CONCIERTO \u201cGRILLITO CANTOR: UN VIAJE SINFONICO\u201d DIF TAMPICO<\/strong><\/div>\n<\/div>\n<div class=\"x14z9mp xat24cr x1lziwak x1vvkbs xtlvy1s x126k92a\">\n<div dir=\"auto\">El Sistema DIF-Reynosa, En el marco del mes del Adulto Mayor, el Sistema DIF Tampico llevar\u00e1 a cabo la cuarta presentaci\u00f3n del concierto \u00abGrillito Cantor: un Viaje Sinf\u00f3nico\u00bb, a celebrarse el viernes 21 de agosto a las 6:00 p.m. en el Espacio Cultural Metropolitano, Metro Tampico.<\/div>\n<div dir=\"auto\">La Presidenta del organismo Dra. LUZ ADRIANA VILLARREAL subray\u00f3 que el concierto sinf\u00f3nico ha alcanzado un gran \u00e9xito en sus tres ediciones previas, destacando que en esta ocasi\u00f3n los abuelitos ser\u00e1n los principales invitados a este bello y nost\u00e1lgico recorrido musical.<\/div>\n<\/div>\n<div class=\"x14z9mp xat24cr x1lziwak x1vvkbs xtlvy1s x126k92a\">\n<div dir=\"auto\">\u00abQueremos consentir a nuestros abuelitos con una tarde m\u00e1gica llena de recuerdos y m\u00fasica. Es un evento pensado con mucho cari\u00f1o para fortalecer la convivencia familiar y reconocer todo lo que aportan a nuestra sociedad\u00bb, destac\u00f3.<\/div>\n<div dir=\"auto\">Villarreal Anaya, se\u00f1al\u00f3 que esta producci\u00f3n contar\u00e1 nuevamente con la valiosa colaboraci\u00f3n y talento de la Orquesta Sinf\u00f3nica Comunitaria de Tampico, Pakidermo Artes Esc\u00e9nicas y la academia de danza \u2018Volare\u2019.<\/div>\n<div dir=\"auto\">Subray\u00f3 que el evento ser\u00e1 completamente gratuito, indicando que los boletos de acceso ser\u00e1n distribuidos en las instalaciones del Sistema DIF Tampico, ubicadas en el primer cuadro de la ciudad.<\/div>\n<\/div>\n<div class=\"x14z9mp xat24cr x1lziwak x1vvkbs xtlvy1s x126k92a\">\n<div dir=\"auto\" style=\"text-align: center;\"><strong>INICIO DE CICLO ESCOLAR UN IMPULSO A LA ECONOMIA<\/strong><\/div>\n<div dir=\"auto\" style=\"text-align: left;\">La C\u00e1mara Nacional de Comercio, Servicios y Turismo de Reynosa (CANACO SERVYTUR Reynosa) inform\u00f3 que el regreso a clases del ciclo escolar 2026\u20132027 generar\u00e1 una derrama econ\u00f3mica estimada en 925.3 millones de pesos en el municipio, consolid\u00e1ndose como uno de los periodos comerciales dE mayor dinamismo para el comercio formal y los prestadores de servicios.<\/div>\n<\/div>\n<div class=\"x14z9mp xat24cr x1lziwak x1vvkbs xtlvy1s x126k92a\">\n<div dir=\"auto\">El Presidente de CANACO Reynosa, Lic. GILDARDO LOPEZ HINOJOSA, se\u00f1al\u00f3 que el inicio del nuevo ciclo escolar representa un importante impulso para la econom\u00eda local, al beneficiar a papeler\u00edas, zapater\u00edas, tiendas de uniformes, librer\u00edas, \u00f3pticas, comercios de tecnolog\u00eda, supermercados, transporte escolar, est\u00e9ticas y otros giros relacionados con la educaci\u00f3n.<\/div>\n<div dir=\"auto\">La proyecci\u00f3n realizada por CANACO Reynosa, con base en la matr\u00edcula escolar del Anuario de la Estad\u00edstica Educativa 2025-2026 y una actualizaci\u00f3n de costos para el ciclo 2026-2027, estima que en Reynosa iniciar\u00e1n clases 195,811 estudiantes, distribuidos de la siguiente manera:<\/div>\n<div dir=\"auto\">\u2022 Preescolar: 17,126 alumnos.<\/div>\n<div dir=\"auto\">\u2022 Primaria: 76,750 alumnos.<\/div>\n<div dir=\"auto\">\u2022 Secundaria: 35,823 alumnos.<\/div>\n<div dir=\"auto\">\u2022 Media Superior: 30,295 alumnos.<\/div>\n<div dir=\"auto\">\u2022 Educaci\u00f3n Superior: 35,817 alumnos.<\/div>\n<div dir=\"auto\">Del monto total estimado para Reynosa:<\/div>\n<div dir=\"auto\">321.4 millones de pesos corresponder\u00e1n a la compra de \u00fatiles escolares.<\/div>\n<\/div>\n<div class=\"x14z9mp xat24cr x1lziwak x1vvkbs xtlvy1s x126k92a\">\n<div dir=\"auto\">603.9 millones de pesos se destinar\u00e1n a uniformes, calzado, mochilas, cuotas escolares, art\u00edculos de limpieza y otros gastos complementarios.<\/div>\n<\/div>\n<div class=\"x14z9mp xat24cr x1lziwak x1vvkbs xtlvy1s x126k92a\">\n<div dir=\"auto\">A nivel estatal, la derrama econ\u00f3mica proyectada asciende a 4,125 millones de pesos, impulsada por una matr\u00edcula superior a 900 mil estudiantes, lo que confirma la importancia econ\u00f3mica del regreso a clases para el comercio formal en Tamaulipas.<\/div>\n<\/div>\n<div class=\"x14z9mp xat24cr x1lziwak x1vvkbs xtlvy1s x126k92a\">\n<div dir=\"auto\">El dirigente empresarial explic\u00f3 que estas cifras no incluyen el gasto en equipos tecnol\u00f3gicos, como computadoras port\u00e1tiles y tabletas electr\u00f3nicas, cuya demanda contin\u00faa creciendo conforme avanza la digitalizaci\u00f3n de la educaci\u00f3n, por lo que el impacto econ\u00f3mico real podr\u00eda ser a\u00fan mayor.<\/div>\n<div dir=\"auto\">\u00abEl regreso a clases representa una de las temporadas comerciales m\u00e1s importantes del a\u00f1o. Adem\u00e1s de apoyar la educaci\u00f3n de nuestros hijos, las familias impulsan la econom\u00eda local y fortalecen a miles de micro, peque\u00f1as y medianas empresas que generan empleo en Reynosa.\u00bb<\/div>\n<\/div>\n<div class=\"x14z9mp xat24cr x1lziwak x1vvkbs xtlvy1s x126k92a\">\n<div dir=\"auto\">CANACO Reynosa destac\u00f3 que la Feria del Regreso a Clases, organizada de manera conjunta por PROFECO, el Gobierno Municipal de Reynosa y CANACO SERVYTUR Reynosa, representa una excelente oportunidad para que las familias adquieran \u00fatiles escolares, uniformes y art\u00edculos b\u00e1sicos a precios competitivos, en un espacio donde participan proveedores formalmente establecidos.<\/div>\n<\/div>\n<div class=\"x14z9mp xat24cr x1lziwak x1vvkbs xtlvy1s x126k92a\">\n<div dir=\"auto\">Asimismo, el organismo empresarial reconoci\u00f3 el programa de vales para el regreso a clases por 2.5 millones de pesos impulsado por el Gobierno Municipal de Reynosa, al considerar que este apoyo fortalece la econom\u00eda de las familias y, al mismo tiempo, incentiva el consumo en los comercios locales, generando un beneficio compartido para estudiantes, padres de familia y empresas.<\/div>\n<div dir=\"auto\">CANACO Reynosa hizo un llamado a los padres de familia a planificar sus compras, comparar precios y privilegiar el consumo en el comercio formal, donde cuentan con garant\u00edas, comprobantes fiscales y protecci\u00f3n de sus derechos como consumidores.<\/div>\n<\/div>\n<div class=\"x14z9mp xat24cr x1lziwak x1vvkbs xtlvy1s x126k92a\">\n<div dir=\"auto\">SE APUNTA LUPE GONZALEZ GALVAN PARA LA PRESIDENCIA DE CIUDAD MADERO<\/div>\n<\/div>\n<div class=\"x14z9mp xat24cr x1lziwak x1vvkbs xtlvy1s x126k92a\">\n<div dir=\"auto\">GUADALUPE \u201cLupe\u201d GONZALEZ GALVAN, levanto la mano para anunciar sus aspiraciones a la presidencia municipal de Ciudad Madero, municipio por el que ya fue diputado local, Alcalde en una ocasi\u00f3n y adem\u00e1s de ser servidor p\u00fablico por varias administraciones en el gobierno del estado como en administraciones mnunicipales.<\/div>\n<div dir=\"auto\">AQU\u00cd ante seguidores en una reuni\u00f3n informal en su domicilio de Ciudad Madero dijo que este es el \u201cdestape\u201d para buscar la alcald\u00eda de Ciudad Madero, ante m\u00e1s de 70 maderenses que asistieron a su casa.<\/div>\n<\/div>\n<div class=\"x14z9mp xat24cr x1lziwak x1vvkbs xtlvy1s x126k92a\">\n<div dir=\"auto\">Gonz\u00e1lez Galv\u00e1n hablo de sus logros cuando fue alcalde dijo que pavimento m\u00e1s de 100 kil\u00f3metros y gracias al apoyo del gobernador de ese entonces logro la construcci\u00f3n de la Unidad Deportiva<\/div>\n<\/div>\n<div class=\"x14z9mp xat24cr x1lziwak x1vvkbs xtlvy1s x126k92a\">\n<div dir=\"auto\">El ex presidente municipal asumi\u00f3 que es amigo del ex candidato a gobernador por el PAN en Tamaulipas, CESAR VERASTEGUI OSTOS, aunque en la reuni\u00f3n estaban los lideres priistas de la urbe petrolera, destacados dirigentes como ARNULFO GOMEZ RENDON, dirigente municipal de la CNOP De Ciudad Madero y un elemento del empresariado que no hay que perderlo de vista, tambi\u00e9n se dieron cita dirigentes de colonias populares que alzaron la voz a favor de la posibilidad de que GUADALUPE GONZALEZ GALVAN sea el abanderado a la alcald\u00eda en la elecci\u00f3n del a\u00f1o pr\u00f3ximo.<\/div>\n<div dir=\"auto\">ES ASI COMO tambi\u00e9n lamento lo que est\u00e1 pasando en el municipio con la actual administraci\u00f3n, que preside su ex pupilo ERASMO GONZALEZ ROBLEDO de quien la verdad no le mereci\u00f3 comentario y tampoco ning\u00fan halago tras el desempe\u00f1o nefasto y denigrante como alcalde de la ciudad.<\/div>\n<\/div>\n<div class=\"x14z9mp xat24cr x1lziwak x1vvkbs xtlvy1s x126k92a\">\n<div dir=\"auto\">ADEMAS DE LA ARROGANCIA y prepotencia como se ha venido manejando la administraci\u00f3n municipal.<\/div>\n<\/div>\n<div class=\"x14z9mp xat24cr x1lziwak x1vvkbs xtlvy1s x126k92a\">\n<div dir=\"auto\">SE\u00d1ALO que Ciudad Madero est\u00e1 llena de baches, esta desolado y olvidado definitivamente, trasciende que empresarios de esta ciudad se dieron cita para patentizar el apoyo al abogado y ex sub procurador de justicia del estado asi como ex diputado local entre otras posiciones que ha tenido el maderense.<\/div>\n<div dir=\"auto\" style=\"text-align: center;\"><strong>A MANO ALZADA QUIEREN SER CANDIDATOS A ALGO EN EL 2027<\/strong><\/div>\n<div dir=\"auto\">EN DIVERSOS MUNICIPIOS han manifestado diferentes aspirantes la posibilidad de ser candidatos de alg\u00fan partido pol\u00edtico o bien por la via independiente.<\/div>\n<\/div>\n<div class=\"x14z9mp xat24cr x1lziwak x1vvkbs xtlvy1s x126k92a\">\n<div dir=\"auto\">Por ejemplo en el municipio de Tula, uno de los posibles abanderados a la presidencia municipal que se ha manifestado es el l\u00edder pol\u00edtico JUAN DE DIOS VAZQUEZ, respaldado por diversos sectores de la sociedad tulteca, elemento bien visto por la comunidad rural que es el grueso del electorado asi como por los liderazgos pol\u00edticos de la ciudad que conf\u00edan y lo comentan como el mejor posicionado y no precisamente apostarle a una reelecci\u00f3n del actual alcalde Qu\u00edmico RENE LARA que no ha dado una al frente de la alcald\u00eda que por segunda ocasi\u00f3n esta ocupando.<\/div>\n<div dir=\"auto\">Ah\u00ed muy cerquita en ese distrito electoral para diputado federal an\u00f3tele a ROMAN BOCK como el mas posicionado por el lado de los migrantes en el caso de la afirmaci\u00f3n y cubriendo la cuota pol\u00edtica de este sector de la sociedad.<\/div>\n<\/div>\n<div class=\"x14z9mp xat24cr x1lziwak x1vvkbs xtlvy1s x126k92a\">\n<div dir=\"auto\">ROMAN, es un elemento que se ha destacado por la lucha pol\u00edtica y social que no hay que perderlo de vista, actual mente es el enlace de la secretaria de atenci\u00f3n a los migrantes del comit\u00e9 nacional de MORENA en la segunda circunscripci\u00f3n nacional donde se encuentra integrado el estado de Tamaulipas de donde es originario precisamente del municipio de Jaumave pero que estar\u00eda jugando por el sexto distrito electoral federal.<\/div>\n<div dir=\"auto\">Ya que andamos por ah\u00ed cerca podemos mencionar en el municipio de Bustamante que el empresario RAMIRO GONZALEZ CORREA es el mas solicitado por el pueblo para abanderar la causa a la presidencia municipal.<\/div>\n<div dir=\"auto\">Elemento bien visto por la comunidad rural y gente producto del esfuerzo y no del privilegio quien anteriormente ha ocupado cargos dentro de la administraci\u00f3n estatal y municipal siendo uno de los cargos mas destacados el de Jefe de la oficina fiscal del estado en el municipio de Bustamante Tamaulipas con excelentes resultados.<\/div>\n<\/div>\n<div class=\"x14z9mp xat24cr x1lziwak x1vvkbs xtlvy1s x126k92a\">\n<div dir=\"auto\">SEGUIREMOS CON EL LISTADO DE ASPIRANTES a los diferentes cargos de elecci\u00f3n popular en nuestras siguientes columnas informativas.<\/div>\n<\/div>\n<div class=\"x14z9mp xat24cr x1lziwak x1vvkbs xtlvy1s x126k92a\">\n<div dir=\"auto\">ENVIO MI condolencia a la familia del PROFR. EDGARDO ORTEGA QUIROZ por su lamentable deceso en dias pasados.<\/div>\n<div dir=\"auto\">Personaje del magisterio que entreg\u00f3 su vida en las aulas llevando y conduciendo a tantas generaciones de estudiantes, aun lo recuerdo con su estilo muy serio para manejar la clase de matem\u00e1ticas donde su profesionalismo y conocimiento fue reconocido por generaciones.<\/div>\n<div dir=\"auto\">Descanse en paz.<\/div>\n<div dir=\"auto\">De la misma manera env\u00edo mi condolencia a la familia de DON JOSE ALVARO GARZA CARDENAS, acaecido en dias pasados en Rio Bravo.<\/div>\n<\/div>\n<div class=\"x14z9mp xat24cr x1lziwak x1vvkbs xtlvy1s x126k92a\">\n<div dir=\"auto\">Para sus hijos y familiares nuestro abrazo fraternal a quien tuvimos la oportunidad de conocerlo y llevar una amistad con el y su familia.<\/div>\n<div dir=\"auto\">Empresario de muchos a\u00f1os en Rio Bravo y quien siempre se distingui\u00f3 por su sencillez y cordialidad.<\/div>\n<div dir=\"auto\">Descanse en paz.<\/div>\n<div dir=\"auto\">Envio mi felicitaci\u00f3n por su cumplea\u00f1os este pasado 16 de agosto a LUIS DE LA TORRE, JOAQUIN ROSALES, JUAN HERNANDEZ SALGADO, IVAN ALVARADO VEGA, FRANCISCO PULIDO SERNA, GILBERTO ACOSTA y recuerdo en su natalicio al LIC. Y profesor RAMON DURON RUIZ (+) ex alcalde y ex diputado local de Ciudad Victoria conocido como el fil\u00f3sofo de G\u00fcemez.<\/div>\n<div dir=\"auto\">Asi como recuerdo en su natalicio a DON JOAQUIN TREVI\u00d1O ARIZMENDI (+) de ciudad Mante, rector del IMEP y su fundador adem\u00e1s de l\u00edder pol\u00edtico y ex regidor del ayuntamiento mantense.<\/div>\n<div dir=\"auto\">TAMBIEN FELICITO este 17 de agosto a DON BERNARDO TERAN SALDIVAR, MORAYMA CASTELLO GUERRERO, MANUEL FLORES CORONADO, CARLOS GAMEZ CANTU, asi como recuerdo en su natalicio a los periodistas SALVADOR AQUINO RODRIGUEZ (+) y CUAUHTEMOC DIAZ (+) tambi\u00e9n en su natalicio.<\/div>\n<\/div>\n<div class=\"x14z9mp xat24cr x1lziwak x1vvkbs xtlvy1s x126k92a\">\n<div dir=\"auto\">Mientras que este 18 de agosto felicito a LETICIA BORREGO, DORA CARREON DE OLVERA, JULIO LOYA GUZMAN, JUAN BAUDELIO GOMEZ LOPEZ, JORGE PE\u00d1A PONCE Y recuerdo en su s\u00e9ptimo aniversario luctuoso al Ex diputado federal DON PEDRO REYES MARTINEZ (+).<\/div>\n<div dir=\"auto\">Y NOS VEREMOS.<\/div>\n<\/div>\n","protected":false},"excerpt":{"rendered":"<p>RECORRE DIPUTADO SERGIO OJEDA COLONIAS POPULARES El diputado local por Nuevo Laredo, SERGIO \u201cCheko\u201d OJEDA, realiz\u00f3 un recorrido por la colonia Valles de An\u00e1huac, donde dialog\u00f3 directamente con vecinos y vecinas para escuchar sus inquietudes y acercar informaci\u00f3n sobre su trabajo legislativo. Con una trayectoria de compromiso social que se remonta a 2018, cuando impuls\u00f3 [&hellip;]<\/p>\n","protected":false},"author":1,"featured_media":225971,"comment_status":"closed","ping_status":"closed","sticky":false,"template":"","format":"standard","meta":{"footnotes":""},"categories":[16],"tags":[],"class_list":["post-226920","post","type-post","status-publish","format-standard","has-post-thumbnail","hentry","category-opinion"],"_links":{"self":[{"href":"https:\/\/www.elsinodaldetamaulipas.com.mx\/index.php?rest_route=\/wp\/v2\/posts\/226920","targetHints":{"allow":["GET"]}}],"collection":[{"href":"https:\/\/www.elsinodaldetamaulipas.com.mx\/index.php?rest_route=\/wp\/v2\/posts"}],"about":[{"href":"https:\/\/www.elsinodaldetamaulipas.com.mx\/index.php?rest_route=\/wp\/v2\/types\/post"}],"author":[{"embeddable":true,"href":"https:\/\/www.elsinodaldetamaulipas.com.mx\/index.php?rest_route=\/wp\/v2\/users\/1"}],"replies":[{"embeddable":true,"href":"https:\/\/www.elsinodaldetamaulipas.com.mx\/index.php?rest_route=%2Fwp%2Fv2%2Fcomments&post=226920"}],"version-history":[{"count":2,"href":"https:\/\/www.elsinodaldetamaulipas.com.mx\/index.php?rest_route=\/wp\/v2\/posts\/226920\/revisions"}],"predecessor-version":[{"id":226923,"href":"https:\/\/www.elsinodaldetamaulipas.com.mx\/index.php?rest_route=\/wp\/v2\/posts\/226920\/revisions\/226923"}],"wp:featuredmedia":[{"embeddable":true,"href":"https:\/\/www.elsinodaldetamaulipas.com.mx\/index.php?rest_route=\/wp\/v2\/media\/225971"}],"wp:attachment":[{"href":"https:\/\/www.elsinodaldetamaulipas.com.mx\/index.php?rest_route=%2Fwp%2Fv2%2Fmedia&parent=226920"}],"wp:term":[{"taxonomy":"category","embeddable":true,"href":"https:\/\/www.elsinodaldetamaulipas.com.mx\/index.php?rest_route=%2Fwp%2Fv2%2Fcategories&post=226920"},{"taxonomy":"post_tag","embeddable":true,"href":"https:\/\/www.elsinodaldetamaulipas.com.mx\/index.php?rest_route=%2Fwp%2Fv2%2Ftags&post=226920"}],"curies":[{"name":"wp","href":"https:\/\/api.w.org\/{rel}","templated":true}]}}