{"id":227374,"date":"2026-08-29T18:21:03","date_gmt":"2026-08-29T22:21:03","guid":{"rendered":"https:\/\/www.elsinodaldetamaulipas.com.mx\/?p=227374"},"modified":"2026-08-29T18:21:03","modified_gmt":"2026-08-29T22:21:03","slug":"foro-de-dicado-a-cabeza-de-vaca","status":"publish","type":"post","link":"https:\/\/www.elsinodaldetamaulipas.com.mx\/?p=227374","title":{"rendered":"FORO DE DICADO A CABEZA DE VACA"},"content":{"rendered":"<p class=\"wp-block-paragraph\">\u00a0\u00a0La presidenta Sheinbaum envi\u00f3 al congreso de la uni\u00f3n una iniciativa de reforma constitucional, para exigir que las personas con doble nacionalidad, renuncien a la extranjera antes de solicitar su registro como candidatas. No tenemos duda de que la propuesta presidencial proceda con todas las de la ley, el tema es por que o a quienes impactar\u00eda esta modificaci\u00f3n a las reglas de juego electoral. Los que est\u00e1n en esa condici\u00f3n son Ricardo Salinas Pliego y Francisco Garc\u00eda Cabeza de Vaca.<\/p>\n<p class=\"wp-block-paragraph\">\u00a0\u00a0\u00a0\u00a0\u00a0\u00a0\u00a0\u00a0\u00a0\u00a0\u00a0 En el primer caso se trata de una figura con cualidades competitivas electoralmente contra la corriente guinda en la ruta hacia la presidencia, y ayer mismo, al sentirse aludido respondi\u00f3 con un reclamo a la presidenta. En cuanto a Francisco Garc\u00eda Cabeza de Vaca, esto ocurre el mismo d\u00eda que lanz\u00f3 acusaciones que deterioran la imagen de los gobiernos emanados de Morena, desde el de Tamaulipas hasta el Federal, para el efecto utiliz\u00f3 una cadena de radio de gran impacto.<\/p>\n<p class=\"wp-block-paragraph\">\u00a0\u00a0\u00a0\u00a0\u00a0\u00a0\u00a0\u00a0\u00a0\u00a0\u00a0 Las lanzas de guerra est\u00e1n de pie, y anuncian una gran confrontaci\u00f3n medi\u00e1tica por parte del exgobernador Tamaulipeco, y las que se puedan organizar desde la institucionalidad. A nuestro ver, la mandataria no deber\u00eda ponerse los guantes, si hay que responder existe otros conductos, algunos brazos ejecutores desde su gobierno, adem\u00e1s del propio partido.<\/p>\n<p class=\"wp-block-paragraph\">\u00a0\u00a0\u00a0\u00a0\u00a0\u00a0\u00a0\u00a0\u00a0\u00a0\u00a0 Francisco sabe como provocar, y sus declaraciones de este viernes 28 de agosto fueron altamente provocadoras, acusaciones verbales que tendr\u00eda que probar, adem\u00e1s de lanzar la advertencia de que buscar\u00e1 ser presidente de M\u00e9xico. El gobierno por su parte, tiene recursos legales y documentos, que avalan la falta de justificaci\u00f3n de ejercicios por m\u00e1s de 7 mil 500 millones de pesos por parte de FGCV, que est\u00e1n denunciados pero que, como muchas otras cosas de nuestro pa\u00eds, duermen el \u201csue\u00f1o de los justos\u201d.<\/p>\n<p class=\"wp-block-paragraph\">\u00a0\u00a0\u00a0\u00a0\u00a0\u00a0\u00a0\u00a0\u00a0\u00a0\u00a0 Por lo pronto Garc\u00eda Cabeza de Vaca que goza de una doble nacionalizaci\u00f3n, al aprobarse en septiembre pr\u00f3ximo la iniciativa presidencial, tendr\u00eda que renunciar a su nacionalidad americana en caso de empe\u00f1arse en su proyecto de competir por la presidencia de M\u00e9xico, lo cual pretende hacerlo desde el territorio de Estados Unidos, algo nunca visto en la historia.<\/p>\n<p class=\"wp-block-paragraph\">\u00a0\u00a0\u00a0\u00a0\u00a0\u00a0\u00a0\u00a0\u00a0\u00a0\u00a0 La seguridad que le da su nacionalidad norteamericana, dif\u00edcilmente es renunciable. Ser\u00eda como manejarse en un trapecio, sin red protectora. El tema se observa interesante, estaremos pendientes para rese\u00f1ar los avances.<\/p>\n<p class=\"wp-block-paragraph\"><strong>AVANZA SEGURIDAD EN N. LAREDO, RECONOCE FEDERACI\u00d3N. \u2013\u00a0<\/strong>Es muy significativa la menci\u00f3n que la presidenta Claudia Sheibaum Pardo formul\u00f3 referente a Nuevo Laredo, al referir que en el municipio fronterizo gobernado por Carmen Lilia Canturosas, se vive un cambio en materia de seguridad, y expres\u00f3 que los avances responden a la estrategia implementada en la que concurren los 3 niveles de gobierno, lo que trae consigo, una mayor prosperidad para la poblaci\u00f3n porque da oportunidad al desarrollo de tareas productivas.<\/p>\n<p class=\"wp-block-paragraph\">Durante su conferencia matutina Claudia Sheibaum, contrast\u00f3 las condiciones actuales de esta frontera, con los a\u00f1os en que Nuevo Laredo era identificado por sus altos niveles de violencia en la \u00e9poca de Calder\u00f3n. Record\u00f3 eventos muy conocidos, como fue el secuestro de migrantes, balaceras, \u201cen fin, hoy es de las ciudades donde la gente reconoce mayor seguridad\u201d.<\/p>\n<p class=\"wp-block-paragraph\">\u00a0La presidenta hizo referencia a la Encuesta Nacional de Seguridad P\u00fablica Urbana del INEGI, cuyos resultados muestran una disminuci\u00f3n significativa en la percepci\u00f3n de inseguridad en Nuevo Laredo.<\/p>\n<p class=\"wp-block-paragraph\">Indic\u00f3 que, en junio de 2026, el 26.5% de la poblaci\u00f3n manifest\u00f3 sentirse insegura frente al 34.8%, registrado tres meses antes una reducci\u00f3n de 8.3 puntos porcentuales, la segunda mayor entre las ciudades evaluadas en el pa\u00eds. Con este resultado Nuevo Laredo se ubic\u00f3 como la ciudad de Tamaulipas con menor percepci\u00f3n de inseguridad y la s\u00e9ptima a nivel nacional con el indicador m\u00e1s bajo del promedio nacional de 59.8%.<\/p>\n<p class=\"wp-block-paragraph\">Este reconocimiento a las circunstancias logradas en ese municipio tamaulipeco fronterizo, conlleva de manera sustancial, un reconocimiento al esfuerzo coordinado de los tres niveles de gobierno, el federal, con el estatal que encabeza Am\u00e9rico Villarreal Anaya y el local presidido por la propia Carmen Lilia.<\/p>\n<p class=\"wp-block-paragraph\">En la misma exposici\u00f3n destaca la incidencia delictiva mostrando resultados favorables. Durante el primer semestre de 2026, Nuevo Laredo registr\u00f3 la menor tasa entre las principales ciudades de Tamaulipas, con 22.5 carpetas de investigaci\u00f3n por cada 10,000 habitantes, de acuerdo con cifras de la fiscal\u00eda general de justicia del Estado.<\/p>\n<p class=\"wp-block-paragraph\">\u00a0\u00a0\u00a0\u00a0\u00a0\u00a0\u00a0\u00a0\u00a0\u00a0\u00a0\u00a0<strong>MUNICIPIO FESTEJ\u00d3 A ABUELITAS DE LA CASA DEL ADULTO MAYOR. \u2013\u00a0<\/strong>En un acto que reconoce la invaluable aportaci\u00f3n a la sociedad victorense, el alcalde Lalo Gatt\u00e1s y la presidenta del DIF Victoria, Lucy de Gatt\u00e1s convivieron con las abuelitas de la Casa Club del Adulto Mayor, en un emotivo festejo que exalt\u00f3 la aportaci\u00f3n de esa generaci\u00f3n a la sociedad. Ambos, reconocen en las generaciones de adultos mayores, un tesoro muy importante por su experiencia, cari\u00f1o y el ejemplo que representan para las nuevas generaciones.<\/p>\n<p class=\"wp-block-paragraph\">\u00a0\u00a0\u00a0\u00a0\u00a0\u00a0\u00a0\u00a0\u00a0\u00a0\u00a0 \u00abSon un tesoro para nuestra sociedad, porque ustedes representan nuestras ra\u00edces, nuestros valores y esa sabidur\u00eda que solamente dan los a\u00f1os\u00bb expres\u00f3 Lucy de Gatt\u00e1s. Por su parte, el alcalde Lalo Gatt\u00e1s reafirm\u00f3 el compromiso de su administraci\u00f3n de seguir impulsando programas y espacios dignos para que las y los adultos mayores vivan con bienestar, salud y alegr\u00eda.<\/p>\n<p class=\"wp-block-paragraph\">\u00a0\u00a0\u00a0\u00a0\u00a0\u00a0\u00a0\u00a0\u00a0\u00a0\u00a0 El festejo ofrecido a los adultos mayores incluyo un n\u00famero art\u00edstico y convivio preparado por el Departamento del Adulto Mayor y administradoras de las tres Casas Club. En ese marco el jefe de la Comuna Victorense expres\u00f3: \u00abUstedes son el verdadero esp\u00edritu de Victoria y la fuerza que nos mantiene unidos como ciudad\u00bb.<\/p>\n","protected":false},"excerpt":{"rendered":"<p>\u00a0\u00a0La presidenta Sheinbaum envi\u00f3 al congreso de la uni\u00f3n una iniciativa de reforma constitucional, para exigir que las personas con doble nacionalidad, renuncien a la extranjera antes de solicitar su registro como candidatas. No tenemos duda de que la propuesta presidencial proceda con todas las de la ley, el tema es por que o a [&hellip;]<\/p>\n","protected":false},"author":1,"featured_media":210941,"comment_status":"closed","ping_status":"closed","sticky":false,"template":"","format":"standard","meta":{"footnotes":""},"categories":[16],"tags":[],"class_list":["post-227374","post","type-post","status-publish","format-standard","has-post-thumbnail","hentry","category-opinion"],"_links":{"self":[{"href":"https:\/\/www.elsinodaldetamaulipas.com.mx\/index.php?rest_route=\/wp\/v2\/posts\/227374","targetHints":{"allow":["GET"]}}],"collection":[{"href":"https:\/\/www.elsinodaldetamaulipas.com.mx\/index.php?rest_route=\/wp\/v2\/posts"}],"about":[{"href":"https:\/\/www.elsinodaldetamaulipas.com.mx\/index.php?rest_route=\/wp\/v2\/types\/post"}],"author":[{"embeddable":true,"href":"https:\/\/www.elsinodaldetamaulipas.com.mx\/index.php?rest_route=\/wp\/v2\/users\/1"}],"replies":[{"embeddable":true,"href":"https:\/\/www.elsinodaldetamaulipas.com.mx\/index.php?rest_route=%2Fwp%2Fv2%2Fcomments&post=227374"}],"version-history":[{"count":1,"href":"https:\/\/www.elsinodaldetamaulipas.com.mx\/index.php?rest_route=\/wp\/v2\/posts\/227374\/revisions"}],"predecessor-version":[{"id":227375,"href":"https:\/\/www.elsinodaldetamaulipas.com.mx\/index.php?rest_route=\/wp\/v2\/posts\/227374\/revisions\/227375"}],"wp:featuredmedia":[{"embeddable":true,"href":"https:\/\/www.elsinodaldetamaulipas.com.mx\/index.php?rest_route=\/wp\/v2\/media\/210941"}],"wp:attachment":[{"href":"https:\/\/www.elsinodaldetamaulipas.com.mx\/index.php?rest_route=%2Fwp%2Fv2%2Fmedia&parent=227374"}],"wp:term":[{"taxonomy":"category","embeddable":true,"href":"https:\/\/www.elsinodaldetamaulipas.com.mx\/index.php?rest_route=%2Fwp%2Fv2%2Fcategories&post=227374"},{"taxonomy":"post_tag","embeddable":true,"href":"https:\/\/www.elsinodaldetamaulipas.com.mx\/index.php?rest_route=%2Fwp%2Fv2%2Ftags&post=227374"}],"curies":[{"name":"wp","href":"https:\/\/api.w.org\/{rel}","templated":true}]}}