{"id":227380,"date":"2026-08-29T18:31:46","date_gmt":"2026-08-29T22:31:46","guid":{"rendered":"https:\/\/www.elsinodaldetamaulipas.com.mx\/?p=227380"},"modified":"2026-08-29T18:31:46","modified_gmt":"2026-08-29T22:31:46","slug":"sheinbaum-ensalsa-potencial-economico-de-nuevo-laredo","status":"publish","type":"post","link":"https:\/\/www.elsinodaldetamaulipas.com.mx\/?p=227380","title":{"rendered":"SHEINBAUM ENSALSA POTENCIAL ECONOMICO DE NUEVO LAREDO"},"content":{"rendered":"<p class=\"wp-block-paragraph\">Pues resulta que ahora s\u00ed se puso interesante la cosa\u2026<br \/>\nPorque una cosa es que Carmen Lilia Canturosas diga que Nuevo Laredo est\u00e1 cambiando, otra que el gobernador Am\u00e9rico Villarreal presuma avances y otra muy distinta es que la propia presidenta de M\u00e9xico, Claudia Sheinbaum, salga p\u00fablicamente a reconocer que esta frontera hoy vive una realidad completamente diferente.<br \/>\nLa presidenta Claudia Sheinbaum puso sobre la mesa lo que durante a\u00f1os parec\u00eda imposible para esta frontera, hablar de Nuevo Laredo como una ciudad que hoy ofrece mayor seguridad y prosperidad, despu\u00e9s de haber sido identificada en otros tiempos como uno de los puntos m\u00e1s violentos del pa\u00eds.<br \/>\nY para que nadie diga que se trata solamente de propaganda pol\u00edtica, ah\u00ed est\u00e1n las cifras.<br \/>\nEn tiempos de Felipe Calder\u00f3n, record\u00f3 Sheinbaum, Nuevo Laredo era escenario de violencia que marc\u00f3 profundamente a la poblaci\u00f3n.<br \/>\nHoy la historia es diferente.<br \/>\nDe acuerdo con la ENSU del INEGI, en junio de 2026 solamente 26.5 por ciento de los neolaredenses manifest\u00f3 sentirse inseguro, cuando tres meses antes la cifra era de 34.8 por ciento.<br \/>\nSon 8.3 puntos porcentuales menos.<br \/>\nY mientras el promedio nacional alcanza 59.8 por ciento, Nuevo Laredo aparece con apenas 26.5 por ciento.<br \/>\n\u00a1Vaya cambio!<br \/>\nLa ciudad fronteriza que durante a\u00f1os carg\u00f3 con la etiqueta, hoy aparece entre las ciudades con menor percepci\u00f3n de inseguridad de todo M\u00e9xico.<br \/>\nY aqu\u00ed viene lo interesante para quienes todav\u00eda quieren explicar la realidad de Nuevo Laredo con el librito viejo de la grilla.<br \/>\nEsto no lo hizo una sola persona.<br \/>\nAqu\u00ed hay coordinaci\u00f3n.<br \/>\nLa estrategia del Gobierno de M\u00e9xico encabezado por Claudia Sheinbaum Pardo, el trabajo del gobernador Am\u00e9rico Villarreal Anaya y las acciones del Gobierno Municipal de Carmen Lilia Canturosas Villarreal forman parte de una misma ruta, trabajar juntos en lugar de andar jalando cada quien para su lado.<br \/>\nPorque cuando los tres niveles de gobierno se coordinan, los resultados terminan apareciendo.<br \/>\nY no solamente en seguridad.<br \/>\nLa propia presidenta Sheinbaum lo dijo claramente, Nuevo Laredo tiene mejores condiciones de seguridad, pero tambi\u00e9n mayor prosperidad para su gente.<br \/>\nAh\u00ed est\u00e1 precisamente una de las claves del cambio que ha vivido la ciudad durante estos cinco a\u00f1os de administraci\u00f3n de Carmen Lilia.<br \/>\nPorque Nuevo Laredo no solamente ha cambiado en las estad\u00edsticas.<br \/>\nHa cambiado en sus calles, en sus espacios p\u00fablicos, en sus servicios, en su infraestructura, en sus oportunidades y en la manera en que la ciudad se proyecta hacia el futuro.<br \/>\nDurante cinco a\u00f1os, el gobierno de Carmen Lilia ha mantenido una agenda de obras, infraestructura, educaci\u00f3n, bienestar, recuperaci\u00f3n de espacios p\u00fablicos, empleo e inversi\u00f3n.<br \/>\nY eso tambi\u00e9n es seguridad.<br \/>\nPorque una ciudad con mejores calles, mejores servicios, escuelas, espacios p\u00fablicos recuperados, oportunidades para los j\u00f3venes y condiciones para atraer inversi\u00f3n es una ciudad que genera bienestar.<br \/>\nNo se trata solamente de poner patrullas en las calles.<br \/>\nSe trata de construir las condiciones para que la gente tenga motivos para vivir mejor y menos razones para sentirse abandonada.<br \/>\nPor eso resulta particularmente significativo que sea Claudia Sheinbaum, desde la Presidencia de M\u00e9xico, quien coloque a Nuevo Laredo como ejemplo del cambio.<br \/>\nY tambi\u00e9n que ese reconocimiento llegue en un momento en que la frontera atraviesa una transformaci\u00f3n profunda.<br \/>\nAqu\u00ed hay una f\u00f3rmula que est\u00e1 funcionando, Claudia Sheinbaum desde la Federaci\u00f3n, Am\u00e9rico Villarreal desde el Estado y Carmen Lilia desde el Municipio.<br \/>\nTres \u00f3rdenes de gobierno, una misma ciudad y un objetivo com\u00fan, que Nuevo Laredo avance.<br \/>\nY mientras algunos siguen buscando fantasmas pol\u00edticos en el pasado, los neolaredenses est\u00e1n viendo algo mucho m\u00e1s tangible, una ciudad que durante cinco a\u00f1os ha cambiado y que ese cambio ha sido para beneficio de sus habitantes.<br \/>\nLos n\u00fameros son contundentes.<br \/>\nMenor percepci\u00f3n de inseguridad.<br \/>\nM\u00e1s infraestructura.<br \/>\nM\u00e1s inversi\u00f3n.<br \/>\nM\u00e1s empleo.<br \/>\nM\u00e1s espacios recuperados.<br \/>\nM\u00e1s oportunidades.<br \/>\nY ahora, adem\u00e1s, un reconocimiento presidencial que pone a Nuevo Laredo en el escaparate nacional.<br \/>\nNuevo Laredo cambi\u00f3.<br \/>\nY esta vez no lo dice solamente el Gobierno Municipal.<br \/>\nLo presume la Presidenta de M\u00e9xico\u2026 \u00bfQu\u00e9, no?, NOS LEEMOS.<br \/>\nComentarios:\u00a0<a href=\"mailto:pedropnatividad@gmail.com\" target=\"_blank\" rel=\"noopener\">pedropnatividad@gmail.com<\/a><\/p>\n","protected":false},"excerpt":{"rendered":"<p>Pues resulta que ahora s\u00ed se puso interesante la cosa\u2026 Porque una cosa es que Carmen Lilia Canturosas diga que Nuevo Laredo est\u00e1 cambiando, otra que el gobernador Am\u00e9rico Villarreal presuma avances y otra muy distinta es que la propia presidenta de M\u00e9xico, Claudia Sheinbaum, salga p\u00fablicamente a reconocer que esta frontera hoy vive una [&hellip;]<\/p>\n","protected":false},"author":1,"featured_media":212027,"comment_status":"closed","ping_status":"closed","sticky":false,"template":"","format":"standard","meta":{"footnotes":""},"categories":[16],"tags":[],"class_list":["post-227380","post","type-post","status-publish","format-standard","has-post-thumbnail","hentry","category-opinion"],"_links":{"self":[{"href":"https:\/\/www.elsinodaldetamaulipas.com.mx\/index.php?rest_route=\/wp\/v2\/posts\/227380","targetHints":{"allow":["GET"]}}],"collection":[{"href":"https:\/\/www.elsinodaldetamaulipas.com.mx\/index.php?rest_route=\/wp\/v2\/posts"}],"about":[{"href":"https:\/\/www.elsinodaldetamaulipas.com.mx\/index.php?rest_route=\/wp\/v2\/types\/post"}],"author":[{"embeddable":true,"href":"https:\/\/www.elsinodaldetamaulipas.com.mx\/index.php?rest_route=\/wp\/v2\/users\/1"}],"replies":[{"embeddable":true,"href":"https:\/\/www.elsinodaldetamaulipas.com.mx\/index.php?rest_route=%2Fwp%2Fv2%2Fcomments&post=227380"}],"version-history":[{"count":1,"href":"https:\/\/www.elsinodaldetamaulipas.com.mx\/index.php?rest_route=\/wp\/v2\/posts\/227380\/revisions"}],"predecessor-version":[{"id":227381,"href":"https:\/\/www.elsinodaldetamaulipas.com.mx\/index.php?rest_route=\/wp\/v2\/posts\/227380\/revisions\/227381"}],"wp:featuredmedia":[{"embeddable":true,"href":"https:\/\/www.elsinodaldetamaulipas.com.mx\/index.php?rest_route=\/wp\/v2\/media\/212027"}],"wp:attachment":[{"href":"https:\/\/www.elsinodaldetamaulipas.com.mx\/index.php?rest_route=%2Fwp%2Fv2%2Fmedia&parent=227380"}],"wp:term":[{"taxonomy":"category","embeddable":true,"href":"https:\/\/www.elsinodaldetamaulipas.com.mx\/index.php?rest_route=%2Fwp%2Fv2%2Fcategories&post=227380"},{"taxonomy":"post_tag","embeddable":true,"href":"https:\/\/www.elsinodaldetamaulipas.com.mx\/index.php?rest_route=%2Fwp%2Fv2%2Ftags&post=227380"}],"curies":[{"name":"wp","href":"https:\/\/api.w.org\/{rel}","templated":true}]}}