{"id":227382,"date":"2026-08-30T10:19:54","date_gmt":"2026-08-30T14:19:54","guid":{"rendered":"https:\/\/www.elsinodaldetamaulipas.com.mx\/?p=227382"},"modified":"2026-08-30T10:19:54","modified_gmt":"2026-08-30T14:19:54","slug":"el-desgarriate-de-alfonso-cepeda-salas","status":"publish","type":"post","link":"https:\/\/www.elsinodaldetamaulipas.com.mx\/?p=227382","title":{"rendered":"EL DESGARRIATE DE ALFONSO CEPEDA SALAS"},"content":{"rendered":"<p class=\"wp-block-paragraph\"><strong>DESDE MU AULA<\/strong><\/p>\n<p class=\"wp-block-paragraph\"><strong>Prof. Miguel \u00c1ngel Tovar Tapia.<\/strong><\/p>\n<p class=\"wp-block-paragraph\">Seguramente, a ra\u00edz de la humillante derrota de morena en la elecci\u00f3n de Coahuila, donde el l\u00edder nacional del SNTE moviliz\u00f3 a la \u201cestructura magisterial\u201d, para asegurar el triunfo al partido en el poder. Lo convirti\u00f3 en una persona \u201cno confiable\u201d para el sistema pol\u00edtico.<\/p>\n<p class=\"wp-block-paragraph\">Cepeda Salas, haciendo mancuerna con la ex Diputada Federal, y ex Secretaria de Educaci\u00f3n en Chiapas, Sonia Rinc\u00f3n Chanona, dise\u00f1aron la operaci\u00f3n pol\u00edtica electoral, donde le garantizaban a la presidente Claudia Sheinbaum, una arrasadora victoria en el estado natal del frustrado \u201cl\u00edder\u201d.<\/p>\n<p class=\"wp-block-paragraph\">Los \u201cexpertos\u201d operadores pol\u00edticos del SNTE, ya cargaban en sus espaldas las derrotas consecutivas en los estados de Durango y Veracruz.<\/p>\n<p class=\"wp-block-paragraph\">La factura y el costo pol\u00edtico que seguramente pagar\u00e1 Cepeda, tendr\u00e1 fuertes consecuencias para el magisterio.<\/p>\n<p class=\"wp-block-paragraph\">La estupidez de ofrecerle el SNTE, a la titular del ejecutivo federal, como un organismo subordinado a intereses pol\u00edticos y gubernamentales. Y que adem\u00e1s de garantizar el \u201cvoto corporativo\u201d, le asegur\u00f3 que millones de Maestras y Maestros,\u00a0 \u00a1se afiliar\u00edan a Morena!<\/p>\n<p class=\"wp-block-paragraph\">Los consecutivos fracasos electorales lo tienen descontrolado. La angustia por seguir dominando el ente gremial, no lo ubica en la realidad.<\/p>\n<p class=\"wp-block-paragraph\">Es por ello que recientemente en su visita al estado de Hidalgo se le cuestiono por las convocatorias de los cambios seccionales que est\u00e1n pendientes en varios estados, y sobre todo las que se aproximan.<\/p>\n<p class=\"wp-block-paragraph\">Respondi\u00f3 que llevar\u00e1 a cabo una consulta con el CONSEJO NACIONAL DEL SNTE, para que consideren que no se deben \u201cempalmar\u201d las elecciones constitucionales con las sindicales y as\u00ed evitar lo que pol\u00edticamente est\u00e1 de moda,\u00a0<strong>\u201cEL INJERENSISMO\u201d.<\/strong><\/p>\n<p class=\"wp-block-paragraph\">Primeramente hay que informarle al \u201cl\u00edder\u201d nacional, y por supuesto al local de la Secci\u00f3n 30, del SNTE, que legalmente \u00a0\u201c<strong><em>no existen excepciones que eximan a un sindicato de su obligaci\u00f3n de publicar la convocatoria\u201d<\/em><\/strong>\u00a0<strong>para llevar a cabo los cambios de Comit\u00e9s Seccionales y Delegacionales.<\/strong><\/p>\n<p class=\"wp-block-paragraph\"><strong>Y suponiendo que llegase a existir una excepci\u00f3n para posponer una elecci\u00f3n sindical, tendr\u00eda que ser estrictamente EN MATERIA DE SALUD, tal y como lo fue con el Prof. Rigoberto Guevara, durante la pandemia del Covid-19.<\/strong><\/p>\n<p class=\"wp-block-paragraph\"><strong>Es por ello, que el Magistrado Presidente del Tribunal Federal de Conciliaci\u00f3n y Arbitraje, (TFCA),<\/strong>\u00a0<strong>LIC. CRISTOBAL ARIAS SOLIS,<\/strong>\u00a0<strong>tiene competencia para conocer de los conflictos sindicales, tal y como lo mandata el Articulo 124, fracci\u00f3n IV, de la Ley Federal de los Trabajadores al Servicio del Estado.<\/strong><\/p>\n<p class=\"wp-block-paragraph\"><strong>Este mismo ordenamiento legal, menciona en su Art\u00edculo 125;<\/strong>\u00a0<strong><em>\u201ctan pronto reciba la primera promoci\u00f3n de un conflicto sindical, citara a las partes\u201d,<\/em><\/strong>\u00a0<strong>dentro de los tres primeros d\u00edas.<\/strong><\/p>\n<p class=\"wp-block-paragraph\"><strong>Posterior a ello, el TFCA estar\u00e1 en posibilidades de dictar el respectivo laudo, que obligar\u00e1 a su cumplimiento con el car\u00e1cter de sentencia ejecutoriada.<\/strong><\/p>\n<p class=\"wp-block-paragraph\"><strong>Debido a que el estatuto del SNTE no contempla aplazamientos de elecciones sindicales por causa de elecciones partidistas ni constitucionales.<\/strong><\/p>\n<p class=\"wp-block-paragraph\"><strong>Por lo tanto, el TFCA est\u00e1 en condiciones de exigir al SNTE que publique las convocatorias de cambios seccionales.<\/strong><\/p>\n<p class=\"wp-block-paragraph\"><strong>Cepeda conoce perfectamente las reglas del juego. Y en forma dram\u00e1tica y desesperada, recurre a los integrantes del CONSEJO NACIONAL DEL SNTE, (cobro de favores) para extender indebidamente y de forma unilateral los periodos seccionales.<\/strong><\/p>\n<p class=\"wp-block-paragraph\"><strong>Cargando sobre sus espaldas los fracasos electorales ya comentados, busca con la angustia reflejada en el rostro, extender periodos seccionales para blindar a sus c\u00f3mplices con la obtenci\u00f3n de un fuero constitucional en la pr\u00f3xima elecci\u00f3n 2027.<\/strong><\/p>\n<p class=\"wp-block-paragraph\"><strong>Porque tiene perfectamente claro, que no es lo mismo un Secretario Seccional como candidato a una diputaci\u00f3n federal, que un ex secretario seccional como candidato.<\/strong><\/p>\n<p class=\"wp-block-paragraph\"><strong>A ning\u00fan partido pol\u00edtico le interesar\u00eda. Ah\u00ed est\u00e1 la gran diferencia.<\/strong><\/p>\n<p class=\"wp-block-paragraph\"><strong>Por otro lado, Cepeda, con la fant\u00e1stica excusa de no interferir en las elecciones para gobernadores, tratar\u00eda de poner en pausa las elecciones sindicales.<\/strong><\/p>\n<p class=\"wp-block-paragraph\"><strong>Pero en Tamaulipas no existe una elecci\u00f3n para gobernador.<\/strong><\/p>\n<p class=\"wp-block-paragraph\"><strong>Saben perfectamente que el tiempo se les termina y no encuentran ning\u00fan motivo legal para ampliar periodos sindicales.<\/strong><\/p>\n<p class=\"wp-block-paragraph\"><strong>El sue\u00f1o de Alfonso por ser gobernador de Coahuila, se hizo pedazos. Ya ni su sombra cree en \u00e9l, mucho menos el magisterio.<\/strong><\/p>\n<p class=\"wp-block-paragraph\"><strong>De no publicarse la convocatoria, la reacci\u00f3n de las y los Docentes Tamaulipecos, es impredecible.<\/strong><\/p>\n<p class=\"wp-block-paragraph\"><strong>La expectativa por la decisi\u00f3n del Consejo Nacional, causa incertidumbre en su veredicto.\u00a0\u00a0 \u00bfPondr\u00e1n en riesgo la Toma de Nota?<\/strong><\/p>\n<p class=\"wp-block-paragraph\"><strong>Ante la serie de fracasos y corrupci\u00f3n, Alfonso Cepeda Salas, puede ser un hombre con suerte.<\/strong><\/p>\n<p class=\"wp-block-paragraph\"><strong>Claro, de no ser vinculado en que los gastos de las campa\u00f1as electorales de los partidos pol\u00edticos, en las que ha participado el SNTE, no sean de las cuotas sindicales.<\/strong><\/p>\n<p class=\"wp-block-paragraph\"><strong>O peor, del Huachicol Fiscal.<\/strong><\/p>\n<p class=\"wp-block-paragraph\"><strong>\u00a1ARNULFO DEBE RETIRARSE CON DIGNIDAD!<\/strong><\/p>\n<p class=\"wp-block-paragraph\"><strong>\u00a1TAMAULIPAS YA TIENE OPCION SINDICAL Y CAJA DE AHORRO!<\/strong><\/p>\n<p class=\"wp-block-paragraph\"><strong>\u00bfLOS ASPIRANTES A LA 30, EXIGIRAN LEGALMENTE LA CONVOCATORIA?<\/strong><\/p>\n<p class=\"wp-block-paragraph\"><strong>\u00a1MAESTRAS Y MAESTROS, \u00c9XITO EN EL NUEVO CICLO ESCOLAR\u00a1<\/strong><\/p>\n<p class=\"wp-block-paragraph\"><strong>miguel_a_tovar_1607@hotmail.com<\/strong><\/p>\n","protected":false},"excerpt":{"rendered":"<p>DESDE MU AULA Prof. Miguel \u00c1ngel Tovar Tapia. Seguramente, a ra\u00edz de la humillante derrota de morena en la elecci\u00f3n de Coahuila, donde el l\u00edder nacional del SNTE moviliz\u00f3 a la \u201cestructura magisterial\u201d, para asegurar el triunfo al partido en el poder. Lo convirti\u00f3 en una persona \u201cno confiable\u201d para el sistema pol\u00edtico. Cepeda Salas, [&hellip;]<\/p>\n","protected":false},"author":1,"featured_media":227383,"comment_status":"closed","ping_status":"closed","sticky":false,"template":"","format":"standard","meta":{"footnotes":""},"categories":[16,1],"tags":[],"class_list":["post-227382","post","type-post","status-publish","format-standard","has-post-thumbnail","hentry","category-opinion","category-portada"],"_links":{"self":[{"href":"https:\/\/www.elsinodaldetamaulipas.com.mx\/index.php?rest_route=\/wp\/v2\/posts\/227382","targetHints":{"allow":["GET"]}}],"collection":[{"href":"https:\/\/www.elsinodaldetamaulipas.com.mx\/index.php?rest_route=\/wp\/v2\/posts"}],"about":[{"href":"https:\/\/www.elsinodaldetamaulipas.com.mx\/index.php?rest_route=\/wp\/v2\/types\/post"}],"author":[{"embeddable":true,"href":"https:\/\/www.elsinodaldetamaulipas.com.mx\/index.php?rest_route=\/wp\/v2\/users\/1"}],"replies":[{"embeddable":true,"href":"https:\/\/www.elsinodaldetamaulipas.com.mx\/index.php?rest_route=%2Fwp%2Fv2%2Fcomments&post=227382"}],"version-history":[{"count":1,"href":"https:\/\/www.elsinodaldetamaulipas.com.mx\/index.php?rest_route=\/wp\/v2\/posts\/227382\/revisions"}],"predecessor-version":[{"id":227384,"href":"https:\/\/www.elsinodaldetamaulipas.com.mx\/index.php?rest_route=\/wp\/v2\/posts\/227382\/revisions\/227384"}],"wp:featuredmedia":[{"embeddable":true,"href":"https:\/\/www.elsinodaldetamaulipas.com.mx\/index.php?rest_route=\/wp\/v2\/media\/227383"}],"wp:attachment":[{"href":"https:\/\/www.elsinodaldetamaulipas.com.mx\/index.php?rest_route=%2Fwp%2Fv2%2Fmedia&parent=227382"}],"wp:term":[{"taxonomy":"category","embeddable":true,"href":"https:\/\/www.elsinodaldetamaulipas.com.mx\/index.php?rest_route=%2Fwp%2Fv2%2Fcategories&post=227382"},{"taxonomy":"post_tag","embeddable":true,"href":"https:\/\/www.elsinodaldetamaulipas.com.mx\/index.php?rest_route=%2Fwp%2Fv2%2Ftags&post=227382"}],"curies":[{"name":"wp","href":"https:\/\/api.w.org\/{rel}","templated":true}]}}