{"id":227385,"date":"2026-08-31T10:10:34","date_gmt":"2026-08-31T14:10:34","guid":{"rendered":"https:\/\/www.elsinodaldetamaulipas.com.mx\/?p=227385"},"modified":"2026-08-31T20:22:30","modified_gmt":"2026-09-01T00:22:30","slug":"a-que-juega-el-fiscal-anticorrupcion","status":"publish","type":"post","link":"https:\/\/www.elsinodaldetamaulipas.com.mx\/?p=227385","title":{"rendered":"\u00bfA QU\u00c9 JUEGA EL FISCAL ANTICORRUPCI\u00d3N?"},"content":{"rendered":"<div class=\"post-content\">\n<p class=\"wp-block-paragraph\">El uno de julio del 2023,\u00a0<strong>TANIA GISELA CONTRERAS L\u00d3PEZ<\/strong>, a la saz\u00f3n titular de la Consejer\u00eda Jur\u00eddica del Gobierno de\u00a0<strong>AM\u00c9RICO VILLARREAL ANAYA<\/strong>, anunci\u00f3 que la Administraci\u00f3n estatal presentar\u00eda al menos ocho nuevas denuncias en contra del anterior sexenio (2016\/2022), que comand\u00f3 el panista\/cabecista\u00a0<strong>FRANCISCO GARC\u00cdA CABEZA DE VACA<\/strong>, por lo que las quejas llegar\u00edan a 60\u2026 \u00a1<strong><em>Zaaas culebra<\/em><\/strong>!<\/p>\n<p class=\"wp-block-paragraph\">Aunque las denuncias se presentaron en su momento, debemos recordar que la Fiscal\u00eda Especializada en el Combate a la Corrupci\u00f3n, nunca le movi\u00f3 al asunto porque en esa fecha estaba a cargo del \u201ccabecista\u201d,\u00a0<strong>RA\u00daL RAM\u00cdREZ CASTA\u00d1EDA<\/strong>.<\/p>\n<p class=\"wp-block-paragraph\">Aunque la Legislatura pasada, cuya presidenta de la Junta de Gobierno era la inepta de\u00a0<strong>\u00daRSULA SALAZAR MOJICA<\/strong>\u00a0intent\u00f3 \u201creventar\u201d a\u00a0<strong>RAM\u00cdREZ CASTA\u00d1EDA<\/strong>, la dama nunca pudo y siempre le \u201ccomi\u00f3 el mandado\u201d a la sobrina olvidada del hoy expresidente\u00a0<strong>ANDR\u00c9S MANUEL L\u00d3PEZ OBRADOR<\/strong>.<\/p>\n<p class=\"wp-block-paragraph\"><strong>RAM\u00cdREZ CASTA\u00d1EDA<\/strong>\u00a0se cans\u00f3 de hacer quedar mal a\u00a0<strong>SALAZAR MOJICA<\/strong>, al Grupo Parlamentario del Movimiento de Regeneraci\u00f3n Nacional (Morena) en el Congreso local y a la Cuarta Transformaci\u00f3n, porque se fue cuando quiso y como quiso, al grado de que el \u201ccabecista\u201d exfiscal Anticorrupci\u00f3n sigue sin ser molestado\u2026 \u00a1<strong><em>Qu\u00e9 gacho Tacho<\/em><\/strong>!<\/p>\n<p class=\"wp-block-paragraph\">Tampoco debemos olvidar que su lugar lo intent\u00f3 ocupar\u00a0<strong>JES\u00daS EDUARDO GOVEA OROZCO<\/strong>, pero, as\u00ed como lleg\u00f3 a la Anticorrupci\u00f3n debi\u00f3 dejar el despacho por un tremendo amparo de\u00a0<strong>RAM\u00cdREZ CASTA\u00d1EDA<\/strong>, que agudiz\u00f3 la crisis pol\u00edtica y se hasti\u00f3 de dejar mal parada a\u00a0<strong>SALAZAR MOJICA<\/strong>, quien sigue so\u00f1ando con ser candidata de Morena a la alcald\u00eda de Tampico\u2026 \u00a1<strong><em>Ufff<\/em><\/strong>!<\/p>\n<p class=\"wp-block-paragraph\">Ahora que tambi\u00e9n debemos recordar que cuando\u00a0<strong>RAM\u00cdREZ CASTA\u00d1EDA<\/strong>\u00a0anunci\u00f3 su salida, por fin lleg\u00f3\u00a0<strong>JES\u00daS EDUARDO GOVEA OROZCO<\/strong>\u00a0a la Fiscal\u00eda Especializada en el Combate a la Corrupci\u00f3n y comenz\u00f3 una supuesta limpia en el \u00e1rea de todo lo que oliera a \u201ccabecismo\u201d\u2026 \u00a1<strong><em>Ch\u00fapale pich\u00f3n<\/em><\/strong>!<\/p>\n<p class=\"wp-block-paragraph\">Fue un 20 de febrero del 2024, cuando\u00a0<strong>JOS\u00c9 CARLOS MORA GARC\u00cdA<\/strong>, abogado de la Universidad Aut\u00f3noma de Tamaulipas (UAT), en rueda de prensa, confirm\u00f3 que present\u00f3 una denuncia en contra del\u00a0exgobernador\u00a0<strong>FRANCISCO GARC\u00cdA CABEZA DE VACA\u00a0<\/strong>y el\u00a0exrector\u00a0<strong>GUILLERMO MENDOZA CAVAZOS<\/strong>, as\u00ed como en contra del exsecretario general del Gobierno de Tamaulipas,\u00a0<strong>GERARDO PE\u00d1A FLORES<\/strong>, y el exsecretario de Administraci\u00f3n,\u00a0<strong>JES\u00daS ALBERTO SALAZAR ANZALD\u00daA<\/strong>\u00a0por los delitos de Ejercicio il\u00edcito de servicio p\u00fablico, Peculado, Coalici\u00f3n de servidores p\u00fablicos y uso il\u00edcito de atribuciones y facultades.<\/p>\n<p class=\"wp-block-paragraph\">Ahora bien, tambi\u00e9n es necesario recordar que casi 70 d\u00edas despu\u00e9s de haber llegado al cargo de Fiscal Anticorrupci\u00f3n,\u00a0<strong>GOVEA OROZCO<\/strong>\u00a0anunci\u00f3 un 28 de enero del 2025, que el exgobernador\u00a0<strong>FRANCISCO GARC\u00cdA CABEZA DE VACA\u00a0<\/strong>y otros exfuncionarios de primer nivel de su administraci\u00f3n estaban implicados en las investigaciones que llevaban a cabo por diferentes carpetas de investigaci\u00f3n.<\/p>\n<p class=\"wp-block-paragraph\">S\u00famela que el 19 de febrero del 2025, nuevamente la todav\u00eda Consejera Jur\u00eddica del Estado,\u00a0<strong>TANIA GISELA CONTRERAS L\u00d3PEZ<\/strong>, confirmaba que el exgobernador\u00a0<strong>FRANCISCO GARC\u00cdA<\/strong>\u00a0<strong>CABEZA DE VACA<\/strong>\u00a0podr\u00eda ser vinculado a proceso, ya que el Gobierno de Tamaulipas hab\u00eda interpuesto denuncias ante la Fiscal\u00eda General de Justicia del Estado, en ese tiempo comandada por el \u201ccalderonista\/cabecista\u201d,\u00a0<strong>IRVING BARRIOS MOJICA<\/strong>.<\/p>\n<p class=\"wp-block-paragraph\">Fue un 16 de diciembre del 2025, cuando\u00a0<strong>JES\u00daS EDUARDO GOVEA OROZCO<\/strong>, asumi\u00f3 formalmente el cargo como\u00a0Fiscal General de Justicia del Estado\u00a0de Tamaulipas, tras dejar el cargo de titular de la Fiscal\u00eda Especializada en el Combate a la Corrupci\u00f3n, y desde su llegada, confirm\u00f3 una y otra vez la existencia de carpetas de investigaci\u00f3n as\u00ed como indagatorias que implicaban a exfuncionarios de primer nivel y al exgobernador\u00a0<strong>FRANCISCO GARC\u00cdA CABEZA DE VACA<\/strong>\u00a0por diversos delitos de fuero com\u00fan relacionados con el manejo de recursos p\u00fablicos.<\/p>\n<p class=\"wp-block-paragraph\">Ahora \u2014en este 2026\u2014\u00a0<strong>TANIA GISELA CONTRERAS L\u00d3PEZ<\/strong>, es la presidenta del Supremo Tribunal de Justicia del Estado de Tamaulipas, tras dejar la Consejer\u00eda Jur\u00eddica del Gobierno de Tamaulipas\u2026 \u00a1<strong><em>Tsss<\/em><\/strong>!<\/p>\n<p class=\"wp-block-paragraph\">Por lo anterior, todo este largo pre\u00e1mbulo, sirve para confirmar que de nada valieron los \u201cesfuerzos\u201d de\u00a0<strong>TANIA CONTRERAS<\/strong>, como consejera jur\u00eddica, de\u00a0<strong>GOVEA OROZCO<\/strong>, como fiscal Anticorrupci\u00f3n y de\u00a0<strong>MORA GARC\u00cdA<\/strong>, como abogado de la UAT, si el actual titular de la Fiscal\u00eda Especializada en el Combate a la Corrupci\u00f3n,\u00a0<strong>ANDR\u00c9S NORBERTO GARC\u00cdA REPPER FAVILA<\/strong>, la semana pasada, confirm\u00f3 en entrevista con el programa \u201c<strong><em>Aristegui Noticia<\/em><\/strong>\u201d, que en Tamaulipas no hay ninguna denuncia y tampoco hay nada en contra del exgobernador panista,\u00a0<strong>FRANCISCO GARC\u00cdA CABEZA DE VACA<\/strong>\u2026 \u00a1<strong><em>Santas Baticonfusiones<\/em><\/strong>!<\/p>\n<p class=\"wp-block-paragraph\">Aunque\u00a0<strong>GARC\u00cdA REPPER FAVILA<\/strong>\u00a0solicit\u00f3 el derecho de r\u00e9plica, por la entrevista que previamente le hab\u00eda hecho al exgobernador\u00a0<strong>GARC\u00cdA CABEZA DE VACA<\/strong>, la realidad es que el texano\/reynosense nunca se refiri\u00f3 al fiscal Anticorrupci\u00f3n; por lo que solito se evidenci\u00f3 \u201cfan\u201d de la entrevistadora y muy apurado por salir a cuadro\u2026 \u00a1<strong><em>Sacarr\u00e1catelas<\/em><\/strong>!<\/p>\n<p class=\"wp-block-paragraph\">Aunque, eso s\u00ed, vale reconocer que el fiscal anticorrupci\u00f3n tamaulipeco desmont\u00f3, ladrillo por ladrillo, la narrativa de \u201cperseguido pol\u00edtico\u201d que durante a\u00f1os ha querido fabricarse el exgobernador\u00a0<strong>FRANCISCO JAVIER GARC\u00cdA CABEZA DE VACA<\/strong>, al aclarar que la Fiscal\u00eda que \u00e9l (<strong>GARC\u00cdA REPPER<\/strong>) encabeza no tiene actualmente caso, imputaci\u00f3n ni acusaci\u00f3n alguna contra el jefe de \u201cCartel Texano\u201d\u2026 \u00a1<strong><em>Ufff<\/em><\/strong>!<\/p>\n<p class=\"wp-block-paragraph\"><strong>OJO AL DATO, dijo el garabato<\/strong>:\u00a0<strong>GARC\u00cdA REPPER<\/strong>\u00a0lleg\u00f3 al cargo el cinco de febrero de este a\u00f1o y, desde su comparecencia ante el Congreso del estado, se comprometi\u00f3 p\u00fablicamente a no usar la Fiscal\u00eda como arma pol\u00edtica. S\u00f3lo que la \u201ccabecista\u201d\u00a0<strong>YAHLEEL ABDALA CARMONA<\/strong>, ha se\u00f1alado en m\u00faltiples ocasiones de que el fiscal Anticorrupci\u00f3n mantiene una persecuci\u00f3n pol\u00edtica en su contra al imputarle un desfalco millonario cuando fue secretaria de Bienestar\u2026 \u00a1<strong><em>AyWey<\/em><\/strong>!<\/p>\n<p class=\"wp-block-paragraph\"><strong>GARC\u00cdA REPPER<\/strong>\u00a0asegur\u00f3 en la entrevista que: \u201c<em>No iba a cobrar facturas pol\u00edticas, ni hacer cacer\u00edas de bruja, ni descarrilar carreras<\/em>\u201d, fue su compromiso, palabras m\u00e1s, palabras menos, y hasta diputados panistas avalaron su llegada\u2026<\/p>\n<p class=\"wp-block-paragraph\">Aqu\u00ed es donde la narrativa victimista de\u00a0<strong>CABEZA DE VACA<\/strong>\u00a0hace agua por todos lados, porque el propio Fiscal fue claro al decir que lo que hoy enfrenta el exgobernador en tribunales no corresponde a la Fiscal\u00eda Anticorrupci\u00f3n estatal, sino a otras instancias y competencias, muchas de ellas federales, como el tema del presunto huachicol\u2026<\/p>\n<p class=\"wp-block-paragraph\">Y aunque\u00a0<strong>GARC\u00cdA REEPER<\/strong>\u00a0ten\u00eda m\u00e1s inter\u00e9s en aclarar que en Tamaulipas no se le persigue pol\u00edticamente al exgobernador, lo cierto es que sus palabras \u201ctumbaron\u201d todas las declaraciones y puso en duda los comentarios que en su momento vertieron la magistrada\u00a0<strong>CONTRERAS L\u00d3PEZ<\/strong>, el fiscal general\u00a0<strong>GOVEA OROZCO<\/strong>\u00a0y el abogado de la UAT,\u00a0<strong>MORA GARC\u00cdA<\/strong>.<\/p>\n<p class=\"wp-block-paragraph\">El zar Anticorrupci\u00f3n, en la entrevista, cit\u00f3: \u201c<em>El p\u00fablico a veces no distingue cu\u00e1ndo se trata de la competencia federal o de la competencia estatal<\/em>\u201d, explic\u00f3, dejando en evidencia que la confusi\u00f3n \u2014\u00bfo la manipulaci\u00f3n?\u2014 le ha servido al cabecismo para victimizarse a modo\u2026 \u00bfPues de qu\u00e9 lado estar\u00e1\u00a0<strong>GARC\u00cdA REPPER<\/strong>\u2026? \u00a1<strong><em>Calla pes\u00e1o<\/em><\/strong>!<\/p>\n<p class=\"wp-block-paragraph\"><strong>M\u00c1S CLARO, dijo la oscuridad<\/strong>: el Zar Anticorrupci\u00f3n dijo que\u00a0<strong>GARC\u00cdA CABEZA DE VACA<\/strong>\u00a0es, en estricto sentido jur\u00eddico, un pr\u00f3fugo de la justicia, categor\u00eda que el fiscal no usa como insulto, sino como lo que dicta el art\u00edculo 38 constitucional: suspensi\u00f3n de derechos y prerrogativas desde el momento en que se emite una orden de aprehensi\u00f3n hasta que prescriba la acci\u00f3n penal. Y no, no hace falta estar fuera del pa\u00eds para cargar esa etiqueta; basta con no presentarse ante la autoridad que orden\u00f3 la captura\u2026 \u00a1<strong><em>Ay nanita<\/em><\/strong>!<\/p>\n<p class=\"wp-block-paragraph\">Ese detalle no es menor, porque el propio fiscal record\u00f3 que esta condici\u00f3n ya fue analizada por el Tribunal Electoral en 2024, cuando el exgobernador pretendi\u00f3 colarse como candidato a diputado federal plurinominal por el Partido Acci\u00f3n Nacional. La conclusi\u00f3n fue contundente: ser pr\u00f3fugo de la justicia impide ejercer derechos pol\u00edtico-electorales, ni votar ni ser votado, sobre todo porque\u00a0<strong>CABEZA DE VACA\u00a0<\/strong>quiere ser presidente de M\u00e9xico\u2026 \u00a1<strong><em>Santas Batirealidades<\/em><\/strong>!<\/p>\n<p class=\"wp-block-paragraph\"><strong>EN CONCRETO, dijo el alba\u00f1il<\/strong>: Aunque\u00a0<strong>GARC\u00cdA REPPER<\/strong>\u00a0puso sobre la mesa un dato que deber\u00eda incomodar m\u00e1s a\u00a0<strong>CABEZA DE VACA<\/strong>\u00a0que cualquier se\u00f1alamiento pol\u00edtico, al exponer que sali\u00f3 del estado tres d\u00edas antes de concluir su gesti\u00f3n y nunca volvi\u00f3, lo cierto que al asegurar que como Zar Anticorrupci\u00f3n no hab\u00eda ninguna denuncia en contra del exgobernador, caus\u00f3 m\u00e1s confusi\u00f3n todav\u00eda, porque sigue la pregunta sin responder: \u00bfentonces el trabajo de la exconsejera jur\u00eddica, del exfiscal anticorrupci\u00f3n y del exabogado de la UAT, lo lanz\u00f3 al ca\u00f1o\u00a0<strong>GARC\u00cdA REPPER<\/strong>\u2026?<\/p>\n<p class=\"wp-block-paragraph\">Pues s\u00ed. No hay persecuci\u00f3n, no hay venganza y no hay caza de opositores en la Fiscal\u00eda Anticorrupci\u00f3n de Tamaulipas\u2026 Pero tampoco hay carpetas que deban judicializarse en contra de\u00a0<strong>GARC\u00cdA CABEZA DE VACA<\/strong>; es decir que\u00a0<strong>GARC\u00cdA REPPER<\/strong>\u00a0pr\u00e1cticamente dijo que el exgobernador es un \u201cangelito\u201d, que en lugar de cuernos tiene alas y sin cola, por lo que todos sus ahora exsecretarios se despacharon con el cuchar\u00f3n a espaldas del exmandatario tamaulipeco, radicado en Texas, Estados Unidos\u2026 \u00a1<strong><em>Mi no entender<\/em><\/strong>!<\/p>\n<p class=\"wp-block-paragraph\"><strong>EN RESUMEN, dijo la alegor\u00eda:\u00a0<\/strong>Mucho debe explicar<strong>\u00a0NORBERTO GARC\u00cdA REPPER FAVILA<\/strong>, a quienes le dieron la confianza para llegar al cargo de fiscal especializado en el Combate a la Corrupci\u00f3n, por la manera tan \u201cfr\u00edvola\u201d en que se present\u00f3 a una entrevista demandando derecho de r\u00e9plica, pero que s\u00f3lo sirvi\u00f3 para gritar que\u00a0<strong>FRANCISCO GARC\u00cdA CABEZA DE VACA<\/strong>\u00a0\u201cno hizo nada\u201d de lo que se le se\u00f1ala en Tamaulipas y que es el Gobierno federal, el \u00fanico empe\u00f1ado en meterlo a la c\u00e1rcel\u2026 \u00a1<strong><em>Ufff, dir\u00eda Ge\u00f1o<\/em><\/strong>!<\/p>\n<p class=\"wp-block-paragraph\">Mucha duda y asombro siguen generando las declaraciones de un fiscal Anticorrupci\u00f3n que al parecer nunca se dio cuenta de decenas de ruedas de prensa, algunas de las cuales el propio gobernador\u00a0<strong>AM\u00c9RICO VILLARREAL ANAYA<\/strong>\u00a0o el exsecretario de Administraci\u00f3n y exsecretario de Finanzas,\u00a0<strong>JES\u00daS LAV\u00cdN VER\u00c1STEGUI<\/strong>\u00a0o la propia excontralora y hoy titular de la Secretar\u00eda de Anticorrupci\u00f3n y Buen Gobierno,\u00a0<strong>NORMA ANG\u00c9LICA PEDRAZA MELO<\/strong>, quienes declararon no s\u00f3lo la forma tan desaseada en que se dio, en su momento, la entrega recepci\u00f3n, sino diversos saqueos en Salud, Bienestar, Deportes, Seguridad P\u00fablica, Educaci\u00f3n, Desarrollo Rural, entre otros, durante el anterior sexenio de\u00a0<strong>CABEZA DE VACA<\/strong>, por ello vale preguntar: \u00bfA qu\u00e9 juega el Fiscal Anticorrupci\u00f3n\u2026? \u00a1<strong><em>Ostias t\u00edo de la Virgen santa<\/em><\/strong>!<\/p>\n<p class=\"wp-block-paragraph\">S\u00edgueme en mis nuevas redes sociales. En FACEBOOK:\u00a0<strong>Letras Prohibidas News<\/strong>; En INSTAGRAM:\u00a0<strong>@letrasprohibidasnews<\/strong>; TIK-TOK:\u00a0<strong>letrasprohibidas_news<\/strong>; y en EQUIS:\u00a0<strong>@LetrasNews<\/strong>; donde encontrar\u00e1s otro tipo de contenido\u2026 Tambi\u00e9n en nuestra p\u00e1gina Web:\u00a0<a href=\"http:\/\/www.letrasprohibidas.com\/\" target=\"_blank\" rel=\"noopener\">www.letrasprohibidas.com<\/a><\/p>\n<p class=\"wp-block-paragraph\"><strong>GRACIAS\u2026<\/strong>\u00a0Nos leemos hasta ma\u00f1ana.<\/p>\n<p class=\"wp-block-paragraph\"><strong>COMENTARIOS<\/strong>:\u00a0<a href=\"mailto:letrasprohibidasnews@gmail.com\" target=\"_blank\" rel=\"noopener\">letrasprohibidasnews@gmail.com<\/a><\/p>\n<\/div>\n<div class=\"post-tags-box\">\n<ul class=\"tags-box\">\n<li><i class=\"fa fa-tags\"><\/i>Etiquetas:<\/li>\n<\/ul>\n<\/div>\n","protected":false},"excerpt":{"rendered":"<p>El uno de julio del 2023,\u00a0TANIA GISELA CONTRERAS L\u00d3PEZ, a la saz\u00f3n titular de la Consejer\u00eda Jur\u00eddica del Gobierno de\u00a0AM\u00c9RICO VILLARREAL ANAYA, anunci\u00f3 que la Administraci\u00f3n estatal presentar\u00eda al menos ocho nuevas denuncias en contra del anterior sexenio (2016\/2022), que comand\u00f3 el panista\/cabecista\u00a0FRANCISCO GARC\u00cdA CABEZA DE VACA, por lo que las quejas llegar\u00edan a 60\u2026 [&hellip;]<\/p>\n","protected":false},"author":1,"featured_media":216587,"comment_status":"closed","ping_status":"closed","sticky":false,"template":"","format":"standard","meta":{"footnotes":""},"categories":[16],"tags":[],"class_list":["post-227385","post","type-post","status-publish","format-standard","has-post-thumbnail","hentry","category-opinion"],"_links":{"self":[{"href":"https:\/\/www.elsinodaldetamaulipas.com.mx\/index.php?rest_route=\/wp\/v2\/posts\/227385","targetHints":{"allow":["GET"]}}],"collection":[{"href":"https:\/\/www.elsinodaldetamaulipas.com.mx\/index.php?rest_route=\/wp\/v2\/posts"}],"about":[{"href":"https:\/\/www.elsinodaldetamaulipas.com.mx\/index.php?rest_route=\/wp\/v2\/types\/post"}],"author":[{"embeddable":true,"href":"https:\/\/www.elsinodaldetamaulipas.com.mx\/index.php?rest_route=\/wp\/v2\/users\/1"}],"replies":[{"embeddable":true,"href":"https:\/\/www.elsinodaldetamaulipas.com.mx\/index.php?rest_route=%2Fwp%2Fv2%2Fcomments&post=227385"}],"version-history":[{"count":1,"href":"https:\/\/www.elsinodaldetamaulipas.com.mx\/index.php?rest_route=\/wp\/v2\/posts\/227385\/revisions"}],"predecessor-version":[{"id":227389,"href":"https:\/\/www.elsinodaldetamaulipas.com.mx\/index.php?rest_route=\/wp\/v2\/posts\/227385\/revisions\/227389"}],"wp:featuredmedia":[{"embeddable":true,"href":"https:\/\/www.elsinodaldetamaulipas.com.mx\/index.php?rest_route=\/wp\/v2\/media\/216587"}],"wp:attachment":[{"href":"https:\/\/www.elsinodaldetamaulipas.com.mx\/index.php?rest_route=%2Fwp%2Fv2%2Fmedia&parent=227385"}],"wp:term":[{"taxonomy":"category","embeddable":true,"href":"https:\/\/www.elsinodaldetamaulipas.com.mx\/index.php?rest_route=%2Fwp%2Fv2%2Fcategories&post=227385"},{"taxonomy":"post_tag","embeddable":true,"href":"https:\/\/www.elsinodaldetamaulipas.com.mx\/index.php?rest_route=%2Fwp%2Fv2%2Ftags&post=227385"}],"curies":[{"name":"wp","href":"https:\/\/api.w.org\/{rel}","templated":true}]}}