{"id":227391,"date":"2026-08-31T10:13:33","date_gmt":"2026-08-31T14:13:33","guid":{"rendered":"https:\/\/www.elsinodaldetamaulipas.com.mx\/?p=227391"},"modified":"2026-08-31T20:19:10","modified_gmt":"2026-09-01T00:19:10","slug":"americo-morebna-y-el-musculo-politico","status":"publish","type":"post","link":"https:\/\/www.elsinodaldetamaulipas.com.mx\/?p=227391","title":{"rendered":"AMERICO, MORENA Y EL M\u00daSCULO POL\u00cdTICO"},"content":{"rendered":"<p class=\"wp-block-paragraph\">\u00a0\u00a0 Atr\u00e1s \u00a0de la reciente cabalgata, donde particip\u00f3 la clase pol\u00edtica de MORENA, \u00a0observamos un primer ensayo de unidad y de poder, en torno al gobernador Am\u00e9rico Villarreal Anaya.<\/p>\n<p class=\"wp-block-paragraph\">Todo ello en su calidad de m\u00e1ximo responsable de la 4T en Tamaulipas ante \u00a0la Presidenta Claudia Sheinbaum. Y de cara \u00a0a la gran batalla electoral del 2027, de cuyos resultados, se derivar\u00e1n, algunas conclusiones adelantadas del 2028.<\/p>\n<p class=\"wp-block-paragraph\">\u00a0De acuerdo a lo que se observ\u00f3, en t\u00e9rminos cualitativos y cuantitativos, fueron m\u00e1s las presencias que las ausencias. De eso hablaremos p\u00e1rrafos m\u00e1s adelante. \u00a0Pero algo digno de \u00a0resaltar, es que el evento del reciente fin de semana, le call\u00f3 la boca a quienes insist\u00edan en ver a un Ejecutivo estatal d\u00e9bil, y arrinconado. Todo esa narrativa \u00a0fue echada\u00a0 por tierra.<\/p>\n<p class=\"wp-block-paragraph\">\u00a0La realidad que todos vimos es a un \u00a0Am\u00e9rico \u00a0que trae muy firmes las riendas pol\u00edticas de su estado. El Ejecutivo estatal, lejos de amilanarse, se ha crecido a la guerra de lodo y las infamias emitidas ahora desde Televisa. Su desmentido p\u00fablico y su honestidad pol\u00edtica sigue ganando batallas, ante quienes buscan doblarlo por la v\u00eda de las \u00a0mentiras y canalladas. Ayer desde los Angeles Times y hoy desde el consorcio de los Azc\u00e1rraga.<\/p>\n<p class=\"wp-block-paragraph\">\u00a0Volviendo al evento motivo del an\u00e1lisis, \u00a0podemos decir que m\u00e1s \u00a0all\u00e1 de un formato tradicional, donde la caballada pol\u00edtica cerr\u00f3 filas, de cara al pr\u00f3ximo \u00a0proceso de selecci\u00f3n interna, lo que vimos fue una definici\u00f3n de fuerzas, en torno a la 4T y su liderazgo institucional.<\/p>\n<p class=\"wp-block-paragraph\">\u00a0Aunque \u00a0tampoco podemos echar tan temprano las campanas a \u00a0vuelo. Sobre todo\u00a0 porque el morenismo tamaulipeco se enfrenta a un reto hist\u00f3rico de salir ileso \u00a0en materia de fracturas y divisionismos. Esto \u00faltimo, es lo \u00fanico que lo podr\u00eda da\u00f1ar, llegado el momento de la elecci\u00f3n constitucional.<\/p>\n<p class=\"wp-block-paragraph\">\u00a0 \u00a0Se entiende ya desde ahora que figuras representativas de la sucesi\u00f3n morenista y tamaulipeca, como la senadora de la rep\u00fablica Olga Patricia Sosa Ruiz y la alcaldesa neolaredense Carmen Lilia Canturosas Villarreal, est\u00e1n dispuestas a respetar las reglas internas. Ambas representan sendos activos de la marca guinda y hasta ahora se han manejado bien, respetando el liderazgo del gobernador.<\/p>\n<p class=\"wp-block-paragraph\">\u00a0Otro de los temas a resaltar en cuanto al enfoque incluyente, hablando de actividades sobresalientes del morenismo, es el regreso del alcalde victorense Lalo Gattas, y de personajes como su Secretario del ayuntamiento Hugo Resendez. Ambos se sumaron a la cabalgata, junto a los m\u00e1s de 2 mil jinetes participantes. Acciones de este tipo, fortalecen el liderazgo pol\u00edtico de AVA.<\/p>\n<p class=\"wp-block-paragraph\">\u00a0\u00a0Ahora bien, \u00bfcual es la lectura sobre dos de las m\u00e1s notorias ausencias, como fueron las del alcalde de Reynosa \u00a0Carlos Pe\u00f1a Ort\u00edz\u00a0 y el senador Jos\u00e9 Ram\u00f3n G\u00f3mez\u00a0 Leal..?<\/p>\n<p class=\"wp-block-paragraph\">\u00a0 En el caso del primero, se est\u00e1 solidarizando con el proyecto Verde por la gubernatura, \u00a0emprendido ya desde ahora por \u00a0su madre la senadora Maki Ortiz Dominguez.<\/p>\n<p class=\"wp-block-paragraph\">Este equipo que se observa muy fuerte pol\u00edticamente, tendr\u00e1 su prueba de fuego, en la elecci\u00f3n constitucional del 2027, donde competir\u00e1n de manera separada contra MORENA y quien sea su candidata o candidato.<\/p>\n<p class=\"wp-block-paragraph\">\u00a0\u00a0\u00a0 Si el grupo Maki pierde la elecci\u00f3n 2027, \u00a0su proyecto por la gubernatura en 2028, se ver\u00e1 muy debilitado. Pero s\u00ed ganan, seguramente agarrar\u00e1n mayor fuerza. Por ahora, los n\u00fameros y proyecciones indican una marcada superioridad del morenismo, a nivel de partidos.<\/p>\n<p class=\"wp-block-paragraph\">\u00a0En cuanto al JR, apenas hace unos d\u00edas, se hab\u00eda \u00a0tomado la foto con el gobernador AVA, enviando ambos se\u00f1ales de unidad y reconciliaci\u00f3n pol\u00edtica. Su ausencia en la cabalgata puede ser indicador de que busca que le den la raz\u00f3n, en su pleito contra el makismo, por la comapa de Reynosa. O sea la vuelta a su rebeld\u00eda, m\u00e1s que por tema pol\u00edtico, puede obedecer a pesos y centavos.<\/p>\n<p class=\"wp-block-paragraph\">\u00a0Ante este pleito por las comapas, \u00a0el gobernante tamaulipeco, ha planteado \u00a0que\u00a0 deben ser administradas de manera estatal. Y que dichas dependencias ya no deben ser administradas por pol\u00edticos.<\/p>\n<p class=\"wp-block-paragraph\">POSDATA.\u2014La reciente cabalgata fue un ejercicio de unidad y poder\u00a0 del gobernador AVA. Pero al mismo tiempo mostr\u00f3 ya desde ahora,(al menos hipot\u00e9ticamente), quienes ser\u00e1n los que acaten las reglas del juego, en la elecci\u00f3n del 2027. Y quienes se ir\u00e1n por la libre.<\/p>\n","protected":false},"excerpt":{"rendered":"<p>\u00a0\u00a0 Atr\u00e1s \u00a0de la reciente cabalgata, donde particip\u00f3 la clase pol\u00edtica de MORENA, \u00a0observamos un primer ensayo de unidad y de poder, en torno al gobernador Am\u00e9rico Villarreal Anaya. Todo ello en su calidad de m\u00e1ximo responsable de la 4T en Tamaulipas ante \u00a0la Presidenta Claudia Sheinbaum. Y de cara \u00a0a la gran batalla electoral [&hellip;]<\/p>\n","protected":false},"author":1,"featured_media":216280,"comment_status":"closed","ping_status":"closed","sticky":false,"template":"","format":"standard","meta":{"footnotes":""},"categories":[16],"tags":[],"class_list":["post-227391","post","type-post","status-publish","format-standard","has-post-thumbnail","hentry","category-opinion"],"_links":{"self":[{"href":"https:\/\/www.elsinodaldetamaulipas.com.mx\/index.php?rest_route=\/wp\/v2\/posts\/227391","targetHints":{"allow":["GET"]}}],"collection":[{"href":"https:\/\/www.elsinodaldetamaulipas.com.mx\/index.php?rest_route=\/wp\/v2\/posts"}],"about":[{"href":"https:\/\/www.elsinodaldetamaulipas.com.mx\/index.php?rest_route=\/wp\/v2\/types\/post"}],"author":[{"embeddable":true,"href":"https:\/\/www.elsinodaldetamaulipas.com.mx\/index.php?rest_route=\/wp\/v2\/users\/1"}],"replies":[{"embeddable":true,"href":"https:\/\/www.elsinodaldetamaulipas.com.mx\/index.php?rest_route=%2Fwp%2Fv2%2Fcomments&post=227391"}],"version-history":[{"count":3,"href":"https:\/\/www.elsinodaldetamaulipas.com.mx\/index.php?rest_route=\/wp\/v2\/posts\/227391\/revisions"}],"predecessor-version":[{"id":227444,"href":"https:\/\/www.elsinodaldetamaulipas.com.mx\/index.php?rest_route=\/wp\/v2\/posts\/227391\/revisions\/227444"}],"wp:featuredmedia":[{"embeddable":true,"href":"https:\/\/www.elsinodaldetamaulipas.com.mx\/index.php?rest_route=\/wp\/v2\/media\/216280"}],"wp:attachment":[{"href":"https:\/\/www.elsinodaldetamaulipas.com.mx\/index.php?rest_route=%2Fwp%2Fv2%2Fmedia&parent=227391"}],"wp:term":[{"taxonomy":"category","embeddable":true,"href":"https:\/\/www.elsinodaldetamaulipas.com.mx\/index.php?rest_route=%2Fwp%2Fv2%2Fcategories&post=227391"},{"taxonomy":"post_tag","embeddable":true,"href":"https:\/\/www.elsinodaldetamaulipas.com.mx\/index.php?rest_route=%2Fwp%2Fv2%2Ftags&post=227391"}],"curies":[{"name":"wp","href":"https:\/\/api.w.org\/{rel}","templated":true}]}}