{"id":227394,"date":"2026-08-31T10:19:05","date_gmt":"2026-08-31T14:19:05","guid":{"rendered":"https:\/\/www.elsinodaldetamaulipas.com.mx\/?p=227394"},"modified":"2026-08-31T10:19:05","modified_gmt":"2026-08-31T14:19:05","slug":"andy-bajo-sospecha","status":"publish","type":"post","link":"https:\/\/www.elsinodaldetamaulipas.com.mx\/?p=227394","title":{"rendered":"ANDY BAJO SOSPECHA"},"content":{"rendered":"<p class=\"wp-block-paragraph\">GOLPE A GOLPE<\/p>\n<p class=\"wp-block-paragraph\">Por Juan S\u00e1nchez Mendoza<\/p>\n<p class=\"wp-block-paragraph\">El apodo \u2018Andy\u2019 aparece en la declaraci\u00f3n judicial que el ex contraalmirante Fernando Far\u00edas Laguna rindi\u00f3 antes de ser vinculado a proceso, por ser la figura m\u00e1s influyente en la red de huachicol fiscal llamada \u2018Los primos\u2019, que operaba (u opera todav\u00eda) en las aduanas mar\u00edtimas.<\/p>\n<p class=\"wp-block-paragraph\">Seg\u00fan la Secretar\u00eda de\u00a0Marina,\u00a0Far\u00edas Laguna caus\u00f3 baja en\u00a0sus filas,\u00a0en\u00a0abril\u00a0pr\u00f3ximo pasado. Y\u00a0desde entonces\u00a0dej\u00f3 de ser contraalmirante.<\/p>\n<p class=\"wp-block-paragraph\">Sin embargo,\u00a0esa\u00a0informaci\u00f3n fue revelada\u00a0apenas\u00a0el mi\u00e9rcoles 26 del mes en curso.\u00a0Precisamente, el\u00a0mismo\u00a0d\u00eda\u00a0en que se reanud\u00f3 la\u00a0\u2018audiencia\u00a0privada\u2019\u00a0en\u00a0un juzgado federal,\u00a0que concluy\u00f3 el jueves\u00a027 determinando su vinculaci\u00f3n a proceso.<\/p>\n<p class=\"wp-block-paragraph\">Esto, era de esperarse.<\/p>\n<p class=\"wp-block-paragraph\">No obstante, la\u00a0declaraci\u00f3n\u00a0del indiciado refiere que, un tal\u00a0\u2018Andy\u2019,\u00a0era quien\u00a0daba las \u00f3rdenes\u00a0\u2018para no molestar las operaciones\u2019, ha revelado su abogado\u00a0defensor,\u00a0Epigmeo Mendieta.<\/p>\n<p class=\"wp-block-paragraph\">Y refiere un caso, expuesto\u00a0ante la autoridad judicial por su cliente:<\/p>\n<p class=\"wp-block-paragraph\">\u00c9 involucra a un testigo,\u00a0quien,\u00a0afirm\u00f3, quecuando\u00a0un buque se\u00a0atasc\u00f3 en Guaymas, (Sonora)\u00a0los operadores de esa\u00a0\u2018red\u2019\u00a0dijeron que le hablar\u00edan por tel\u00e9fono a un tal \u2018Andy\u2019 para que lo destrabara. Y que \u2018Andy\u2019\u00a0le hablar\u00eda al secretario Marina para resolver la situaci\u00f3n.<\/p>\n<p class=\"wp-block-paragraph\">Tambi\u00e9n, el abogado, ha comentado que un pol\u00edtico tabasque\u00f1o daba las \u00f3rdenes en relaci\u00f3n a \u2018operaciones\u2019 importantes, aunque, sin ofrecer su identidad.<\/p>\n<p class=\"wp-block-paragraph\">El abogado Mendieta muestra temor por revelar esas declaraciones de su cliente (Far\u00edas Laguna),\u00a0aunque no cita nombres en lo particular.<\/p>\n<p class=\"wp-block-paragraph\">Como fuere, asoma un tal \u2018Andy\u2019 en las indagatorias judiciales sobre el huachicol fiscal.<\/p>\n<p class=\"wp-block-paragraph\"><strong>Encuestas<\/strong><\/p>\n<p class=\"wp-block-paragraph\">No creo en las encuestas; y siempre lo he manifestado, porque obedecen a intereses personales. Es decir, suelen magnificar a quien las pagan\u00a0como es el caso de \u2018Massive Caller\u2019 conocida ac\u00e1 en Tamaulipas como \u2018\u2019Makive Caller\u2019, por estar al servicio de la ex alcaldesa de Reynosa.<\/p>\n<p class=\"wp-block-paragraph\">Ella, seg\u00fan la empresa propiedad de un panista montereyense, que ha\u00a0erado\u00a0en (casi) todas sus mediciones \u2013hasta el grado de \u2018pedir perd\u00f3n\u2019, por sus yerros del pasado\u2013, aparece por encima de los otros prospectos de Movimiento Regeneraci\u00f3n (morena)\u00a0a la candidatura gubernamental, que, por cierto, a\u00fan est\u00e1 lejana.<\/p>\n<p class=\"wp-block-paragraph\">\u00bfQui\u00e9n le cree aqu\u00ed en la comarca?<\/p>\n<p class=\"wp-block-paragraph\">Obviamente, nadie.<\/p>\n<p class=\"wp-block-paragraph\">Hay otra empresa, \u2018Electoralia\u2019, propiedad de Ricardo Gamundi Rosas, que luce m\u00e1s atinada,\u00a0mostrando varias cartas como los\u00a0mejoresprospectos\u00a0de morena para\u00a0las alcald\u00edas y diputaciones que se pondr\u00e1n en juego el mes pr\u00f3ximo.<\/p>\n<p class=\"wp-block-paragraph\">Ciertamente, la encuestadora no es garante de nada.\u00a0Pero comparte la percepci\u00f3n ciudadana, en el sentido de que\u00a0los candidatos ser\u00edan por fin designados democr\u00e1ticamente.<\/p>\n<p class=\"wp-block-paragraph\">Hay\u00a0otras empresas, tambi\u00e9n, al servicio de los aspirantes de morena, pretendiendo influir en el \u00e1nimo ciudadano, ya cansado de tanto rollo medi\u00e1tico al trav\u00e9s de las redes sociales.<\/p>\n<p class=\"wp-block-paragraph\">Enviado desde mi iPhone<\/p>\n","protected":false},"excerpt":{"rendered":"<p>GOLPE A GOLPE Por Juan S\u00e1nchez Mendoza El apodo \u2018Andy\u2019 aparece en la declaraci\u00f3n judicial que el ex contraalmirante Fernando Far\u00edas Laguna rindi\u00f3 antes de ser vinculado a proceso, por ser la figura m\u00e1s influyente en la red de huachicol fiscal llamada \u2018Los primos\u2019, que operaba (u opera todav\u00eda) en las aduanas mar\u00edtimas. Seg\u00fan la [&hellip;]<\/p>\n","protected":false},"author":1,"featured_media":211451,"comment_status":"closed","ping_status":"closed","sticky":false,"template":"","format":"standard","meta":{"footnotes":""},"categories":[16],"tags":[],"class_list":["post-227394","post","type-post","status-publish","format-standard","has-post-thumbnail","hentry","category-opinion"],"_links":{"self":[{"href":"https:\/\/www.elsinodaldetamaulipas.com.mx\/index.php?rest_route=\/wp\/v2\/posts\/227394","targetHints":{"allow":["GET"]}}],"collection":[{"href":"https:\/\/www.elsinodaldetamaulipas.com.mx\/index.php?rest_route=\/wp\/v2\/posts"}],"about":[{"href":"https:\/\/www.elsinodaldetamaulipas.com.mx\/index.php?rest_route=\/wp\/v2\/types\/post"}],"author":[{"embeddable":true,"href":"https:\/\/www.elsinodaldetamaulipas.com.mx\/index.php?rest_route=\/wp\/v2\/users\/1"}],"replies":[{"embeddable":true,"href":"https:\/\/www.elsinodaldetamaulipas.com.mx\/index.php?rest_route=%2Fwp%2Fv2%2Fcomments&post=227394"}],"version-history":[{"count":1,"href":"https:\/\/www.elsinodaldetamaulipas.com.mx\/index.php?rest_route=\/wp\/v2\/posts\/227394\/revisions"}],"predecessor-version":[{"id":227396,"href":"https:\/\/www.elsinodaldetamaulipas.com.mx\/index.php?rest_route=\/wp\/v2\/posts\/227394\/revisions\/227396"}],"wp:featuredmedia":[{"embeddable":true,"href":"https:\/\/www.elsinodaldetamaulipas.com.mx\/index.php?rest_route=\/wp\/v2\/media\/211451"}],"wp:attachment":[{"href":"https:\/\/www.elsinodaldetamaulipas.com.mx\/index.php?rest_route=%2Fwp%2Fv2%2Fmedia&parent=227394"}],"wp:term":[{"taxonomy":"category","embeddable":true,"href":"https:\/\/www.elsinodaldetamaulipas.com.mx\/index.php?rest_route=%2Fwp%2Fv2%2Fcategories&post=227394"},{"taxonomy":"post_tag","embeddable":true,"href":"https:\/\/www.elsinodaldetamaulipas.com.mx\/index.php?rest_route=%2Fwp%2Fv2%2Ftags&post=227394"}],"curies":[{"name":"wp","href":"https:\/\/api.w.org\/{rel}","templated":true}]}}