{"id":227395,"date":"2026-08-31T10:19:50","date_gmt":"2026-08-31T14:19:50","guid":{"rendered":"https:\/\/www.elsinodaldetamaulipas.com.mx\/?p=227395"},"modified":"2026-08-31T10:19:50","modified_gmt":"2026-08-31T14:19:50","slug":"claudia-y-su-segundo-informe","status":"publish","type":"post","link":"https:\/\/www.elsinodaldetamaulipas.com.mx\/?p=227395","title":{"rendered":"CLAUDIA Y SU SEGUNDO INFORME"},"content":{"rendered":"<p class=\"wp-block-paragraph\"><strong>-Ma\u00f1ana cumplir\u00e1 con el mandato constitucional de rendici\u00f3n de cuentas<\/strong><\/p>\n<p class=\"wp-block-paragraph\"><strong>-A la par del informe, reanuda actividad el Congreso e inicia el a\u00f1o electoral<\/strong><\/p>\n<p class=\"wp-block-paragraph\"><strong>-Expectativa por contenido del mensaje pol\u00edtico desde el Palacio Nacional<\/strong><\/p>\n<p class=\"wp-block-paragraph\">H. Matamoros, Tamaulipas.-De acuerdo a lo establecido en el art\u00edculo 69 de la Constituci\u00f3n Pol\u00edtica de los Estados Unidos Mexicanos, ma\u00f1ana primero de septiembre la presidenta CLAUDIA SHEINBAUM PARDO, titular del Poder Ejecutivo Federal, presentar\u00e1 por escrito ante el Congreso de la Uni\u00f3n un informe sobre el estado general que guarda la administraci\u00f3n p\u00fablica.<\/p>\n<p class=\"wp-block-paragraph\">El ejercicio de rendici\u00f3n de cuentas corresponde a la exposici\u00f3n de cuentas de su segundo informe, justo cuando inicia el primer per\u00edodo ordinario de sesiones del Congreso de la Uni\u00f3n, y desde Palacio Nacional, la jefa de las instituciones federales dirigir\u00e1 un mensaje a la naci\u00f3n, luego de que la Secretar\u00eda de Gobernaci\u00f3n entregue formalmente el documento en el palacio legislativo de San L\u00e1zaro.<\/p>\n<p class=\"wp-block-paragraph\">Cabe se\u00f1alar que, justo el primero de septiembre, inicia el calendario del Instituto Nacional Electoral (INE) relacionado con las elecciones intermedias de junio de 2027 para renovar la C\u00e1mara de Diputados, 17 gubernaturas, as\u00ed como algunos congresos locales y ayuntamientos.<\/p>\n<p class=\"wp-block-paragraph\">Por obvias razones, resultar\u00e1 por dem\u00e1s interesante conocer el informe presidencial correspondiente al segundo a\u00f1o de mandato constitucional en lo relacionado a la seguridad y atenci\u00f3n a la poblaci\u00f3n, programas sociales y bienestar, salud y vivienda, infraestructura y desarrollo regional y, por supuesto, todo lo que tiene que ver con la econom\u00eda, empleo e inversi\u00f3n.<\/p>\n<p class=\"wp-block-paragraph\">De acuerdo al programa establecido luego de cumplir el mandato constitucional de rendici\u00f3n de cuentas, la presidenta SHEINBAUM PARDO recorrer\u00e1 el pa\u00eds con el objetivo de presentar directamente los resultados y proyectos desarrollados en cada regi\u00f3n de la geograf\u00eda mexicana.<\/p>\n<p class=\"wp-block-paragraph\">Asimismo, durante las conferencias ma\u00f1aneras y con la presencia de los titulares de las diferentes secretar\u00edas federales se llevar\u00e1 a cabo la Glosa del Segundo Informe de Gobierno, donde los titulares de cada dependencia explicar\u00e1n con mayor detalle los avances, resultados y pendientes correspondientes a sus respectivas responsabilidades dentro del gobierno de la Cuarta Transformaci\u00f3n.<\/p>\n<p class=\"wp-block-paragraph\">Las estad\u00edsticas que destacan la disminuci\u00f3n de homicidios dolosos y el incremento de las desapariciones forzadas seguramente ser\u00e1n de alto inter\u00e9s p\u00fablico, tomando en cuenta que las cifras oficiales no permite asociarlas con un verdadero regreso de la tranquilidad ciudadana.<\/p>\n<p class=\"wp-block-paragraph\">Otro punto de inter\u00e9s del Segundo Informe de Gobierno es, sin duda, el informe oficial respecto a la grave problem\u00e1tica en materia de salud que enfrentan los hospitales p\u00fablicos del IMSSS, ISSSTE e IMSS Bienestar. La insuficiencia de m\u00e9dicos especialistas, citas a muy largo plazo, falta de camas e insumos y, lo m\u00e1s lamentable, la falta de medicinas en sus farmacias a pesar de la Megafarmacia del Bienestar que se inaugur\u00f3 en el sexenio pasado.<\/p>\n<p class=\"wp-block-paragraph\">Sobra decir que cobra especial inter\u00e9s el mensaje pol\u00edtico del inquilino de Palacio Nacional con respecto al proceso electoral que permitir\u00e1 evaluar los aciertos y desaciertos desde que asumi\u00f3 el cargo que le hered\u00f3 ANDR\u00c9S MANUEL L\u00d3PEZ OBRADOR.<\/p>\n<p class=\"wp-block-paragraph\">Ser\u00e1 muy dif\u00edcil para la presidenta CLAUDIA SHEINBAUM PARDO evadir comentarios en materia de pol\u00edtica exterior, relacionados con el tratado comercial con los Estados Unidos y la solicitud de extradici\u00f3n del gobernador con licencia RUB\u00c9N ROCHA MOYA y siete funcionarios morenistas m\u00e1s, tomando en cuenta que dos de un total de diez de los reclamados prefirieron entregarse voluntariamente a la justicia norteamericana.<\/p>\n<p class=\"wp-block-paragraph\">Desde otra \u00f3ptica, la opini\u00f3n p\u00fablica centrar\u00e1 su atenci\u00f3n en lo informado el 31 de mayo en el Monumento a la Revoluci\u00f3n, respecto a los resultados de los primeros 20 meses de gobierno del segundo piso de la Cuarta Transformaci\u00f3n.<\/p>\n<p class=\"wp-block-paragraph\">En aquella ocasi\u00f3n, la concentraci\u00f3n ciudadana fue convocada a un acto c\u00edvico denominado \u201cA dos a\u00f1os del triunfo: honestidad, resultados, amor al pueblo y a la patria\u201d. Sin embargo, tomando en cuenta procesos penales que tienen que ver con el contrabando documentado de hidrocarburos, obras caras sin los resultados esperados, y enriquecimiento inexplicable de pol\u00edticos y funcionarios no concuerdan con el lema presentado en esa ocasi\u00f3n.<\/p>\n<p class=\"wp-block-paragraph\">Vale la pena precisar que el informe presentado p\u00fablicamente en el Monumento a la Revoluci\u00f3n el pasado 31 de mayo se trat\u00f3 en realidad de un acto orientado al reforzamiento de la 4T, mientras que la rendici\u00f3n de cuentas del primero de septiembre obedece a un mandato constitucional de la Carta Magna.<\/p>\n<p class=\"wp-block-paragraph\">DESDE EL BALC\u00d3N:<\/p>\n<p class=\"wp-block-paragraph\">I.-Muy seguramente la presidenta CLAUDIA SHEINBAUM PARDO visitar\u00e1 nuevamente Tamaulipas para presentar directamente los resultados de su gobierno en esta entidad federativa.<\/p>\n<p class=\"wp-block-paragraph\">El equipo de log\u00edstica y giras habr\u00e1 de prestar especial atenci\u00f3n a eventuales reclamos de colectivos inconformes, tal y como ocurri\u00f3 durante la \u00faltima estancia en el territorio cuerudo.<\/p>\n<p class=\"wp-block-paragraph\">Y hasta la pr\u00f3xima.<\/p>\n<p class=\"wp-block-paragraph\"><a href=\"mailto:mariodiaz27@prodigy.net.mx\" target=\"_blank\" rel=\"noopener\">mariodiaz27@prodigy.net.mx<\/a><\/p>\n","protected":false},"excerpt":{"rendered":"<p>-Ma\u00f1ana cumplir\u00e1 con el mandato constitucional de rendici\u00f3n de cuentas -A la par del informe, reanuda actividad el Congreso e inicia el a\u00f1o electoral -Expectativa por contenido del mensaje pol\u00edtico desde el Palacio Nacional H. Matamoros, Tamaulipas.-De acuerdo a lo establecido en el art\u00edculo 69 de la Constituci\u00f3n Pol\u00edtica de los Estados Unidos Mexicanos, ma\u00f1ana [&hellip;]<\/p>\n","protected":false},"author":1,"featured_media":225856,"comment_status":"closed","ping_status":"closed","sticky":false,"template":"","format":"standard","meta":{"footnotes":""},"categories":[16],"tags":[],"class_list":["post-227395","post","type-post","status-publish","format-standard","has-post-thumbnail","hentry","category-opinion"],"_links":{"self":[{"href":"https:\/\/www.elsinodaldetamaulipas.com.mx\/index.php?rest_route=\/wp\/v2\/posts\/227395","targetHints":{"allow":["GET"]}}],"collection":[{"href":"https:\/\/www.elsinodaldetamaulipas.com.mx\/index.php?rest_route=\/wp\/v2\/posts"}],"about":[{"href":"https:\/\/www.elsinodaldetamaulipas.com.mx\/index.php?rest_route=\/wp\/v2\/types\/post"}],"author":[{"embeddable":true,"href":"https:\/\/www.elsinodaldetamaulipas.com.mx\/index.php?rest_route=\/wp\/v2\/users\/1"}],"replies":[{"embeddable":true,"href":"https:\/\/www.elsinodaldetamaulipas.com.mx\/index.php?rest_route=%2Fwp%2Fv2%2Fcomments&post=227395"}],"version-history":[{"count":1,"href":"https:\/\/www.elsinodaldetamaulipas.com.mx\/index.php?rest_route=\/wp\/v2\/posts\/227395\/revisions"}],"predecessor-version":[{"id":227397,"href":"https:\/\/www.elsinodaldetamaulipas.com.mx\/index.php?rest_route=\/wp\/v2\/posts\/227395\/revisions\/227397"}],"wp:featuredmedia":[{"embeddable":true,"href":"https:\/\/www.elsinodaldetamaulipas.com.mx\/index.php?rest_route=\/wp\/v2\/media\/225856"}],"wp:attachment":[{"href":"https:\/\/www.elsinodaldetamaulipas.com.mx\/index.php?rest_route=%2Fwp%2Fv2%2Fmedia&parent=227395"}],"wp:term":[{"taxonomy":"category","embeddable":true,"href":"https:\/\/www.elsinodaldetamaulipas.com.mx\/index.php?rest_route=%2Fwp%2Fv2%2Fcategories&post=227395"},{"taxonomy":"post_tag","embeddable":true,"href":"https:\/\/www.elsinodaldetamaulipas.com.mx\/index.php?rest_route=%2Fwp%2Fv2%2Ftags&post=227395"}],"curies":[{"name":"wp","href":"https:\/\/api.w.org\/{rel}","templated":true}]}}