{"id":227398,"date":"2026-08-31T10:21:33","date_gmt":"2026-08-31T14:21:33","guid":{"rendered":"https:\/\/www.elsinodaldetamaulipas.com.mx\/?p=227398"},"modified":"2026-08-31T18:02:25","modified_gmt":"2026-08-31T22:02:25","slug":"claudia-sheinbaum-distingue-a-nuevi-laredo","status":"publish","type":"post","link":"https:\/\/www.elsinodaldetamaulipas.com.mx\/?p=227398","title":{"rendered":"CLAUDIA SHEINBAUM DISTINGUE A NUEVO LAREDO"},"content":{"rendered":"<p><strong>X.-Luego de haber sido una ciudad sumamente violenta,<\/strong><br \/>\n<strong>\u201choy se le reconoce como un pueblo con mayor seguridad\u201d<\/strong><br \/>\nLUEGO de se\u00f1alar con marcada precisi\u00f3n que, \u201cdurante el gobierno de Felipe Calder\u00f3n, Nuevo Laredo era una de las ciudades fronterizas m\u00e1s violentas\u201d, hoy esta comunidad tamaulipeca, lim\u00edtrofe con la Uni\u00f3n Americana, \u201ces de los pueblos donde la misma gente reconoce mayor seguridad\u201d, cuyos<br \/>\nresultados, dijo: son el fiel reflejo y ejemplo de que, \u201cen el pa\u00eds, seguimos avanzando en materia de seguridad.<br \/>\nEN tales t\u00e9rminos se expres\u00f3 la presidenta de M\u00e9xico Dra. Claudia Sheinbaum Pardo, durante la ma\u00f1anera del pasado fin de semana, en cuyo espacio informativo, la mandataria mexicana,<br \/>\ndestac\u00f3 y sostuvo que, gracias a las estrategias que, hemos venido implementando los tres niveles de gobierno, \u201cse ha logrado, un marco de tranquilidad, armon\u00eda, paz y prosperidad para bien de<br \/>\nlas familias de Nuevo Laredo\u201d.<\/p>\n<p>APUNTANDO que, este importante cambio generado en el referido puerto fronterizo entre Tamaulipas y Texas, as\u00ed lo muestra y refrenda La Encuesta Nacional de Seguridad (ENSU<br \/>\ndel INEGI), aludiendo que, estos esenciales resultados, son fundamentales, porque, esto confirma que, \u201cse han venido disminuyendo de manera muy significativa los \u00edndices de inseguridad\u201d, remarc\u00f3.<br \/>\nPARA enseguida hacer un par\u00e9ntesis y, \u201crecordar que, en junio de 2026, 26.5 por ciento de la poblaci\u00f3n manifest\u00f3 sentirse insegura, frente al 34.8 por ciento registrado tres meses antes, una<br \/>\nreducci\u00f3n de 8.3 puntos porcentuales, la segunda mayor entre las ciudades evaluadas en el pa\u00eds\u201d.<\/p>\n<p class=\"wp-block-paragraph\">PERO, ahora, con este relevante resultado emitido por el INEGI, abund\u00f3 la presidenta Claudia Sheinbaum Pardo, \u201cNuevo Laredo se ha ubicado como la ciudad de Tamaulipas, con menor<br \/>\npercepci\u00f3n de inseguridad y la s\u00e9ptima a nivel nacional con el indicador m\u00e1s bajo, muy por debajo del promedio nacional de 59.8 por ciento\u201d.<br \/>\nPUNTUALIZANDO que, \u201cla incidencia delictiva tambi\u00e9n muestra resultados favorables\u201d, durante el primer semestre de 2026, porque, (Nuevo Laredo, en este tenor, registr\u00f3 la menor tasa entre las principales ciudades de Tamaulipas, con 22.5 en carpetas de investigaci\u00f3n por cada 10 mil habitantes, de acuerdo con cifras de la fiscal\u00eda general de Justicia del Estado.<br \/>\nY, \u201cAL EXPLICAR sobre el cambio registrado en la ciudad Neolaredense, la presidenta de M\u00e9xico tambi\u00e9n a\u00f1adi\u00f3 un elemento que, naturalmente va m\u00e1s all\u00e1 de la estrategia de seguridad.<br \/>\nSURGIENDO por ello, la interrogante: \u00bfqu\u00e9 ha pasado en Nuevo Laredo? Bueno: \u201ces el trabajo de la estrategia de seguridad y gracias a este resultado, se ha logrado mayor prosperidad para la<br \/>\ngente\u201d, afirm\u00f3 Sheinbaum Pardo.<br \/>\nPOR SU parte, La presidenta municipal Carmen Lilia Cant\u00farosas Villarreal destac\u00f3 que, \u201ceste reconocimiento refleja la importancia de mantener una coordinaci\u00f3n permanente entre los distintos<br \/>\n\u00f3rdenes de gobierno\u201d y por supuesto, remarc\u00f3: \u201cacompa\u00f1ar los avances en seguridad con mejores condiciones de vida para nuestra poblaci\u00f3n\u201d. Aludiendo la alcaldesa Neolaredense que, \u201cseguiremos trabajando a cabalidad en la materia, para que nuestro pueblo, siga manteni\u00e9ndose con menores \u00edndices de inseguridad\u201d, como lo ha establecido La Encuesta Nacional de Seguridad (del INEGI).<br \/>\nREITERANDO Carmen Lilia Cant\u00farosas que, Los resultados en seguridad, muestran tambi\u00e9n en esencia, \u201cla importancia de la coordinaci\u00f3n entre el Gobierno de M\u00e9xico y el Gobierno del Estado\u201d. Y, por ello, desde el municipio, nos corresponde acompa\u00f1ar ese esfuerzo que genera bienestar, recuperando espacios p\u00fablicos, fortaleciendo los servicios, impulsando la educaci\u00f3n y por supuesto, creando condiciones vitales para la inversi\u00f3n y el empleo\u201d, se\u00f1al\u00f3.<br \/>\nPARA finalizar, les diremos que, es trascendente y relevante el reconocimiento de la presidenta Claudia Sheinbaum, porque, junto con los indicadores de percepci\u00f3n e incidencia delictiva, \u201cse<br \/>\nrefuerza, naturalmente, la evidencia del cambio que vive Nuevo Laredo\u201d, distingui\u00e9ndose en este escenario, \u201cuna visi\u00f3n que vincula, tangibles esferas de seguridad, bienestar y prosperidad para bien de las familias Neolaredenses\u201d.<br \/>\nPor hoy es todo y hasta ma\u00f1ana.<br \/>\nPara sugerencias y puntos de vista en general al email:<br \/>\n<a href=\"mailto:lupeernesto@yahoo.com.mx\">lupeernesto@yahoo.com.mx<\/a><\/p>\n","protected":false},"excerpt":{"rendered":"<p>X.-Luego de haber sido una ciudad sumamente violenta, \u201choy se le reconoce como un pueblo con mayor seguridad\u201d LUEGO de se\u00f1alar con marcada precisi\u00f3n que, \u201cdurante el gobierno de Felipe Calder\u00f3n, Nuevo Laredo era una de las ciudades fronterizas m\u00e1s violentas\u201d, hoy esta comunidad tamaulipeca, lim\u00edtrofe con la Uni\u00f3n Americana, \u201ces de los pueblos donde [&hellip;]<\/p>\n","protected":false},"author":1,"featured_media":216767,"comment_status":"closed","ping_status":"closed","sticky":false,"template":"","format":"standard","meta":{"footnotes":""},"categories":[16],"tags":[],"class_list":["post-227398","post","type-post","status-publish","format-standard","has-post-thumbnail","hentry","category-opinion"],"_links":{"self":[{"href":"https:\/\/www.elsinodaldetamaulipas.com.mx\/index.php?rest_route=\/wp\/v2\/posts\/227398","targetHints":{"allow":["GET"]}}],"collection":[{"href":"https:\/\/www.elsinodaldetamaulipas.com.mx\/index.php?rest_route=\/wp\/v2\/posts"}],"about":[{"href":"https:\/\/www.elsinodaldetamaulipas.com.mx\/index.php?rest_route=\/wp\/v2\/types\/post"}],"author":[{"embeddable":true,"href":"https:\/\/www.elsinodaldetamaulipas.com.mx\/index.php?rest_route=\/wp\/v2\/users\/1"}],"replies":[{"embeddable":true,"href":"https:\/\/www.elsinodaldetamaulipas.com.mx\/index.php?rest_route=%2Fwp%2Fv2%2Fcomments&post=227398"}],"version-history":[{"count":3,"href":"https:\/\/www.elsinodaldetamaulipas.com.mx\/index.php?rest_route=\/wp\/v2\/posts\/227398\/revisions"}],"predecessor-version":[{"id":227411,"href":"https:\/\/www.elsinodaldetamaulipas.com.mx\/index.php?rest_route=\/wp\/v2\/posts\/227398\/revisions\/227411"}],"wp:featuredmedia":[{"embeddable":true,"href":"https:\/\/www.elsinodaldetamaulipas.com.mx\/index.php?rest_route=\/wp\/v2\/media\/216767"}],"wp:attachment":[{"href":"https:\/\/www.elsinodaldetamaulipas.com.mx\/index.php?rest_route=%2Fwp%2Fv2%2Fmedia&parent=227398"}],"wp:term":[{"taxonomy":"category","embeddable":true,"href":"https:\/\/www.elsinodaldetamaulipas.com.mx\/index.php?rest_route=%2Fwp%2Fv2%2Fcategories&post=227398"},{"taxonomy":"post_tag","embeddable":true,"href":"https:\/\/www.elsinodaldetamaulipas.com.mx\/index.php?rest_route=%2Fwp%2Fv2%2Ftags&post=227398"}],"curies":[{"name":"wp","href":"https:\/\/api.w.org\/{rel}","templated":true}]}}