{"id":227400,"date":"2026-08-31T10:25:48","date_gmt":"2026-08-31T14:25:48","guid":{"rendered":"https:\/\/www.elsinodaldetamaulipas.com.mx\/?p=227400"},"modified":"2026-08-31T10:25:48","modified_gmt":"2026-08-31T14:25:48","slug":"otra-vez-a-las-aulas","status":"publish","type":"post","link":"https:\/\/www.elsinodaldetamaulipas.com.mx\/?p=227400","title":{"rendered":"OTRA VEZ A LAS AULAS"},"content":{"rendered":"<p>TINTA NEGRA<br \/>\nAlfredo Guevara<\/p>\n<p>Casi 620 mil alumnos de educaci\u00f3n b\u00e1sica regresan a las aulas con el inicio del ciclo escolar 2026-2027, que el gobernador AM\u00c9RICO VILLARREAL ANAYA pondr\u00e1 en marcha en Soto la Marina, al que acudir\u00e1 como invitado D\u00c1MASO ANAYA ALVARADO, rector de la Universidad Aut\u00f3noma de Tamaulipas.<br \/>\nEl arranque del ciclo educativo, se enmarca en la ceremonia c\u00edvica de honores y dar\u00e1 paso a una serie de actividades que realizar\u00e1 el mandatario estatal, que iniciar\u00e1 la primera etapa del Museo de la Tortuga Lora, proyecto que contempla una inversi\u00f3n cercana a los 40 millones de pesos.<br \/>\nEl gobernador VILLARREAL ANAYA y el Rector de la UAT, D\u00c1MASO ANAYA participaron el pasado fin de semana, en la denominada Cabalgata de la Unidad, realizada por algunas calles y avenidas de la Capital del Estado.<br \/>\nPese al riesgo que implica el uso de caballos en terrenos no aptos, las elevadas temperaturas que ameritan una hidrataci\u00f3n y aplicaci\u00f3n de vitaminas a los corceles, como posibles accidentes a los jinetes y los residuos que dejan los cuacos en su recorrido, la cabalgata congreg\u00f3 a poco m\u00e1s de dos mil participantes. Y aunque pudo haber generado cr\u00edticas, inconformidades y malestar ciudadano, la Cabalgata es una manifestaci\u00f3n cultural y comunitaria cargada de simbolismo.<br \/>\nUna tradici\u00f3n e identidad cultural, que representa el arraigo a las ra\u00edces del campo, la charrer\u00eda y la cultura ganadera o ranchera, como un homenaje a la relaci\u00f3n hist\u00f3rica entre el ser humano y el caballo, que en esta ocasi\u00f3n encabez\u00f3 el gobernador VILLARREAL ANAYA, el Rector de la Universidad D\u00c1MASO ANAYA, algunos alcaldes y otros contingentes.<br \/>\nY es que, una cabalgata de ese tipo, representa la unidad y convivencia social, toda vez que promueve la fraternidad y el sentido de pertenencia entre los cabalgantes, familias y comunidades que se re\u00fanen a lo largo de un recorrido.<br \/>\nDiremos que aun y con las cr\u00edticas que pudieran venir, habr\u00e1 que recordar que este tipo de cabalgatas tambi\u00e9n las llevaron a cabo ex gobernadores como MANUEL CAVAZOS LERMA, EUGENIO HERN\u00c1NDEZ FLORES, TOM\u00c1S YARRINGTON RUVALCABA y hasta FRANCISCO GARC\u00cdA CABEZA DE VACA.<br \/>\nIncluso, en los tiempos de HERN\u00c1NDEZ FLORES, al lado otros gobernadores de San Luis Potos\u00ed, Veracruz, Nuevo Le\u00f3n y Coahuila, hubo recorridos por los l\u00edmites de cada una de las entidades, donde adem\u00e1s de promover una tradici\u00f3n e identidad cultura, generaron en su momento derrama econ\u00f3mica en esos municipios. EN FIN.<br \/>\n<a href=\"mailto:alfredoguevara0@gmail.com\">alfredoguevara0@gmail.com<\/a><\/p>\n","protected":false},"excerpt":{"rendered":"<p>TINTA NEGRA Alfredo Guevara Casi 620 mil alumnos de educaci\u00f3n b\u00e1sica regresan a las aulas con el inicio del ciclo escolar 2026-2027, que el gobernador AM\u00c9RICO VILLARREAL ANAYA pondr\u00e1 en marcha en Soto la Marina, al que acudir\u00e1 como invitado D\u00c1MASO ANAYA ALVARADO, rector de la Universidad Aut\u00f3noma de Tamaulipas. El arranque del ciclo educativo, [&hellip;]<\/p>\n","protected":false},"author":1,"featured_media":207562,"comment_status":"closed","ping_status":"closed","sticky":false,"template":"","format":"standard","meta":{"footnotes":""},"categories":[16],"tags":[],"class_list":["post-227400","post","type-post","status-publish","format-standard","has-post-thumbnail","hentry","category-opinion"],"_links":{"self":[{"href":"https:\/\/www.elsinodaldetamaulipas.com.mx\/index.php?rest_route=\/wp\/v2\/posts\/227400","targetHints":{"allow":["GET"]}}],"collection":[{"href":"https:\/\/www.elsinodaldetamaulipas.com.mx\/index.php?rest_route=\/wp\/v2\/posts"}],"about":[{"href":"https:\/\/www.elsinodaldetamaulipas.com.mx\/index.php?rest_route=\/wp\/v2\/types\/post"}],"author":[{"embeddable":true,"href":"https:\/\/www.elsinodaldetamaulipas.com.mx\/index.php?rest_route=\/wp\/v2\/users\/1"}],"replies":[{"embeddable":true,"href":"https:\/\/www.elsinodaldetamaulipas.com.mx\/index.php?rest_route=%2Fwp%2Fv2%2Fcomments&post=227400"}],"version-history":[{"count":1,"href":"https:\/\/www.elsinodaldetamaulipas.com.mx\/index.php?rest_route=\/wp\/v2\/posts\/227400\/revisions"}],"predecessor-version":[{"id":227403,"href":"https:\/\/www.elsinodaldetamaulipas.com.mx\/index.php?rest_route=\/wp\/v2\/posts\/227400\/revisions\/227403"}],"wp:featuredmedia":[{"embeddable":true,"href":"https:\/\/www.elsinodaldetamaulipas.com.mx\/index.php?rest_route=\/wp\/v2\/media\/207562"}],"wp:attachment":[{"href":"https:\/\/www.elsinodaldetamaulipas.com.mx\/index.php?rest_route=%2Fwp%2Fv2%2Fmedia&parent=227400"}],"wp:term":[{"taxonomy":"category","embeddable":true,"href":"https:\/\/www.elsinodaldetamaulipas.com.mx\/index.php?rest_route=%2Fwp%2Fv2%2Fcategories&post=227400"},{"taxonomy":"post_tag","embeddable":true,"href":"https:\/\/www.elsinodaldetamaulipas.com.mx\/index.php?rest_route=%2Fwp%2Fv2%2Ftags&post=227400"}],"curies":[{"name":"wp","href":"https:\/\/api.w.org\/{rel}","templated":true}]}}