{"id":227402,"date":"2026-08-31T10:31:09","date_gmt":"2026-08-31T14:31:09","guid":{"rendered":"https:\/\/www.elsinodaldetamaulipas.com.mx\/?p=227402"},"modified":"2026-08-31T10:31:09","modified_gmt":"2026-08-31T14:31:09","slug":"nuevo-rico-se-burla-de-disposiciones-judiciales","status":"publish","type":"post","link":"https:\/\/www.elsinodaldetamaulipas.com.mx\/?p=227402","title":{"rendered":"NUEVO RICO SE BURLA DE DISPOSICIONES JUDICIALES"},"content":{"rendered":"<header class=\"clearfix active\">\n<nav class=\"navbar navbar-default navbar-static-top\" role=\"navigation\">\n<div class=\"top-line\">\n<div class=\"container\">\n<div class=\"row\"><\/div>\n<\/div>\n<\/div>\n<\/nav>\n<\/header>\n<section class=\"block-wrapper\">\n<div class=\"container\">\n<div class=\"row\">\n<div class=\"col-sm-8 sticky\">\n<div class=\"theiaStickySidebar\">\n<div id=\"single\" class=\"block-content\">\n<article class=\"single-post-box\">\n<div class=\"title-post\">\n<ul>\n<li style=\"text-align: center;\"><strong><span style=\"font-size: 16px;\">Es com\u00fan verlo comer y fumar pl\u00e1cidamente en el exterior del restaurante <\/span><em style=\"font-size: 16px;\">T\u00eda Rosita<\/em><span style=\"font-size: 16px;\">. Se rumora en los pasillos judiciales que el hombre cuenta con una medida de arraigo domiciliario, pero la verdad es que no lo parece. Al menos goza de la libertad absoluta para salir a degustar sus alimentos al aire libre, a unos cuantos pasos de su residencia ubicada en las inmediaciones de la plaza del exclusivo Fraccionamiento Las Palmas.<\/span><\/strong><\/li>\n<\/ul>\n<\/div>\n<div class=\"post-content\">\n<p class=\"wp-block-paragraph\">Es la obra llamada el \u00abDespensagate\u00bb, con un dentista atragantado y un fiscal que padece amnesia voluntaria son los ingredientes del m\u00e1s reciente y vergonzoso men\u00fa pol\u00edtico en Tamaulipas.<\/p>\n<p class=\"wp-block-paragraph\">Mientras un conocido dentista \u2014convertido por obra y gracia de la 4T en un \u00abrespetable\u00bb magnate de los abarrotes\u2014 se pasea con total tranquilidad cerca del Fraccionamiento Las Palmas, la Fiscal\u00eda Anticorrupci\u00f3n, encabezada por Andr\u00e9s Norberto Garc\u00eda Repper Favila, aplica la infalible t\u00e9cnica del avestruz: esconder la cabeza y jurar ante las c\u00e1maras que en el estado no existen investigaciones ni imputaciones contra el exgobernador Francisco Javier Garc\u00eda Cabeza de Vaca.<\/p>\n<p class=\"wp-block-paragraph\">El dentista se convirti\u00f3 en el epicentro de un monumental esc\u00e1ndalo judicial por un jugoso contrato que supera los 500 millones de pesos para la compra y distribuci\u00f3n de despensas, una trama donde el fango salpic\u00f3 directamente a la entonces secretaria de Bienestar Social, Ver\u00f3nica Aguirre de los Santos, quien nunca pudo con el paquete, pero en lugar de darle las gracias, termin\u00f3 convertida en alcaldesa de San Fernando.<\/p>\n<p class=\"wp-block-paragraph\">El negocio, para su desgracia, se le vino abajo. A este cirujano dentista metido a \u00abempresario\u00bb le pas\u00f3 exactamente lo mismo que a las lobinas de agua dulce en temporada de pesca: pretendi\u00f3 tragarse una presa infinitamente m\u00e1s grande de lo que le cabe en el hocico y termin\u00f3 atragant\u00e1ndose con una m\u00edsera mojarra a mitad de la presa Vicente Guerrero. Hoy, el audaz odont\u00f3logo se encuentra en el penoso riesgo de perderlo todo por el simple pecado de no poder digerir semejante bocado.<\/p>\n<p class=\"wp-block-paragraph\">El dentista ya le hab\u00eda tomado el gusto al presupuesto p\u00fablico. Previamente hab\u00eda ganado algunos contratos muy lucrativos de manos de las autoridades estatales y del propio Ayuntamiento de Ciudad Victoria. Sin embargo, su mayor hito financiero apenas rondaba los 15 millones de pesos; una cifra nada despreciable para cualquier mortal, pero a a\u00f1os luz del bot\u00edn de m\u00e1s de 500 millones de pesos que pretendi\u00f3 devorar en el \u00abDespensagate\u00bb.<\/p>\n<p class=\"wp-block-paragraph\">En los terrenos de la 4T tamaulipeca, este tipo de tragedias administrativas ocurren porque en las alturas se empe\u00f1an en conferir responsabilidades monumentales a personajes que carecen de la m\u00e1s elemental capacidad operativa.<\/p>\n<p class=\"wp-block-paragraph\">Alguien en la estructura gubernamental quiso llevarse la tajada del le\u00f3n, pero cometi\u00f3 el garrafal error de seleccionar a un operador inexperto que pronto olvid\u00f3 a qui\u00e9n le deb\u00eda el contrato y las estrictas condiciones bajo las cuales lo hab\u00eda recibido. Y es que la invitaci\u00f3n a morder un pastel de 500 millones de pesos jam\u00e1s es gratis: tiene un costo de entrada muy alto, de esos que muchos pagan con la cabeza agachada y sin chistar el precio marcado.<\/p>\n<p class=\"wp-block-paragraph\">Haciendo un poco de memoria, en enero de 2024 la administraci\u00f3n estatal anunci\u00f3 con bombo y platillo una denuncia penal por los presuntos delitos de falsedad y uso indebido de documentos oficiales. Esto ocurri\u00f3 tras detectarse que el equipo legal del exgobernador Francisco Javier Garc\u00eda Cabeza de Vaca intent\u00f3 tramitar una carta de residencia ilegal en Reynosa para meterlo con calzador como candidato plurinominal. Dicha denuncia se sumaba a la interminable lista de m\u00e1s de 160 carpetas promovidas ante la Fiscal\u00eda del Estado por irregularidades que superan los 7 mil millones de pesos, acumulando expedientes por presuntos desv\u00edos en programas de salud y en las mentadas despensas alimenticias.<\/p>\n<p class=\"wp-block-paragraph\">Bajo ese mismo esquema judicial avanza el proceso en contra de Yahleel Abdal\u00e1 Carmona, la eterna militante de la coalici\u00f3n PRI-PAN y m\u00e1xima carta de la oposici\u00f3n para la alcald\u00eda de Nuevo Laredo. Ella sobrelleva en su contra una investigaci\u00f3n formal por presunto desv\u00edo de recursos p\u00fablicos destinados a programas alimenticios.<\/p>\n<p class=\"wp-block-paragraph\">Recordemos tambi\u00e9n que la hoy magistrada presidenta del Supremo Tribunal de Justicia del Estado, Tania Gisela Contreras L\u00f3pez, denunci\u00f3 que Cabeza de Vaca estaba detr\u00e1s de una campa\u00f1a sistem\u00e1tica de ataques y difamaciones en su contra.<\/p>\n<p class=\"wp-block-paragraph\">El motivo era simple: ella conoc\u00eda las entra\u00f1as de los expedientes de corrupci\u00f3n. Las denuncias penales se construyen desde hace meses; hay varias docenas durmiendo en los archivos ministeriales, mientras la actual secretaria de la Contralor\u00eda Gubernamental, Norma Ang\u00e9lica Pedraza Melo, se dedica a procesar decenas de expedientes administrativos en contra de la pasada administraci\u00f3n.<\/p>\n<p class=\"wp-block-paragraph\">Sin embargo, el verdadero chiste de la semana lo dio el flamante fiscal anticorrupci\u00f3n, Andr\u00e9s Norberto Garc\u00eda Repper Favila, quien en una reciente entrevista con la periodista Carmen Aristegui neg\u00f3 categ\u00f3ricamente que su instituci\u00f3n tenga abierta alguna investigaci\u00f3n, imputaci\u00f3n o acusaci\u00f3n formal en contra de Francisco Javier Garc\u00eda Cabeza de Vaca. Con una soltura que raya en el cinismo, el funcionario rechaz\u00f3 que se realicen persecuciones pol\u00edticas desde su oficina.<\/p>\n<p class=\"wp-block-paragraph\">Garc\u00eda Repper Favila \u2014quien asumi\u00f3 el cargo el pasado 5 de febrero tras un cuestionado proceso en el Congreso\u2014 record\u00f3 que en su comparecencia ante los diputados prometi\u00f3 no utilizar la instituci\u00f3n para cobrar facturas pol\u00edticas, hacer cacer\u00edas de brujas ni descarrilar carreras. Incluso presumi\u00f3 con orgullo que algunos diputados de Acci\u00f3n Nacional votaron a favor de su designaci\u00f3n.<\/p>\n<p class=\"wp-block-paragraph\">Con esa clase de amigos en la trinchera anticorrupci\u00f3n, \u00bfpara qu\u00e9 quiere enemigos el cabecismo? Al final, la culpa no es del indio, sino de quien lo hace compadre. La torpeza jur\u00eddica y los antecedentes de Garc\u00eda Repper ya eran perfectamente conocidos en el tercer piso de Palacio, pero aun as\u00ed insistieron en nominarlo y ordenaron a la bancada guinda su aprobaci\u00f3n fast-track en el pleno. Ten\u00edan perfiles t\u00e9cnicos impecables sobre la mesa, pero como ya es una insana costumbre, la 4T prefiri\u00f3 seleccionar al peor. Hoy, las declaraciones del fiscal vuelven a demostrar que en la c\u00faspide del poder viven equivoc\u00e1ndose de manera sistem\u00e1tica.<\/p>\n<p class=\"wp-block-paragraph\">Este tipo de pifias pol\u00edticas e institucionales son lujos que no podr\u00e1n repetirse al momento de seleccionar a los candidatos para las alcald\u00edas. En la contienda que viene no habr\u00e1 el m\u00e1s m\u00ednimo margen de error. Los de enfrente no est\u00e1n mancos: est\u00e1n listos para atacar, morder y destrozar lo que quede de la estructura guinda si es que en Palacio insisten en encumbrar a sus favoritos, esos par\u00e1sitos que se marearon en un ladrillo y que huelen a derrota anticipada.<\/p>\n<p class=\"wp-block-paragraph\">Bueno, por hoy es todo.<br \/>\nAdi\u00f3s y aguas con los patinazos\u2026<\/p>\n<p class=\"wp-block-paragraph\"><strong>Contacto:<\/strong><br \/>\n<a href=\"mailto:patinadero@hotmail.com\" target=\"_blank\" rel=\"noopener\">patinadero@hotmail.com<\/a><\/p>\n<\/div>\n<\/article>\n<\/div>\n<\/div>\n<\/div>\n<\/div>\n<\/div>\n<\/section>\n","protected":false},"excerpt":{"rendered":"<p>Es com\u00fan verlo comer y fumar pl\u00e1cidamente en el exterior del restaurante T\u00eda Rosita. Se rumora en los pasillos judiciales que el hombre cuenta con una medida de arraigo domiciliario, pero la verdad es que no lo parece. Al menos goza de la libertad absoluta para salir a degustar sus alimentos al aire libre, a [&hellip;]<\/p>\n","protected":false},"author":1,"featured_media":214937,"comment_status":"closed","ping_status":"closed","sticky":false,"template":"","format":"standard","meta":{"footnotes":""},"categories":[16],"tags":[],"class_list":["post-227402","post","type-post","status-publish","format-standard","has-post-thumbnail","hentry","category-opinion"],"_links":{"self":[{"href":"https:\/\/www.elsinodaldetamaulipas.com.mx\/index.php?rest_route=\/wp\/v2\/posts\/227402","targetHints":{"allow":["GET"]}}],"collection":[{"href":"https:\/\/www.elsinodaldetamaulipas.com.mx\/index.php?rest_route=\/wp\/v2\/posts"}],"about":[{"href":"https:\/\/www.elsinodaldetamaulipas.com.mx\/index.php?rest_route=\/wp\/v2\/types\/post"}],"author":[{"embeddable":true,"href":"https:\/\/www.elsinodaldetamaulipas.com.mx\/index.php?rest_route=\/wp\/v2\/users\/1"}],"replies":[{"embeddable":true,"href":"https:\/\/www.elsinodaldetamaulipas.com.mx\/index.php?rest_route=%2Fwp%2Fv2%2Fcomments&post=227402"}],"version-history":[{"count":1,"href":"https:\/\/www.elsinodaldetamaulipas.com.mx\/index.php?rest_route=\/wp\/v2\/posts\/227402\/revisions"}],"predecessor-version":[{"id":227404,"href":"https:\/\/www.elsinodaldetamaulipas.com.mx\/index.php?rest_route=\/wp\/v2\/posts\/227402\/revisions\/227404"}],"wp:featuredmedia":[{"embeddable":true,"href":"https:\/\/www.elsinodaldetamaulipas.com.mx\/index.php?rest_route=\/wp\/v2\/media\/214937"}],"wp:attachment":[{"href":"https:\/\/www.elsinodaldetamaulipas.com.mx\/index.php?rest_route=%2Fwp%2Fv2%2Fmedia&parent=227402"}],"wp:term":[{"taxonomy":"category","embeddable":true,"href":"https:\/\/www.elsinodaldetamaulipas.com.mx\/index.php?rest_route=%2Fwp%2Fv2%2Fcategories&post=227402"},{"taxonomy":"post_tag","embeddable":true,"href":"https:\/\/www.elsinodaldetamaulipas.com.mx\/index.php?rest_route=%2Fwp%2Fv2%2Ftags&post=227402"}],"curies":[{"name":"wp","href":"https:\/\/api.w.org\/{rel}","templated":true}]}}