{"id":227405,"date":"2026-08-31T17:58:07","date_gmt":"2026-08-31T21:58:07","guid":{"rendered":"https:\/\/www.elsinodaldetamaulipas.com.mx\/?p=227405"},"modified":"2026-08-31T19:11:47","modified_gmt":"2026-08-31T23:11:47","slug":"hp-refrenda-compromiso-con-la-educacion-basica","status":"publish","type":"post","link":"https:\/\/www.elsinodaldetamaulipas.com.mx\/?p=227405","title":{"rendered":"HP REFRENDA COMPROMISO CON EDUCACION P\u00daBLICA"},"content":{"rendered":"<p><em><strong>EL SINODAL DE TAMAULIPAS<\/strong><\/em><\/p>\n<p>Reynosa, Tam.- Durante la ma\u00f1ana de este lunes 31 de agosto, el presidente de la Junta de Gobierno del Congreso del estado, Humberto Prieto Herrera, particip\u00f3 en el inicio del nuevo ciclo lectivo 2026-2027 desde Ciudad Reynosa.<\/p>\n<p>&nbsp;<\/p>\n<p>El presidente de la JUGOB, refrendando su compromiso con la educaci\u00f3n reynosense, acompa\u00f1\u00f3 a alumnos del ITACE Reynosa y a los alumnos de la escuela primaria Jos\u00e9 Clemente Orozco, quienes, junto a padres de familia y personal docente, arrancaron este nuevo ciclo escolar.<\/p>\n<p><img loading=\"lazy\" decoding=\"async\" class=\"aligncenter wp-image-227407 size-full\" src=\"https:\/\/www.elsinodaldetamaulipas.com.mx\/wp-content\/uploads\/2026\/08\/HUMBERTO-2.jpg\" alt=\"\" width=\"894\" height=\"487\" srcset=\"https:\/\/www.elsinodaldetamaulipas.com.mx\/wp-content\/uploads\/2026\/08\/HUMBERTO-2.jpg 894w, https:\/\/www.elsinodaldetamaulipas.com.mx\/wp-content\/uploads\/2026\/08\/HUMBERTO-2-300x163.jpg 300w, https:\/\/www.elsinodaldetamaulipas.com.mx\/wp-content\/uploads\/2026\/08\/HUMBERTO-2-768x418.jpg 768w\" sizes=\"auto, (max-width: 894px) 100vw, 894px\" \/><\/p>\n<p>\u201cEs un placer y un honor el responder a estas invitaciones, y as\u00ed, desde Reynosa, ser parte de la historia de todos los alumnos que este d\u00eda inician este nuevo ciclo escolar a nivel nacional\u201d, se\u00f1al\u00f3 el presidente del Congreso, Humberto Prieto Herrera.<\/p>\n<p>&nbsp;<\/p>\n<p>Comprometido con las familias reynosenses y la educaci\u00f3n, este lunes, en su recorrido de trabajo, el presidente del Congreso agradeci\u00f3 la invitaci\u00f3n de la directora del ITACE, Martha Reyes Anaya, as\u00ed como de la titular del Centro Regional de Desarrollo Educativo, Alicia Piza\u00f1a Navarro.<\/p>\n<p><img loading=\"lazy\" decoding=\"async\" class=\"aligncenter wp-image-227408 size-full\" src=\"https:\/\/www.elsinodaldetamaulipas.com.mx\/wp-content\/uploads\/2026\/08\/HUMBERTO-3.jpg\" alt=\"\" width=\"894\" height=\"487\" srcset=\"https:\/\/www.elsinodaldetamaulipas.com.mx\/wp-content\/uploads\/2026\/08\/HUMBERTO-3.jpg 894w, https:\/\/www.elsinodaldetamaulipas.com.mx\/wp-content\/uploads\/2026\/08\/HUMBERTO-3-300x163.jpg 300w, https:\/\/www.elsinodaldetamaulipas.com.mx\/wp-content\/uploads\/2026\/08\/HUMBERTO-3-768x418.jpg 768w\" sizes=\"auto, (max-width: 894px) 100vw, 894px\" \/><\/p>\n<p>De esta forma es como el presidente de la JUGOB, Humberto Prieto Herrera, desde Reynosa, en apoyo a la educaci\u00f3n, particip\u00f3 con los j\u00f3venes que regresan a este nuevo ciclo lectivo, dando arranque oficial al nuevo a\u00f1o escolar.<\/p>\n","protected":false},"excerpt":{"rendered":"<p>EL SINODAL DE TAMAULIPAS Reynosa, Tam.- Durante la ma\u00f1ana de este lunes 31 de agosto, el presidente de la Junta de Gobierno del Congreso del estado, Humberto Prieto Herrera, particip\u00f3 en el inicio del nuevo ciclo lectivo 2026-2027 desde Ciudad Reynosa. &nbsp; El presidente de la JUGOB, refrendando su compromiso con la educaci\u00f3n reynosense, acompa\u00f1\u00f3 [&hellip;]<\/p>\n","protected":false},"author":1,"featured_media":227406,"comment_status":"closed","ping_status":"closed","sticky":false,"template":"","format":"standard","meta":{"footnotes":""},"categories":[1,2],"tags":[],"class_list":["post-227405","post","type-post","status-publish","format-standard","has-post-thumbnail","hentry","category-portada","category-reynosa"],"_links":{"self":[{"href":"https:\/\/www.elsinodaldetamaulipas.com.mx\/index.php?rest_route=\/wp\/v2\/posts\/227405","targetHints":{"allow":["GET"]}}],"collection":[{"href":"https:\/\/www.elsinodaldetamaulipas.com.mx\/index.php?rest_route=\/wp\/v2\/posts"}],"about":[{"href":"https:\/\/www.elsinodaldetamaulipas.com.mx\/index.php?rest_route=\/wp\/v2\/types\/post"}],"author":[{"embeddable":true,"href":"https:\/\/www.elsinodaldetamaulipas.com.mx\/index.php?rest_route=\/wp\/v2\/users\/1"}],"replies":[{"embeddable":true,"href":"https:\/\/www.elsinodaldetamaulipas.com.mx\/index.php?rest_route=%2Fwp%2Fv2%2Fcomments&post=227405"}],"version-history":[{"count":2,"href":"https:\/\/www.elsinodaldetamaulipas.com.mx\/index.php?rest_route=\/wp\/v2\/posts\/227405\/revisions"}],"predecessor-version":[{"id":227426,"href":"https:\/\/www.elsinodaldetamaulipas.com.mx\/index.php?rest_route=\/wp\/v2\/posts\/227405\/revisions\/227426"}],"wp:featuredmedia":[{"embeddable":true,"href":"https:\/\/www.elsinodaldetamaulipas.com.mx\/index.php?rest_route=\/wp\/v2\/media\/227406"}],"wp:attachment":[{"href":"https:\/\/www.elsinodaldetamaulipas.com.mx\/index.php?rest_route=%2Fwp%2Fv2%2Fmedia&parent=227405"}],"wp:term":[{"taxonomy":"category","embeddable":true,"href":"https:\/\/www.elsinodaldetamaulipas.com.mx\/index.php?rest_route=%2Fwp%2Fv2%2Fcategories&post=227405"},{"taxonomy":"post_tag","embeddable":true,"href":"https:\/\/www.elsinodaldetamaulipas.com.mx\/index.php?rest_route=%2Fwp%2Fv2%2Ftags&post=227405"}],"curies":[{"name":"wp","href":"https:\/\/api.w.org\/{rel}","templated":true}]}}