{"id":227412,"date":"2026-08-31T18:04:41","date_gmt":"2026-08-31T22:04:41","guid":{"rendered":"https:\/\/www.elsinodaldetamaulipas.com.mx\/?p=227412"},"modified":"2026-08-31T18:04:41","modified_gmt":"2026-08-31T22:04:41","slug":"americo-en-gira-por-el-poblado-la-pesca","status":"publish","type":"post","link":"https:\/\/www.elsinodaldetamaulipas.com.mx\/?p=227412","title":{"rendered":"AM\u00c9RICO EN GIRA POR EL POBLADO LA PESCA"},"content":{"rendered":"<p class=\"wp-block-paragraph\">EXPEDIENTE<\/p>\n<p class=\"wp-block-paragraph\">Azahel Jaramillo H.<\/p>\n<p class=\"wp-block-paragraph\">\n<p class=\"wp-block-paragraph\"><strong>\u00a0 \u00a0 \u00a0 \u00a0 \u00a0 \u00a0 \u00a0 \u00a0 \u00a0 \u00a0 \u00a0 \u00a0 \u00a0 \u00a0 \u00a0 \u00a0 \u00a0 \u00a0 \u00a0 \u00a0E<\/strong><strong>sta ma\u00f1ana de Lunes 31 en La Pesca, poblado que cuenta con atractiva playa y r\u00edo fue el escenario donde el gobernador Am\u00e9rico Villarreal Anaya inaugur\u00f3 la escuela primaria \u00abCapit\u00e1n de Nav\u00edo Blas God\u00ednez Brito\u00bb y puso en marcha el ciclo escolar 2026-2027, en el que se entregan paquetes de uniformes, mochilas y \u00fatiles escolares con un costo de m\u00e1s de 354 millones de pesos.\u00a0<\/strong><\/p>\n<p class=\"wp-block-paragraph\"><strong>\u00a0 \u00a0 \u00a0 \u00a0 \u00a0 \u00a0Acompa\u00f1ado por el almirante Ramiro Lobato Camacho, comandante de la Primera Regi\u00f3n Naval, en representaci\u00f3n del secretario de Marina, Raymundo Pedro Morales \u00c1ngeles, el gobernador destac\u00f3 que, m\u00e1s importante que las cifras o las cantidades, lo m\u00e1s valioso es que estos apoyos se traduzcan en un beneficio para las personas.<\/strong><\/p>\n<p class=\"wp-block-paragraph\"><strong>\u00abQue todo alumno que sigue progresando en su formaci\u00f3n tenga la certeza de que cuenta con un pupitre, que cuenta con un sal\u00f3n de clases y que cuenta con un maestro ante grupo, para poder seguir estudiando y form\u00e1ndose en los retos de esta aventura que va a ser su vida y con la que van a estar contando con la educaci\u00f3n y el conocimiento que tengan a trav\u00e9s de ella\u00bb, dijo el Dr. Am\u00e9rico.<\/strong><\/p>\n<p class=\"wp-block-paragraph\"><strong>\u00a0 \u00a0 \u00a0 \u00a0 \u00a0 \u00a0 Agreg\u00f3 que, con el apoyo de la presidenta Claudia Sheinbaum Pardo, se tienen ahora las becas Rita Cetina para todos los alumnos de educaci\u00f3n primaria y que puedan tener m\u00e1s seguridad de la ayuda a sus hogares, que permanezcan en las aulas y tengan una adecuada formaci\u00f3n para los grandes retos que enfrentar\u00e1n en su vida.<\/strong><\/p>\n<p class=\"wp-block-paragraph\"><strong>\u00a0 \u00a0 \u00a0 \u00a0 \u00a0 En su participaci\u00f3n al micr\u00f3fono , poco antes de posar para la foto de recuerdo con todo el alumnado y profesores, el gobernador, feliz expres\u00f3 que los alumnos \u00abya est\u00e1n desesperados por iniciar sus clases\u00bb.<\/strong><\/p>\n<p class=\"wp-block-paragraph\"><strong>\u00a0 \u00a0 \u00a0 \u00a0 \u00a0 \u00a0El ex rector de la Universidad La Salle Victoria, ahora titular de Educaci\u00f3n en Tamaulipas, doctor Miguel \u00c1ngel Valdez Garc\u00eda, detall\u00f3 que el ciclo escolar 2026-2027 inicia en Tamaulipas con m\u00e1s de 606 mil 702 alumnas y alumnos, 33 mil 900 maestras y maestros y 6 mil 411 escuelas de educaci\u00f3n b\u00e1sica.<\/strong><\/p>\n<p class=\"wp-block-paragraph\"><strong>\u00a0 \u00a0 \u00a0 \u00a0 \u00a0 \u00a0 Agreg\u00f3 el maestro Valdez que, gracias a la visi\u00f3n del gobernador Am\u00e9rico Villarreal, hoy se entregan 500 mil paquetes de \u00fatiles escolares en los 43 municipios, as\u00ed como 71 mil 9 paquetes de uniformes escolares, con tenis y mochilas, en 31 municipios, con una inversi\u00f3n de 100 millones de pesos.<\/strong><\/p>\n<p class=\"wp-block-paragraph\"><strong>\u00a0 \u00a0 \u00a0 \u00a0 \u00a0 \u00a0 \u00a0 \u00a0 \u00a0Y para lo que gustan de las estad\u00edsticas les comparto que en las primarias de Tamaulipas se han distribuido 3 millones 817 mil 331 libros de texto gratuitos y, con el apoyo de la presidenta Claudia Sheinbaum, se destinan 859 millones de pesos para las becas Rita Cetina; 600 millones de pesos para becas Benito Ju\u00e1rez de educaci\u00f3n media superior y 127 millones de pesos en becas para estudiantes universitarios.\u00a0 \u00a0 \u00a0 \u00a0 \u00a0 \u00a0 \u00a0 \u00a0\u00a0<\/strong><\/p>\n<p class=\"wp-block-paragraph\"><strong>\u00a0 \u00a0 \u00a0 \u00a0 \u00a0 \u00a0 \u00a0 \u00a0Y a\u00f1adi\u00f3 Valdez Garc\u00eda: que \u00aba todo ello se suma el programa La Escuela es Nuestra, con 450 millones de pesos. Se\u00f1or gobernador: son m\u00e1s de 2 mil millones de pesos los que usted y la presidenta han destinado al futuro de nuestras ni\u00f1as, nuestros ni\u00f1os y nuestros j\u00f3venes\u00bb.<\/strong><\/p>\n<p class=\"wp-block-paragraph\"><strong>\u00a0 \u00a0 \u00a0 \u00a0 \u00a0 \u00a0 \u00a0 \u00a0 La alumna de quinto grado Leah Guadalupe Hern\u00e1ndez Rodr\u00edguez expres\u00f3, a nombre de sus compa\u00f1eros, su benepl\u00e1cito por recibir estas nuevas instalaciones: \u00abPara nosotros no es solamente un edificio o unos salones nuevos, es un espacio donde vamos a aprender, convivir, hacer amigos y cumplir muchas de nuestras metas\u00bb.<\/strong><\/p>\n<p class=\"wp-block-paragraph\"><strong>\u00a0 \u00a0 \u00a0 \u00a0 \u00a0 \u00a0 \u00a0SUMA UAT DOS LICENCIATURAS DE ALTO RENDIMIENTO<\/strong><\/p>\n<p class=\"wp-block-paragraph\"><strong>\u00a0 \u00a0 \u00a0 Les comparto que la Universidad Aut\u00f3noma de\u00a0 Tamaulipas que lidera el rector D\u00e1maso Anaya Alvarado acaba de sumar un par de licenciaturas al Padr\u00f3n Nacional de Alto Rendimiento EGEL Plus.<\/strong><\/p>\n<p class=\"wp-block-paragraph\"><strong>\u00a0 \u00a0 \u00a0As\u00ed la UAT fortaleci\u00f3 su posicionamiento en el \u00e1mbito nacional al concretar la incorporaci\u00f3n de dos de sus programas educativos al padr\u00f3n de alto rendimiento del Centro Nacional de Evaluaci\u00f3n para la Educaci\u00f3n Superior (CENEVAL).\u00a0<\/strong><\/p>\n<p class=\"wp-block-paragraph\"><strong>\u00a0 \u00a0 \u00a0 \u00a0 \u00a0Las licenciaturas de referencia son: la de Contador P\u00fablico, adscrita a la Facultad de Comercio Victoria, y Enfermer\u00eda, perteneciente a la Facultad de Enfermer\u00eda Tampico.\u00a0 \u00a0 \u00a0 \u00a0 \u00a0 \u00a0 \u00a0<\/strong><\/p>\n<p class=\"wp-block-paragraph\"><strong>\u00a0 \u00a0 \u00a0 \u00a0 \u00a0 \u00a0 \u00a0 \u00a0REFUERZA LALO GATTAS PAVIMENTACION EN CD- VICTORIA\u00a0<\/strong><\/p>\n<p class=\"wp-block-paragraph\"><strong>\u00a0 \u00a0 \u00a0 \u00a0 \u00a0 \u00a0En este fin de semana el alcalde Lalo Gatt\u00e1s\u00a0 dio inicio a dos obras m\u00e1s de pavimentaci\u00f3n que mejoraran la conectividad vial y la plusval\u00eda de vivienda para 15 mil habitantes de las colonias Tecnol\u00f3gico y Jos\u00e9 L\u00f3pez Portlllo.<\/strong><\/p>\n<p class=\"wp-block-paragraph\"><strong>\u00a0 \u00a0 \u00a0 \u00a0 \u00a0 \u00a0 \u00a0 \u00abSeguimos pavimentando Victoria. Cada calle nueva es m\u00e1s seguridad, bienestar y oportunidades para las familias\u00bb, dijo el alcalde de Victoria al anunciar dos pavimentaciones m\u00e1s en proceso en el fraccionamiento M\u00e9xico y en la colonia Mariano Matamoros.\u00a0<\/strong><\/p>\n<p class=\"wp-block-paragraph\"><strong>\u00a0 \u00a0 \u00a0 \u00a0 \u00a0 \u00a0 \u00a0 La obra en la Jos\u00e9 L\u00f3pez Portillo contempla 3 mil 489 metros cuadrados en la calle Nueva Ciudad Guerrero, entre Divisi\u00f3n del Golfo y Zeferino; en tanto que el trabajo en la colonia Tecnol\u00f3gico es de 1 mil 492 metros cuadrados en la calle Juan Kepleer, entre Avenida Tecnol\u00f3gico y Thomas Alba.<\/strong><\/p>\n<p class=\"wp-block-paragraph\"><strong>\u00a0 \u00a0 \u00a0 \u00a0 \u00a0 \u00a0 En cuanto al programa de bacheo de bacheo, en la cuarta semana de agosto, cuadrillas\u00a0 de Obras P\u00fablicas rehabilitaron 1 mil 500 metros cuadrados en calles de las colonias Mainero, Ampliaci\u00f3n Libertad, H\u00e9roe de Nacozari, zona centro y fraccionamientos Rinc\u00f3n de las Monta\u00f1as y Huertas San Javier. NOS VEMOS.\u00a0 \u00a0 \u00a0 \u00a0 \u00a0\u00a0<\/strong><\/p>\n","protected":false},"excerpt":{"rendered":"<p>EXPEDIENTE Azahel Jaramillo H. \u00a0 \u00a0 \u00a0 \u00a0 \u00a0 \u00a0 \u00a0 \u00a0 \u00a0 \u00a0 \u00a0 \u00a0 \u00a0 \u00a0 \u00a0 \u00a0 \u00a0 \u00a0 \u00a0 \u00a0Esta ma\u00f1ana de Lunes 31 en La Pesca, poblado que cuenta con atractiva playa y r\u00edo fue el escenario donde el gobernador Am\u00e9rico Villarreal Anaya inaugur\u00f3 la escuela primaria \u00abCapit\u00e1n de Nav\u00edo [&hellip;]<\/p>\n","protected":false},"author":1,"featured_media":211939,"comment_status":"closed","ping_status":"closed","sticky":false,"template":"","format":"standard","meta":{"footnotes":""},"categories":[16],"tags":[],"class_list":["post-227412","post","type-post","status-publish","format-standard","has-post-thumbnail","hentry","category-opinion"],"_links":{"self":[{"href":"https:\/\/www.elsinodaldetamaulipas.com.mx\/index.php?rest_route=\/wp\/v2\/posts\/227412","targetHints":{"allow":["GET"]}}],"collection":[{"href":"https:\/\/www.elsinodaldetamaulipas.com.mx\/index.php?rest_route=\/wp\/v2\/posts"}],"about":[{"href":"https:\/\/www.elsinodaldetamaulipas.com.mx\/index.php?rest_route=\/wp\/v2\/types\/post"}],"author":[{"embeddable":true,"href":"https:\/\/www.elsinodaldetamaulipas.com.mx\/index.php?rest_route=\/wp\/v2\/users\/1"}],"replies":[{"embeddable":true,"href":"https:\/\/www.elsinodaldetamaulipas.com.mx\/index.php?rest_route=%2Fwp%2Fv2%2Fcomments&post=227412"}],"version-history":[{"count":1,"href":"https:\/\/www.elsinodaldetamaulipas.com.mx\/index.php?rest_route=\/wp\/v2\/posts\/227412\/revisions"}],"predecessor-version":[{"id":227413,"href":"https:\/\/www.elsinodaldetamaulipas.com.mx\/index.php?rest_route=\/wp\/v2\/posts\/227412\/revisions\/227413"}],"wp:featuredmedia":[{"embeddable":true,"href":"https:\/\/www.elsinodaldetamaulipas.com.mx\/index.php?rest_route=\/wp\/v2\/media\/211939"}],"wp:attachment":[{"href":"https:\/\/www.elsinodaldetamaulipas.com.mx\/index.php?rest_route=%2Fwp%2Fv2%2Fmedia&parent=227412"}],"wp:term":[{"taxonomy":"category","embeddable":true,"href":"https:\/\/www.elsinodaldetamaulipas.com.mx\/index.php?rest_route=%2Fwp%2Fv2%2Fcategories&post=227412"},{"taxonomy":"post_tag","embeddable":true,"href":"https:\/\/www.elsinodaldetamaulipas.com.mx\/index.php?rest_route=%2Fwp%2Fv2%2Ftags&post=227412"}],"curies":[{"name":"wp","href":"https:\/\/api.w.org\/{rel}","templated":true}]}}