{"id":227424,"date":"2026-08-31T18:54:22","date_gmt":"2026-08-31T22:54:22","guid":{"rendered":"https:\/\/www.elsinodaldetamaulipas.com.mx\/?p=227424"},"modified":"2026-08-31T18:54:22","modified_gmt":"2026-08-31T22:54:22","slug":"carmen-lilia-represento-a-nuevo-laredo-en-cabalgata-de-la-unidad","status":"publish","type":"post","link":"https:\/\/www.elsinodaldetamaulipas.com.mx\/?p=227424","title":{"rendered":"Carmen Lilia represent\u00f3 a Nuevo Laredo en cabalgata de la unidad"},"content":{"rendered":"<p class=\"wp-block-paragraph\">Si alguien todav\u00eda ten\u00eda dudas de d\u00f3nde est\u00e1 parado Nuevo Laredo dentro del proyecto de transformaci\u00f3n de Tamaulipas, el s\u00e1bado pasado recibi\u00f3 la respuesta\u2026 a caballo y con sombrero puesto.<br \/>\nLa Cabalgata de la Unidad \u201cAm\u00e9rico Villarreal Anaya\u201d, celebrada en Ciudad Victoria, termin\u00f3 convirti\u00e9ndose en mucho m\u00e1s que un desfile de jinetes. Fue una aut\u00e9ntica fotograf\u00eda pol\u00edtica de la 4T tamaulipeca, con alcaldes, legisladores, funcionarios y liderazgos morenistas cerrando filas alrededor del gobernador Am\u00e9rico Villarreal Anaya.<br \/>\nM\u00e1s de 2 mil 100 jinetes de los 43 municipios llegaron a la capital tamaulipeca para participar en este encuentro de unidad, pero entre tanta bota, sombrero y caballo hubo una presencia que, para Nuevo Laredo, tuvo especial significado, la alcaldesa Carmen Lilia Canturosas Villarreal.<br \/>\nY aqu\u00ed est\u00e1 lo interesante.<br \/>\nCarmen Lilia no mand\u00f3 representante, no se qued\u00f3 viendo la cabalgata desde lejos y mucho menos busc\u00f3 hacerse la desaparecida. Agarr\u00f3 carretera, lleg\u00f3 a Ciudad Victoria y se subi\u00f3 al caballo para acompa\u00f1ar personalmente al gobernador Am\u00e9rico Villarreal.<br \/>\nEso, en pol\u00edtica, tiene lectura.<br \/>\nPorque cuando la alcaldesa de la ciudad m\u00e1s importantes de Tamaulipas aparece personalmente junto al gobernador en un evento que reuni\u00f3 a pr\u00e1cticamente toda la estructura territorial de Morena, el mensaje es bastante claro, Nuevo Laredo est\u00e1 presente y est\u00e1 en la misma ruta de transformaci\u00f3n.<br \/>\nPero, sin duda, Carmen Lilia ocup\u00f3 un lugar especial.<br \/>\nLa alcaldesa ha construido durante estos a\u00f1os una relaci\u00f3n pol\u00edtica y de coordinaci\u00f3n institucional con el gobernador Am\u00e9rico Villarreal que se ha traducido en obras, programas y gestiones para Nuevo Laredo. Y eso se nota cuando llega la hora de demostrar unidad.<br \/>\nPorque una cosa es tomarse la foto cuando conviene y otra muy distinta es estar presente cuando se necesita cerrar filas.<br \/>\nY vaya que hubo fotograf\u00eda.<br \/>\nAm\u00e9rico Villarreal encabezando la cabalgata, acompa\u00f1ado por alcaldes como Eduardo Gatt\u00e1s, Armando Mart\u00ednez, Beto Granados y Erasmo Gonz\u00e1lez, adem\u00e1s de legisladores, funcionarios y representantes de los distintos municipios.<br \/>\nY para quienes gustan de leer entre l\u00edneas, la cabalgata tambi\u00e9n dej\u00f3 otro mensaje, la sucesi\u00f3n de 2027 ya empieza a respirarse en el ambiente, aunque oficialmente nadie quiera hablar todav\u00eda de candidaturas.<br \/>\nHubo porras, hubo nombres que comenzaron a sonar y hubo personajes que aprovecharon el reflector.<br \/>\nPero una cosa qued\u00f3 demostrada, quien tiene trabajo, territorio y resultados no necesita gritar demasiado para hacerse notar.<br \/>\nCarmen Lilia lleg\u00f3 a Victoria con algo m\u00e1s que sombrero y botas. Lleg\u00f3 con los resultados de cinco a\u00f1os de gobierno en Nuevo Laredo y con una ciudad que ha cambiado de manera evidente en infraestructura, educaci\u00f3n, servicios p\u00fablicos, empleo y desarrollo.<br \/>\nPor eso su presencia junto a Am\u00e9rico no fue una fotograf\u00eda cualquiera.<br \/>\nFue el retrato de dos gobiernos que han entendido que la coordinaci\u00f3n entre los distintos niveles de gobierno es la llave para que las cosas sucedan.<\/p>\n<p class=\"wp-block-paragraph\">MORENA SE RE\u00daNE EN NUEVO LAREDO\u2026 Y EL 2027 YA SE ASOM\u00d3<br \/>\nLa convocatoria dec\u00eda unidad, soberan\u00eda y defensa de la transformaci\u00f3n.<br \/>\nPero cualquiera que haya estado el domingo en el Parque Los Girasoles de Nuevo Laredo pudo darse cuenta de que, debajo de esos temas, hab\u00eda otro asunto flotando en el ambiente,<br \/>\n2027 ya empez\u00f3 a calentar motores.<br \/>\nM\u00e1s de cuatro mil morenistas se dieron cita en la Asamblea Informativa por la Defensa de la Soberan\u00eda, con la presencia de la dirigencia estatal de Morena y de buena parte de los personajes que hoy tienen peso pol\u00edtico en Nuevo Laredo. El encuentro cerr\u00f3 en esta frontera la primera vuelta de asambleas informativas realizadas en los 43 municipios de Tamaulipas.<br \/>\nY en medio de todo ese movimiento apareci\u00f3, como era de esperarse, Carmen Lilia Canturosas Villarreal.<br \/>\nLa alcaldesa fue una de las figuras centrales del encuentro y, como primera morenista de Nuevo Laredo. Carmen Lilia encabez\u00f3 un acto que mostr\u00f3 m\u00fasculo territorial y, sobre todo, dej\u00f3 claro que Morena en Nuevo Laredo tiene estructura, organizaci\u00f3n y una militancia que responde a las convocatorias.<br \/>\nY hay que reconocerlo, la dirigente estatal Lupita G\u00f3mez no tuvo empacho en destacar el trabajo de Carmen Lilia y el hecho de que Nuevo Laredo tenga un gobierno emanado de Morena.<br \/>\nEso pesa.<br \/>\nPero v\u00e1monos al verdadero chile de la asamblea.<br \/>\nPorque ah\u00ed estaban varios de los nombres que ya circulan para la candidatura morenista a la alcald\u00eda de Nuevo Laredo.<br \/>\nNinfa Cant\u00fa De\u00e1ndar, Carlos de Anda, Pedro Lozano Mart\u00ednez y Jorge Luis Miranda Ni\u00f1o , entre otros que estuvieron presentes en el encuentro. Tambi\u00e9n acudieron los diputados locales Gabriela Regalado, Ana Laura Huerta y Sergio Sergio \u00abCheko\u00bb Ojeda, adem\u00e1s de funcionarios y consejeros del partido.<br \/>\nY cuando la dirigencia comenz\u00f3 a mencionar a los posibles aspirantes, el asunto se puso sabroso.<br \/>\nPrimero apareci\u00f3 Ninfa Cant\u00fa y llegaron las porras.<br \/>\nDespu\u00e9s mencionaron a Pedro Lozano y los gritos subieron todav\u00eda m\u00e1s.<br \/>\nLa cosa se estaba calentando tanto que tuvieron que pedir aquello de \u201c\u00a1Unidad, unidad!\u201d para bajar un poco la temperatura.<br \/>\nCarlos de Anda, el secretario de Obras P\u00fablicas de Nuevo Laredo estuvo presente en la asamblea y fue incluido entre los perfiles que aparecen en la conversaci\u00f3n interna rumbo a la candidatura municipal.<br \/>\nLa asamblea del domingo dej\u00f3 algo muy claro,<br \/>\nMorena est\u00e1 organizado, tiene gente, tiene estructura y tiene varios perfiles para competir.<br \/>\nLa carrera apenas empieza.<br \/>\nLos caballos ya est\u00e1n ensillados.<br \/>\nY despu\u00e9s de lo visto este fin de semana, parece que en Morena Nuevo Laredo ya comenzaron a repartir las primeras porras\u2026 aunque todav\u00eda nadie tiene la silla asegurada\u2026 \u00bfQu\u00e9, no?, NOS LEEMOS.<br \/>\nComentarios:\u00a0<a href=\"mailto:pedropnatividad@gmail.com\" target=\"_blank\" rel=\"noopener\">pedropnatividad@gmail.com<\/a><\/p>\n","protected":false},"excerpt":{"rendered":"<p>Si alguien todav\u00eda ten\u00eda dudas de d\u00f3nde est\u00e1 parado Nuevo Laredo dentro del proyecto de transformaci\u00f3n de Tamaulipas, el s\u00e1bado pasado recibi\u00f3 la respuesta\u2026 a caballo y con sombrero puesto. La Cabalgata de la Unidad \u201cAm\u00e9rico Villarreal Anaya\u201d, celebrada en Ciudad Victoria, termin\u00f3 convirti\u00e9ndose en mucho m\u00e1s que un desfile de jinetes. Fue una aut\u00e9ntica [&hellip;]<\/p>\n","protected":false},"author":1,"featured_media":222519,"comment_status":"closed","ping_status":"closed","sticky":false,"template":"","format":"standard","meta":{"footnotes":""},"categories":[16],"tags":[],"class_list":["post-227424","post","type-post","status-publish","format-standard","has-post-thumbnail","hentry","category-opinion"],"_links":{"self":[{"href":"https:\/\/www.elsinodaldetamaulipas.com.mx\/index.php?rest_route=\/wp\/v2\/posts\/227424","targetHints":{"allow":["GET"]}}],"collection":[{"href":"https:\/\/www.elsinodaldetamaulipas.com.mx\/index.php?rest_route=\/wp\/v2\/posts"}],"about":[{"href":"https:\/\/www.elsinodaldetamaulipas.com.mx\/index.php?rest_route=\/wp\/v2\/types\/post"}],"author":[{"embeddable":true,"href":"https:\/\/www.elsinodaldetamaulipas.com.mx\/index.php?rest_route=\/wp\/v2\/users\/1"}],"replies":[{"embeddable":true,"href":"https:\/\/www.elsinodaldetamaulipas.com.mx\/index.php?rest_route=%2Fwp%2Fv2%2Fcomments&post=227424"}],"version-history":[{"count":1,"href":"https:\/\/www.elsinodaldetamaulipas.com.mx\/index.php?rest_route=\/wp\/v2\/posts\/227424\/revisions"}],"predecessor-version":[{"id":227425,"href":"https:\/\/www.elsinodaldetamaulipas.com.mx\/index.php?rest_route=\/wp\/v2\/posts\/227424\/revisions\/227425"}],"wp:featuredmedia":[{"embeddable":true,"href":"https:\/\/www.elsinodaldetamaulipas.com.mx\/index.php?rest_route=\/wp\/v2\/media\/222519"}],"wp:attachment":[{"href":"https:\/\/www.elsinodaldetamaulipas.com.mx\/index.php?rest_route=%2Fwp%2Fv2%2Fmedia&parent=227424"}],"wp:term":[{"taxonomy":"category","embeddable":true,"href":"https:\/\/www.elsinodaldetamaulipas.com.mx\/index.php?rest_route=%2Fwp%2Fv2%2Fcategories&post=227424"},{"taxonomy":"post_tag","embeddable":true,"href":"https:\/\/www.elsinodaldetamaulipas.com.mx\/index.php?rest_route=%2Fwp%2Fv2%2Ftags&post=227424"}],"curies":[{"name":"wp","href":"https:\/\/api.w.org\/{rel}","templated":true}]}}