{"id":227431,"date":"2026-08-31T20:10:07","date_gmt":"2026-09-01T00:10:07","guid":{"rendered":"https:\/\/www.elsinodaldetamaulipas.com.mx\/?p=227431"},"modified":"2026-08-31T20:10:07","modified_gmt":"2026-09-01T00:10:07","slug":"y-se-quieren-reelegir","status":"publish","type":"post","link":"https:\/\/www.elsinodaldetamaulipas.com.mx\/?p=227431","title":{"rendered":"&#8230;Y SE QUIEREN REELEGIR"},"content":{"rendered":"<p class=\"wp-block-paragraph\">Altamira, ah\u00ed donde se alerta a tener cuidado al momento de caminar por sus calles, la raz\u00f3n, para no pisar a uno de los numerosos candidatos a coordinadores municipales.<\/p>\n<p class=\"wp-block-paragraph\">Hasta su maltrecho alcalde tambi\u00e9n la quiere, aunque ha resultado un fiasco en la soluci\u00f3n de problemas y demandas expuestas por la poblaci\u00f3n.<\/p>\n<p class=\"wp-block-paragraph\">ARMANDO, creo se llama el interfecto, enfrenta la condena p\u00fablica de la poblaci\u00f3n, este lunes 140 colonias se quedaron sin agua, el asunto detona al inicio del ciclo escolar.<\/p>\n<p class=\"wp-block-paragraph\">Y si eso ocurre en ese municipio, en el de Madero su alcalde, es un decir eso de alcalde, ERASMO GONZALEZ, se la pasa de paseo por la playa, vali\u00e9ndole un soberano r\u00e1bano lo que de \u00e9l se diga y critique.<\/p>\n<p class=\"wp-block-paragraph\">Despu\u00e9s de ser expuestos sus v\u00ednculos con el difunto CARMONA, cobrando millonarias sumas como su contador preferido, las expresiones ventiladas hacia su persona resultan ser nimiedades.<br \/>\nQuien llegue al cargo que demerit\u00f3, har\u00e1 mucho mejor papel que el desaseado de ERASMO, hasta, ADRIAN OSEGUERA KERNION, tiene posibilidades de volver a ser alcalde, su relevo no logr\u00f3, ni siquiera, igualar los n\u00fameros.<\/p>\n<p class=\"wp-block-paragraph\">En Tampico, con el respaldo mayoritario de la poblaci\u00f3n, las condiciones est\u00e1n dadas para que retorne el buen gobierno de, JESUS NADER.<\/p>\n<p class=\"wp-block-paragraph\">El panista muestra cautela y algo de respeto para quien no ha estado a la altura de las condiciones, esa es la raz\u00f3n por la que evita aparecer en p\u00fablico para no hacerle sombra y que se puedan mal interpretar sus asomos.<br \/>\nAqu\u00ed en la capital de Tamaulipas el tema el agua se ha atacado de ra\u00edz y con el concurso de los tres \u00f3rdenes de gobierno.<\/p>\n<p class=\"wp-block-paragraph\">Mucho ha tenido que ver la insistente gesti\u00f3n y el ir a tocar puertas a Palacio Nacional por parte del edil capitalino, EDUARDO GATTAS.<\/p>\n<p class=\"wp-block-paragraph\">La construcci\u00f3n de la segunda l\u00ednea del acueducto vendr\u00e1 a dar soluci\u00f3n el tema del desabasto de agua a la ciudad, el Gobierno que encabeza, AMERICO VILLARREAL ANAYA y EDUARDO GATTAS, respectivamente, han sumado esfuerzos y logrado resultados contundentes.<\/p>\n<p class=\"wp-block-paragraph\">UNA TRAS\u2026El ataque con explosivos, tercero que se registra, en menos de una semana en Zacatecas, por cierto, la tierra de Los MONREAL, acapara la atenci\u00f3n del Gobierno norteamericano, por aquello de, ahora s\u00ed, considerarse ataques terroristas y marcar el inicio de una eventual intervenci\u00f3n.<\/p>\n<p class=\"wp-block-paragraph\">La noche del lunes un carro bomba explot\u00f3 frente a la Comandancia municipal de Ojocaliente, Zacatecas, dejando como saldo a siete personas heridas, seis de ellos civiles y un polic\u00eda municipal.<\/p>\n<p class=\"wp-block-paragraph\">El tema de inseguridad parece agravarse en indistintas ciudades del pa\u00eds, apenas el s\u00e1bado, ROSA ROJO MEDINA, fundadora del Colectivo, Voces Unidas por la vida result\u00f3 herida cuando hombres armados dispararon contra el veh\u00edculo en el que viajaba en compa\u00f1\u00eda de su hija y nietas.<br \/>\nEl tema de inseguridad en el pa\u00eds no fue abordado por la Presidenta, CLAUDIA SHEINBAUM, se lo dedic\u00f3 al regreso a clases.<\/p>\n<p class=\"wp-block-paragraph\">1.-UNA TRAS\u2026Ya se est\u00e1 volviendo com\u00fan exhibir a los hijos de AMLO, en restaurantes exclusivos del pa\u00eds.<\/p>\n<p class=\"wp-block-paragraph\">El pasado 24 de agosto, ANDY L\u00d3PEZ BELTR\u00c1N y su hermano GONZALO, sostuvieron una especie de c\u00f3nclave, ambos descendieron de camionetas repletas de guardaespaldas.<\/p>\n<p class=\"wp-block-paragraph\">Dicho encuentro se llev\u00f3 a cabo en un restaurante lujoso de La Condesa mismo que se prolong\u00f3 durante m\u00e1s de cinco horas, en \u00e9l estuvo presente uno de los socios preferidos del ex mandatario, DANIEL ASSAF. Ex jefe de la Ayudant\u00eda en el sexenio pasado.<\/p>\n<p class=\"wp-block-paragraph\">Empresarios y socios consentidos por el anterior y actual r\u00e9gimen tambi\u00e9n se hicieron presentes en el inmueble.<\/p>\n<p class=\"wp-block-paragraph\">2.-UNA TRAS\u2026Desde el sur, hasta el norte, pasando por el centro el golpeteo entre quienes aspiran y suspiran por convertirse en coordinadores distritales locales y federales, as\u00ed como de coordinadores municipales se ha convertido en el deporte de moda.<\/p>\n<p class=\"wp-block-paragraph\">El llamado hecho desde el centro del pa\u00eds, concretamente del \u00e1rea pol\u00edtica del Gobierno Federal parece no hacer efecto, el golpeteo est\u00e1 a la orden del d\u00eda.<br \/>\nNo son pocos los que se cuelgan la medalla de \u201cpadrinos m\u00e1gicos\u201d y hasta bendiciones inexistentes que no causan el efecto deseado entre sus contrincantes.<\/p>\n<p class=\"wp-block-paragraph\">Este lunes debieron darse los generales de quienes ir\u00edan por las coordinaciones distritales, enti\u00e9ndase, diputaciones locales y federales, obvio por parte de MORENA.<\/p>\n<p class=\"wp-block-paragraph\">La indisciplina y el desbordamiento de pasiones pudiera tener efectos no deseados en las filas de la 4T, por eso el llamado insistente a guardar las formas, entendiendo la m\u00e1xima que reza, \u201cNO SOMOS IGUALES\u201d.<br \/>\nCOMENTARIOS<br \/>\n<a href=\"mailto:Jesusher63@hotmail.com\">Jesusher63@hotmail.com<\/a><br \/>\n<a href=\"mailto:cntnotas@hotmail.com\">cntnotas@hotmail.com<\/a><\/p>\n","protected":false},"excerpt":{"rendered":"<p>Altamira, ah\u00ed donde se alerta a tener cuidado al momento de caminar por sus calles, la raz\u00f3n, para no pisar a uno de los numerosos candidatos a coordinadores municipales. Hasta su maltrecho alcalde tambi\u00e9n la quiere, aunque ha resultado un fiasco en la soluci\u00f3n de problemas y demandas expuestas por la poblaci\u00f3n. ARMANDO, creo se [&hellip;]<\/p>\n","protected":false},"author":1,"featured_media":223206,"comment_status":"closed","ping_status":"closed","sticky":false,"template":"","format":"standard","meta":{"footnotes":""},"categories":[16],"tags":[],"class_list":["post-227431","post","type-post","status-publish","format-standard","has-post-thumbnail","hentry","category-opinion"],"_links":{"self":[{"href":"https:\/\/www.elsinodaldetamaulipas.com.mx\/index.php?rest_route=\/wp\/v2\/posts\/227431","targetHints":{"allow":["GET"]}}],"collection":[{"href":"https:\/\/www.elsinodaldetamaulipas.com.mx\/index.php?rest_route=\/wp\/v2\/posts"}],"about":[{"href":"https:\/\/www.elsinodaldetamaulipas.com.mx\/index.php?rest_route=\/wp\/v2\/types\/post"}],"author":[{"embeddable":true,"href":"https:\/\/www.elsinodaldetamaulipas.com.mx\/index.php?rest_route=\/wp\/v2\/users\/1"}],"replies":[{"embeddable":true,"href":"https:\/\/www.elsinodaldetamaulipas.com.mx\/index.php?rest_route=%2Fwp%2Fv2%2Fcomments&post=227431"}],"version-history":[{"count":1,"href":"https:\/\/www.elsinodaldetamaulipas.com.mx\/index.php?rest_route=\/wp\/v2\/posts\/227431\/revisions"}],"predecessor-version":[{"id":227443,"href":"https:\/\/www.elsinodaldetamaulipas.com.mx\/index.php?rest_route=\/wp\/v2\/posts\/227431\/revisions\/227443"}],"wp:featuredmedia":[{"embeddable":true,"href":"https:\/\/www.elsinodaldetamaulipas.com.mx\/index.php?rest_route=\/wp\/v2\/media\/223206"}],"wp:attachment":[{"href":"https:\/\/www.elsinodaldetamaulipas.com.mx\/index.php?rest_route=%2Fwp%2Fv2%2Fmedia&parent=227431"}],"wp:term":[{"taxonomy":"category","embeddable":true,"href":"https:\/\/www.elsinodaldetamaulipas.com.mx\/index.php?rest_route=%2Fwp%2Fv2%2Fcategories&post=227431"},{"taxonomy":"post_tag","embeddable":true,"href":"https:\/\/www.elsinodaldetamaulipas.com.mx\/index.php?rest_route=%2Fwp%2Fv2%2Ftags&post=227431"}],"curies":[{"name":"wp","href":"https:\/\/api.w.org\/{rel}","templated":true}]}}