{"id":227433,"date":"2026-08-31T22:02:14","date_gmt":"2026-09-01T02:02:14","guid":{"rendered":"https:\/\/www.elsinodaldetamaulipas.com.mx\/?p=227433"},"modified":"2026-08-31T22:03:04","modified_gmt":"2026-09-01T02:03:04","slug":"educacin-la-otra-cara-del-poder","status":"publish","type":"post","link":"https:\/\/www.elsinodaldetamaulipas.com.mx\/?p=227433","title":{"rendered":"EDUCACI\u00d3N LA OTRA CARA DEL PODER"},"content":{"rendered":"<p class=\"wp-block-paragraph\">POR LA LIBRE<\/p>\n<p class=\"wp-block-paragraph\">Por Edelmira Cerecedo Garc\u00eca.<\/p>\n<p class=\"wp-block-paragraph\">Hay temas que los pol\u00edticos descubren cuando se acercan las elecciones y otros que, si se saben trabajar, pueden convertirse en una verdadera estrategia de gobierno. La educaci\u00f3n pertenece a los segundos.<\/p>\n<p class=\"wp-block-paragraph\">Y Am\u00e9rico Villarreal parece haberlo entendido.<\/p>\n<p class=\"wp-block-paragraph\">Mientras algunos todav\u00eda creen que una escuela solamente sirve para que los ni\u00f1os vayan a clases, la pol\u00edtica sabe que ah\u00ed tambi\u00e9n se construye confianza. Una beca, un uniforme, una mochila o una escuela nueva llegan a lugares donde muchos discursos jam\u00e1s entran: la econom\u00eda de las familias.<\/p>\n<p class=\"wp-block-paragraph\">Por eso el arranque del ciclo escolar 2026-2027 en Soto la Marina tiene m\u00e1s fondo del que aparenta. Am\u00e9rico lleg\u00f3 a inaugurar la primaria \u201cCapit\u00e1n de Nav\u00edo Blas God\u00ednez Brito\u201d, pero tambi\u00e9n lleg\u00f3 con una cifra que pol\u00edticamente pesa: m\u00e1s de 354 millones de pesos en apoyos para m\u00e1s de 606 mil estudiantes de educaci\u00f3n b\u00e1sica.<\/p>\n<p class=\"wp-block-paragraph\">Y aqu\u00ed es donde conviene poner el caf\u00e9 sobre la mesa y hablar claro.<\/p>\n<p class=\"wp-block-paragraph\">Una familia no hace cuentas pol\u00edticas cuando recibe \u00fatiles escolares. Hace cuentas dom\u00e9sticas. Sabe que ese dinero que no gast\u00f3 en una mochila o en un uniforme puede servir para otra cosa.<\/p>\n<p class=\"wp-block-paragraph\">Ah\u00ed est\u00e1 el valor de la pol\u00edtica social.<\/p>\n<p class=\"wp-block-paragraph\">No necesita demasiada explicaci\u00f3n.<\/p>\n<p class=\"wp-block-paragraph\">Se siente.<\/p>\n<p class=\"wp-block-paragraph\">Los 43 municipios<\/p>\n<p class=\"wp-block-paragraph\">Y luego est\u00e1 el otro asunto: el territorio.<\/p>\n<p class=\"wp-block-paragraph\">Am\u00e9rico ha convertido la presencia en los 43 municipios en una caracter\u00edstica de su administraci\u00f3n. La ruta por los informes municipales no es solamente una agenda institucional.<\/p>\n<p class=\"wp-block-paragraph\">Tambi\u00e9n es pol\u00edtica.<\/p>\n<p class=\"wp-block-paragraph\">Porque acompa\u00f1ar a alcaldes y alcaldesas, aparecer en sus municipios y escuchar sus problemas mantiene una relaci\u00f3n que cualquier gobernador necesita.<\/p>\n<p class=\"wp-block-paragraph\">Y aqu\u00ed viene la parte que algunos prefieren no decir en voz alta: en pol\u00edtica, estar presente siempre ayuda.<\/p>\n<p class=\"wp-block-paragraph\">Los alcaldes necesitan al gobernador.<\/p>\n<p class=\"wp-block-paragraph\">El gobernador necesita a los alcaldes.<\/p>\n<p class=\"wp-block-paragraph\">Y todos necesitan que la gente los vea trabajando.<\/p>\n<p class=\"wp-block-paragraph\">Si Am\u00e9rico completa el recorrido por los 43 ayuntamientos, habr\u00e1 conseguido algo m\u00e1s que una agenda saturada: habr\u00e1 construido una fotograf\u00eda territorial de su gobierno.<\/p>\n<p class=\"wp-block-paragraph\">No es poca cosa.<\/p>\n<p class=\"wp-block-paragraph\">Tamaulipas no se gobierna solamente desde Ciudad Victoria.<\/p>\n<p class=\"wp-block-paragraph\">Se gobierna desde Nuevo Laredo hasta Tampico, desde Reynosa hasta Soto la Marina, y desde cada municipio peque\u00f1o donde tambi\u00e9n hay problemas, familias y votos.<\/p>\n<p class=\"wp-block-paragraph\">S\u00ed, votos.<\/p>\n<p class=\"wp-block-paragraph\">Porque tampoco vamos a descubrir ahora que la pol\u00edtica no tiene memoria electoral.<\/p>\n<p class=\"wp-block-paragraph\">La Universidad entra al juego<\/p>\n<p class=\"wp-block-paragraph\">Pero aqu\u00ed viene lo interesante.<\/p>\n<p class=\"wp-block-paragraph\">La educaci\u00f3n no puede quedarse en \u00fatiles, uniformes y primaria.<\/p>\n<p class=\"wp-block-paragraph\">El verdadero desaf\u00edo es qu\u00e9 pasa despu\u00e9s.<\/p>\n<p class=\"wp-block-paragraph\">Y ah\u00ed aparece la Universidad Aut\u00f3noma de Tamaulipas.<\/p>\n<p class=\"wp-block-paragraph\">Siete proyectos de la UAT fueron aprobados por el COTACYT dentro del Programa de Incubaci\u00f3n de Empresas de Base Tecnol\u00f3gica. En todo el estado fueron autorizados once.<\/p>\n<p class=\"wp-block-paragraph\">Siete de once.<\/p>\n<p class=\"wp-block-paragraph\">Ese dato merece atenci\u00f3n.<\/p>\n<p class=\"wp-block-paragraph\">Porque ya no estamos hablando solamente de estudiantes que cumplen con una materia o presentan una tesis.<\/p>\n<p class=\"wp-block-paragraph\">Estamos hablando de j\u00f3venes que est\u00e1n desarrollando tecnolog\u00eda para agricultura, agua, ganader\u00eda, comercio, servicios e inteligencia artificial.<\/p>\n<p class=\"wp-block-paragraph\">Hasta el mezcal tamaulipeco tiene su proyecto tecnol\u00f3gico.<\/p>\n<p class=\"wp-block-paragraph\">Eso ya cambia la conversaci\u00f3n.<\/p>\n<p class=\"wp-block-paragraph\">Una universidad que genera tecnolog\u00eda puede generar empresas.<\/p>\n<p class=\"wp-block-paragraph\">Las empresas generan empleos.<\/p>\n<p class=\"wp-block-paragraph\">Y los empleos pueden evitar que nuestros j\u00f3venes tengan que irse a buscar futuro a otro estado.<\/p>\n<p class=\"wp-block-paragraph\">Ah\u00ed est\u00e1 el verdadero desaf\u00edo.<\/p>\n<p class=\"wp-block-paragraph\">D\u00e1maso tiene tarea<\/p>\n<p class=\"wp-block-paragraph\">La rector\u00eda de D\u00e1maso Anaya Alvarado est\u00e1 empujando a la UAT hacia la investigaci\u00f3n aplicada, la innovaci\u00f3n y el emprendimiento.<\/p>\n<p class=\"wp-block-paragraph\">Y eso es justamente lo que Tamaulipas necesita.<\/p>\n<p class=\"wp-block-paragraph\">Porque de nada sirve presumir que tenemos miles de universitarios si al terminar una carrera el \u00fanico proyecto disponible es hacer maletas.<\/p>\n<p class=\"wp-block-paragraph\">La universidad debe ser parte del desarrollo econ\u00f3mico.<\/p>\n<p class=\"wp-block-paragraph\">Y aqu\u00ed hay una oportunidad interesante para hacer equipo con el Gobierno del Estado.<\/p>\n<p class=\"wp-block-paragraph\">Am\u00e9rico puede poner las condiciones.<\/p>\n<p class=\"wp-block-paragraph\">La UAT puede poner el conocimiento.<\/p>\n<p class=\"wp-block-paragraph\">Los estudiantes pueden poner el talento.<\/p>\n<p class=\"wp-block-paragraph\">Y el sector productivo tendr\u00eda que poner las oportunidades.<\/p>\n<p class=\"wp-block-paragraph\">Si esas cuatro piezas se acomodan, entonces s\u00ed estaremos hablando de una pol\u00edtica educativa con visi\u00f3n de futuro.<\/p>\n<p class=\"wp-block-paragraph\">La jugada es m\u00e1s grande<\/p>\n<p class=\"wp-block-paragraph\">Por eso la educaci\u00f3n puede convertirse en una estrategia de poder.<\/p>\n<p class=\"wp-block-paragraph\">No porque una mochila compre votos.<\/p>\n<p class=\"wp-block-paragraph\">Eso ser\u00eda demasiado simplista.<\/p>\n<p class=\"wp-block-paragraph\">Sino porque un gobierno que logra conectar escuela, beca, universidad, investigaci\u00f3n y empleo puede construir algo mucho m\u00e1s poderoso: una relaci\u00f3n de largo plazo con una generaci\u00f3n.<\/p>\n<p class=\"wp-block-paragraph\">El ni\u00f1o que hoy recibe \u00fatiles ser\u00e1 ma\u00f1ana un joven universitario.<\/p>\n<p class=\"wp-block-paragraph\">Y ese joven puede terminar desarrollando una empresa, trabajando en una instituci\u00f3n o generando conocimiento para Tamaulipas.<\/p>\n<p class=\"wp-block-paragraph\">Ah\u00ed est\u00e1 la verdadera apuesta.<\/p>\n<p class=\"wp-block-paragraph\">Am\u00e9rico est\u00e1 jugando en el terreno social, pero tambi\u00e9n en el pol\u00edtico.<\/p>\n<p class=\"wp-block-paragraph\">Recorre los 43 municipios, acompa\u00f1a a los alcaldes, entrega apoyos y coloca la educaci\u00f3n como uno de los principales escaparates de su gobierno.<\/p>\n<p class=\"wp-block-paragraph\">Mientras tanto, la UAT intenta dar el siguiente paso: convertir estudiantes en investigadores, emprendedores y generadores de tecnolog\u00eda.<\/p>\n<p class=\"wp-block-paragraph\">Y eso, se\u00f1oras y se\u00f1ores, ya no es solamente una pol\u00edtica educativa.<\/p>\n<p class=\"wp-block-paragraph\">Es una apuesta por el futuro pol\u00edtico, econ\u00f3mico y social de Tamaulipas.<\/p>\n<p class=\"wp-block-paragraph\">Porque las elecciones llegan y se van.<\/p>\n<p class=\"wp-block-paragraph\">Los gobiernos terminan.<\/p>\n<p class=\"wp-block-paragraph\">Pero las generaciones que se forman bajo una administraci\u00f3n pueden convertirse en su mejor legado.<\/p>\n<p class=\"wp-block-paragraph\">Y tambi\u00e9n, para qu\u00e9 nos hacemos\u2026<\/p>\n<p class=\"wp-block-paragraph\">En su mejor capital pol\u00edtico\u2026..Se los dejo de Tarea.<\/p>\n","protected":false},"excerpt":{"rendered":"<p>POR LA LIBRE Por Edelmira Cerecedo Garc\u00eca. Hay temas que los pol\u00edticos descubren cuando se acercan las elecciones y otros que, si se saben trabajar, pueden convertirse en una verdadera estrategia de gobierno. La educaci\u00f3n pertenece a los segundos. Y Am\u00e9rico Villarreal parece haberlo entendido. Mientras algunos todav\u00eda creen que una escuela solamente sirve para [&hellip;]<\/p>\n","protected":false},"author":1,"featured_media":216109,"comment_status":"closed","ping_status":"closed","sticky":false,"template":"","format":"standard","meta":{"footnotes":""},"categories":[16],"tags":[],"class_list":["post-227433","post","type-post","status-publish","format-standard","has-post-thumbnail","hentry","category-opinion"],"_links":{"self":[{"href":"https:\/\/www.elsinodaldetamaulipas.com.mx\/index.php?rest_route=\/wp\/v2\/posts\/227433","targetHints":{"allow":["GET"]}}],"collection":[{"href":"https:\/\/www.elsinodaldetamaulipas.com.mx\/index.php?rest_route=\/wp\/v2\/posts"}],"about":[{"href":"https:\/\/www.elsinodaldetamaulipas.com.mx\/index.php?rest_route=\/wp\/v2\/types\/post"}],"author":[{"embeddable":true,"href":"https:\/\/www.elsinodaldetamaulipas.com.mx\/index.php?rest_route=\/wp\/v2\/users\/1"}],"replies":[{"embeddable":true,"href":"https:\/\/www.elsinodaldetamaulipas.com.mx\/index.php?rest_route=%2Fwp%2Fv2%2Fcomments&post=227433"}],"version-history":[{"count":2,"href":"https:\/\/www.elsinodaldetamaulipas.com.mx\/index.php?rest_route=\/wp\/v2\/posts\/227433\/revisions"}],"predecessor-version":[{"id":227461,"href":"https:\/\/www.elsinodaldetamaulipas.com.mx\/index.php?rest_route=\/wp\/v2\/posts\/227433\/revisions\/227461"}],"wp:featuredmedia":[{"embeddable":true,"href":"https:\/\/www.elsinodaldetamaulipas.com.mx\/index.php?rest_route=\/wp\/v2\/media\/216109"}],"wp:attachment":[{"href":"https:\/\/www.elsinodaldetamaulipas.com.mx\/index.php?rest_route=%2Fwp%2Fv2%2Fmedia&parent=227433"}],"wp:term":[{"taxonomy":"category","embeddable":true,"href":"https:\/\/www.elsinodaldetamaulipas.com.mx\/index.php?rest_route=%2Fwp%2Fv2%2Fcategories&post=227433"},{"taxonomy":"post_tag","embeddable":true,"href":"https:\/\/www.elsinodaldetamaulipas.com.mx\/index.php?rest_route=%2Fwp%2Fv2%2Ftags&post=227433"}],"curies":[{"name":"wp","href":"https:\/\/api.w.org\/{rel}","templated":true}]}}