{"id":227434,"date":"2026-08-31T22:07:59","date_gmt":"2026-09-01T02:07:59","guid":{"rendered":"https:\/\/www.elsinodaldetamaulipas.com.mx\/?p=227434"},"modified":"2026-08-31T22:07:59","modified_gmt":"2026-09-01T02:07:59","slug":"tormenta-tropical-avanza-en-el-golfoi-de-mexico","status":"publish","type":"post","link":"https:\/\/www.elsinodaldetamaulipas.com.mx\/?p=227434","title":{"rendered":"TORMENTA TROPICAL AVANZA EN EL GOLFOI DE MEXICO"},"content":{"rendered":"<p>Por Gil Vicente Galindo\/EL SINODAL DE TAMAULIPAS<br \/>\nReynosa, Tam. La tormenta tropical \u201cEdouard\u201d se form\u00f3 en el Golfo de M\u00e9xico, precisamente frente a costas texanas, esperando que ma\u00f1ana martes uno de septiembre, toque tierra.<br \/>\nLos pron\u00f3sticos indican que ser\u00e1 entre Texas y Louisiana donde la tormenta afecte ese territorio estadounidense, por lo que habitantes de toda esa \u00e1rea, han recibido aviso de inundaciones.<br \/>\nAutoridades de ese pa\u00eds, podr\u00e1n decretar el desalojo obligatorio si las condiciones climatol\u00f3gicas, empeoran, ya que al momento indican que ser\u00e1 hasta diez o m\u00e1s pulgadas de lluvia.<br \/>\nEl meteoro est\u00e1 ubicado a m\u00e1s de 250 kil\u00f3metros al sureste de Port Arthur, de Texas a 220 kil\u00f3metros de Cameron, en Louisiana, los vientos sostenidos lo ubican en m\u00e1s de 65 kil\u00f3metros por hora y posiblemente se incremente a\u00fan m\u00e1s.<\/p>\n","protected":false},"excerpt":{"rendered":"<p>Por Gil Vicente Galindo\/EL SINODAL DE TAMAULIPAS Reynosa, Tam. La tormenta tropical \u201cEdouard\u201d se form\u00f3 en el Golfo de M\u00e9xico, precisamente frente a costas texanas, esperando que ma\u00f1ana martes uno de septiembre, toque tierra. Los pron\u00f3sticos indican que ser\u00e1 entre Texas y Louisiana donde la tormenta afecte ese territorio estadounidense, por lo que habitantes de [&hellip;]<\/p>\n","protected":false},"author":1,"featured_media":227462,"comment_status":"closed","ping_status":"closed","sticky":false,"template":"","format":"standard","meta":{"footnotes":""},"categories":[1,2],"tags":[],"class_list":["post-227434","post","type-post","status-publish","format-standard","has-post-thumbnail","hentry","category-portada","category-reynosa"],"_links":{"self":[{"href":"https:\/\/www.elsinodaldetamaulipas.com.mx\/index.php?rest_route=\/wp\/v2\/posts\/227434","targetHints":{"allow":["GET"]}}],"collection":[{"href":"https:\/\/www.elsinodaldetamaulipas.com.mx\/index.php?rest_route=\/wp\/v2\/posts"}],"about":[{"href":"https:\/\/www.elsinodaldetamaulipas.com.mx\/index.php?rest_route=\/wp\/v2\/types\/post"}],"author":[{"embeddable":true,"href":"https:\/\/www.elsinodaldetamaulipas.com.mx\/index.php?rest_route=\/wp\/v2\/users\/1"}],"replies":[{"embeddable":true,"href":"https:\/\/www.elsinodaldetamaulipas.com.mx\/index.php?rest_route=%2Fwp%2Fv2%2Fcomments&post=227434"}],"version-history":[{"count":1,"href":"https:\/\/www.elsinodaldetamaulipas.com.mx\/index.php?rest_route=\/wp\/v2\/posts\/227434\/revisions"}],"predecessor-version":[{"id":227463,"href":"https:\/\/www.elsinodaldetamaulipas.com.mx\/index.php?rest_route=\/wp\/v2\/posts\/227434\/revisions\/227463"}],"wp:featuredmedia":[{"embeddable":true,"href":"https:\/\/www.elsinodaldetamaulipas.com.mx\/index.php?rest_route=\/wp\/v2\/media\/227462"}],"wp:attachment":[{"href":"https:\/\/www.elsinodaldetamaulipas.com.mx\/index.php?rest_route=%2Fwp%2Fv2%2Fmedia&parent=227434"}],"wp:term":[{"taxonomy":"category","embeddable":true,"href":"https:\/\/www.elsinodaldetamaulipas.com.mx\/index.php?rest_route=%2Fwp%2Fv2%2Fcategories&post=227434"},{"taxonomy":"post_tag","embeddable":true,"href":"https:\/\/www.elsinodaldetamaulipas.com.mx\/index.php?rest_route=%2Fwp%2Fv2%2Ftags&post=227434"}],"curies":[{"name":"wp","href":"https:\/\/api.w.org\/{rel}","templated":true}]}}