{"id":227435,"date":"2026-09-01T10:04:02","date_gmt":"2026-09-01T14:04:02","guid":{"rendered":"https:\/\/www.elsinodaldetamaulipas.com.mx\/?p=227435"},"modified":"2026-09-01T10:04:59","modified_gmt":"2026-09-01T14:04:59","slug":"tren-maya-se-descarrila-por-enesima-vez","status":"publish","type":"post","link":"https:\/\/www.elsinodaldetamaulipas.com.mx\/?p=227435","title":{"rendered":"TREN MAYA SE DESCARRILA POR EN\u00c9SIMA VEZ"},"content":{"rendered":"<p><strong><em>Por Gil Vicente Galindo\/EL SINODAL DE TAMAULIPAS<\/em><\/strong><\/p>\n<p>Ciudad de Mexico.-Con cero pasajeros lesionados, el tren \u201cMaya\u201d, descarrillo nuevamente, reportan que ahora fue en Campeche, sin reporte de las posibles causas de esta monumental obra supermillonaria en el gobierno de AMLO.<br \/>\nLa obra militar que cost\u00f3 500 mil millones de pesos, donde supuestamente los hijos del entonces presidente, Andr\u00e9s Manuel L\u00f3pez Obrador, hicieron jugosos negocios.<br \/>\nEl nuevo percance del tren \u201cMaya\u201d, fue cerca de la estaci\u00f3n \u201cSan Francisco\u201d, usuarios de inmediato lo reportaron en redes sociales, estos vagones tienen en acci\u00f3n del 15 de diciembre del 2023, es decir apenas va para tres a\u00f1os e infinidad de accidentes e incidentes.<\/p>\n","protected":false},"excerpt":{"rendered":"<p>Por Gil Vicente Galindo\/EL SINODAL DE TAMAULIPAS Ciudad de Mexico.-Con cero pasajeros lesionados, el tren \u201cMaya\u201d, descarrillo nuevamente, reportan que ahora fue en Campeche, sin reporte de las posibles causas de esta monumental obra supermillonaria en el gobierno de AMLO. La obra militar que cost\u00f3 500 mil millones de pesos, donde supuestamente los hijos del [&hellip;]<\/p>\n","protected":false},"author":1,"featured_media":227464,"comment_status":"closed","ping_status":"closed","sticky":false,"template":"","format":"standard","meta":{"footnotes":""},"categories":[4],"tags":[],"class_list":["post-227435","post","type-post","status-publish","format-standard","has-post-thumbnail","hentry","category-nacional"],"_links":{"self":[{"href":"https:\/\/www.elsinodaldetamaulipas.com.mx\/index.php?rest_route=\/wp\/v2\/posts\/227435","targetHints":{"allow":["GET"]}}],"collection":[{"href":"https:\/\/www.elsinodaldetamaulipas.com.mx\/index.php?rest_route=\/wp\/v2\/posts"}],"about":[{"href":"https:\/\/www.elsinodaldetamaulipas.com.mx\/index.php?rest_route=\/wp\/v2\/types\/post"}],"author":[{"embeddable":true,"href":"https:\/\/www.elsinodaldetamaulipas.com.mx\/index.php?rest_route=\/wp\/v2\/users\/1"}],"replies":[{"embeddable":true,"href":"https:\/\/www.elsinodaldetamaulipas.com.mx\/index.php?rest_route=%2Fwp%2Fv2%2Fcomments&post=227435"}],"version-history":[{"count":2,"href":"https:\/\/www.elsinodaldetamaulipas.com.mx\/index.php?rest_route=\/wp\/v2\/posts\/227435\/revisions"}],"predecessor-version":[{"id":227466,"href":"https:\/\/www.elsinodaldetamaulipas.com.mx\/index.php?rest_route=\/wp\/v2\/posts\/227435\/revisions\/227466"}],"wp:featuredmedia":[{"embeddable":true,"href":"https:\/\/www.elsinodaldetamaulipas.com.mx\/index.php?rest_route=\/wp\/v2\/media\/227464"}],"wp:attachment":[{"href":"https:\/\/www.elsinodaldetamaulipas.com.mx\/index.php?rest_route=%2Fwp%2Fv2%2Fmedia&parent=227435"}],"wp:term":[{"taxonomy":"category","embeddable":true,"href":"https:\/\/www.elsinodaldetamaulipas.com.mx\/index.php?rest_route=%2Fwp%2Fv2%2Fcategories&post=227435"},{"taxonomy":"post_tag","embeddable":true,"href":"https:\/\/www.elsinodaldetamaulipas.com.mx\/index.php?rest_route=%2Fwp%2Fv2%2Ftags&post=227435"}],"curies":[{"name":"wp","href":"https:\/\/api.w.org\/{rel}","templated":true}]}}