{"id":227437,"date":"2026-08-31T19:58:47","date_gmt":"2026-08-31T23:58:47","guid":{"rendered":"https:\/\/www.elsinodaldetamaulipas.com.mx\/?p=227437"},"modified":"2026-08-31T19:58:47","modified_gmt":"2026-08-31T23:58:47","slug":"americo-villarreal-encabezo-una-cabalgata-diferente","status":"publish","type":"post","link":"https:\/\/www.elsinodaldetamaulipas.com.mx\/?p=227437","title":{"rendered":"AM\u00c9RICO VILLARREAL ENCABEZ\u00d3 UNA CABALGATA DIFERENTE"},"content":{"rendered":"<p><strong>+QUE NO LOCALIZAN AL ALMIRANTE, PAMPLINAS<\/strong><br \/>\n<strong>+ESTAMOS BIEN, \u00a1Y PUM!<\/strong><br \/>\n*Volvieron las cabalgatas a Tamaulipas, esta vez bajo el sexenio del gobernador AM\u00c9RICO VILLARREAL ANAYA; aunque de una forma muy diferente.<br \/>\nEn esta ocasi\u00f3n la iniciaron en una forma muy solemne, mientras que en el pasado era para pasarla bien hasta altas horas de la noche en regiones inh\u00f3spitas en donde se instalaban carpas de casi la totalidad de los municipios de Tamaulipas, y en donde hab\u00eda m\u00fasica para todos los gustos y unas comilitonas de envidia: Cabritos, lechones, y la tradicional carne asada; para despu\u00e9s pasar al tequila y los puros.<br \/>\nLa reciente que encabez\u00f3 el doctor gobernador con la totalidad de su gabinete, alcaldes, diputados federales y locales y el rector de la Universidad Aut\u00f3noma de Tamaulipas D\u00c1MASO ANAYA ALVARADO, fue m\u00e1s formal, sin excesos.<br \/>\nCon el gobernador Villarreal Anaya, al frente participaron arribita de dos mil cabalgantes que recorrieron la capital del estado por sus principales vialidades, despu\u00e9s de las asambleas celebradas en los 43 municipios de la entidad, atendiendo la convocatoria de la presidenta CLAUDIA SHEINBAUM PARDO, en donde Tamaulipas reafirm\u00f3 su respaldo a la defensa de la soberan\u00eda nacional y al movimiento de transformaci\u00f3n con la que se denomin\u00f3 \u201cCabalgata de la Unidad\u201d.<br \/>\nPero tambi\u00e9n se puede considerar como un respaldo pleno para el Mandatario Tamaulipeco, despu\u00e9s del refrito de reportaje sobre acusaciones provenientes de Estado Unidos, algo que ya qued\u00f3 bien aclarado en su momento.<br \/>\nSin tequila ni puros, la cabalgata concluy\u00f3 con un encuentro de convivencia en el Polyforum \u201cDr. Rodolfo Torre Cant\u00fa\u201d, donde se reafirm\u00f3 que el movimiento de transformaci\u00f3n est\u00e1 presente en cada regi\u00f3n de Tamaulipas y se fortalece con la participaci\u00f3n de su gente.<br \/>\nMuchos se siguen preguntando por qu\u00e9 el paisano secretario General de Gobierno \u201cEl Calabazo\u201d, no llev\u00f3 sombrero que le encanta lucir y si una cachucha que ya se mira muy peloteada.<br \/>\nY destacar que los hermanos CANTUROSAS VILLARREAL: CARMEN LILIA y CARLOS ENRIQUE, muy asediados no solo por los chicos(as) de la prensa sino tambi\u00e9n por los invitados del gobernador.<br \/>\nDestacar que al finalizar la cabalgata y ya en el interior del polyforum el rector de la Universidad Aut\u00f3noma de Tamaulipas D\u00c1MASO ANAYA ALVARADO, firm\u00f3 un convenio con el presidente de la Uni\u00f3n Ganadera Regional JOS\u00c9 RAM\u00d3N GUERRERO GAMBOA, en el que se fijan las bases para impulsar una alianza estrat\u00e9gica integral enfocada al fortalecimiento y la modernizaci\u00f3n del sector pecuario tamaulipeco, teniendo como testigo de honor al gobernador Villarreal Anaya.<br \/>\nLa UAT y la Uni\u00f3n Ganadera formalizaron el acuerdo de colaboraci\u00f3n acad\u00e9mica, cient\u00edfica y tecnol\u00f3gica, el cual tiene como prop\u00f3sito articular capacidades investigativas, t\u00e9cnicas y operativas entre la academia y el sector productivo; en donde destaca el trabajo conjunto entre las plantas de alimentos de la Facultad de Medicina Veterinaria y Zootecnia y los productores, uniendo esfuerzos para potenciar la productividad y elevar la calidad de los procesos ganaderos en \u00e1reas prioritarias como la nutrici\u00f3n animal, sanidad, reproducci\u00f3n, manejo integral de especies y estrategias de comercializaci\u00f3n.<br \/>\nLa alianza establece un marco integral de cooperaci\u00f3n que abarca la realizaci\u00f3n de proyectos de investigaci\u00f3n aplicada e innovaci\u00f3n tecnol\u00f3gica orientados a dar soluci\u00f3n a las problem\u00e1ticas reales y regionales del campo tamaulipeco, y contempla el intercambio permanente de informaci\u00f3n t\u00e9cnica, cient\u00edfica y estad\u00edstica especializada, el dise\u00f1o de programas formativos de actualizaci\u00f3n, capacitaci\u00f3n continua y posgrados para el gremio ganadero, as\u00ed como el impulso al talento universitario mediante la apertura de espacios para pr\u00e1cticas preprofesionales, servicio social y estancias acad\u00e9micas y de investigaci\u00f3n para docentes y alumnos.<br \/>\nY este domingo volvieron los \u201cDi\u00e1logos con Am\u00e9rico\u201d, en donde indic\u00f3 que se est\u00e1 a la espera de la agenda para definir el d\u00eda que la presidenta estar\u00e1 en Tamaulipas como parte de su recorrido por las 32 entidades para presentar su informe.<br \/>\nDijo: \u201cVa a ser una semana muy importante para M\u00e9xico, la doctora Claudia Sheinbaum nos va a dar su segundo informe en el transcurso de esta semana, un gobierno humanista con un gobierno centrado en el quehacer de la gente que tiene prisa porque lleguen cada vez mejores propuestas y oportunidades a todos los ciudadanos que vamos a hacer constancia de estas situaciones o informe\u201d.<br \/>\n*LA FISCAL\u00cdA general de la rep\u00fablica bajo la titularidad de ERNESTINA \u201cLa Refiner\u00eda\u201d GODOY, no batall\u00f3 ni madres para encontrar en menos de lo que canta un gallo a los exgobernadores ERNESTO RUFFO y \u00c1NGEL HELADIO AGUIRRE, pero se les ha dificultado encontrar al exsecretario de Marina RAFAEL OJEDA DUR\u00c1N, que se volvi\u00f3 ojo de hormiga.<br \/>\nY es algo que francamente nadie se lo cree.<br \/>\nOjeda, est\u00e1 embarrado por el tema del huachicol, y por supuesto que lo van exonerar como es la costumbre de la fiscal\u00eda guinda, como lo hizo con el junior, un tal \u201cAndy\u201d, y otros pillos de \u201cLa Cuatrot\u00e9\u201d.<br \/>\nMire usted sino: un contralmirante de la Armada de M\u00e9xico est\u00e1 preso, acusado de encabezar la red que robaba combustible por las aduanas mar\u00edtimas del pa\u00eds; su hermano, vicealmirante, tambi\u00e9n, y ambos son sobrinos pol\u00edticos del almirante Ojeda Dur\u00e1n, que despach\u00f3 durante los seis a\u00f1os del tristemente c\u00e9lebre ANDR\u00c9S MANUEL L\u00d3PEZ OBRADOR.<br \/>\nY luego la secretaria de Gobernaci\u00f3n ROSA ICELA RODR\u00cdGUEZ, dici\u00e9ndoles a los legisladores Morenistas: \u201cNuestra labor, la de todos los que estamos aqu\u00ed, es cuidar el legado recibido por nuestro l\u00edder moral Amlo\u201d.<br \/>\nChulada de justicia en M\u00e9xico.<br \/>\n*SER\u00c1 EL pr\u00f3ximo jueves por la tarde cuando la presidenta municipal de Suelo Neolaredense CARMEN LILIA CANTUROSAS VILLARREAL, rinda su segundo Informe de Gobierno.<br \/>\nY comenz\u00f3 a enviar unas probaditas de la parte medular de dicha comparecencia ante su pueblo con temas relacionados con educaci\u00f3n y vivienda.<br \/>\nPor ejemplo, en educaci\u00f3n coment\u00f3 que el Gobierno Municipal ha otorgado m\u00e1s de 54 mil becas, con una inversi\u00f3n cercana a 284 millones de pesos, beneficiando a estudiantes de diferentes niveles y condiciones, a trav\u00e9s de programas que reconocen el esfuerzo acad\u00e9mico y atienden necesidades espec\u00edficas.<br \/>\nEn vivienda, explic\u00f3 que, el programa \u201cHogar Propio, Patrimonio para Tu Familia\u201d, es desarrollado con recursos propios mediante el Instituto Municipal de Vivienda y Suelo Urbano, y contempla la construcci\u00f3n de 115 viviendas en el fraccionamiento El Progreso, ampliando las oportunidades para familias que durante a\u00f1os enfrentaron dificultades econ\u00f3micas para adquirir una casa.<br \/>\nY que decir de esa gran obra emblem\u00e1tica de su administraci\u00f3n que es el Museo de Ciencia, Tecnolog\u00eda y Planetario, que signific\u00f3 al recuperar un elemento hist\u00f3rico de la ciudad y convertirlo en infraestructura para el conocimiento y las nuevas generaciones.<br \/>\nY que tuvo una inversi\u00f3n de 225 millones 539 mil pesos; proyecto representa una apuesta por generar infraestructura que trascienda su funci\u00f3n inmediata y se convierta en un referente educativo, cultural y tur\u00edstico.<br \/>\nY vienen otros temas que conocer\u00e1 la ciudadan\u00eda d\u00edas antes del Informe.<br \/>\nY este lunes la alcaldesa Canturosas Villarreal, acompa\u00f1ada por la secretaria Estatal de Econom\u00eda NINFA CANT\u00da, que llev\u00f3 la representaci\u00f3n del gobernador AM\u00c9RICO VILLARREAL ANAYA, encabezaron la ceremonia oficial de inicio del ciclo escolar 2026-2027.<br \/>\nEn la escuela primaria \u201cIgnacio Manuel Altamirano\u201d, la alcaldesa destac\u00f3 que el regreso a clases representa una nueva oportunidad para seguir construyendo el futuro de las ni\u00f1as, ni\u00f1os y adolescentes, y refrend\u00f3 que para su gobierno la educaci\u00f3n es una prioridad y una de las inversiones m\u00e1s importantes para transformar la vida de las familias.<br \/>\nComo parte de este compromiso, el Gobierno Municipal entreg\u00f3 81 mil 587 gu\u00edas did\u00e1cticas a estudiantes de educaci\u00f3n b\u00e1sica, con una inversi\u00f3n superior a los 24 millones de pesos, como una herramienta complementaria a los libros de texto gratuitos y paquetes de \u00fatiles escolares que se distribuyen a trav\u00e9s de los gobiernos estatal y federal.<br \/>\nY en respaldo a la econom\u00eda familiar y con el objetivo de brindar mejores oportunidades de desarrollo a la ni\u00f1ez y juventud, Carmen Lilia, encabez\u00f3 la entrega de uniformes, mochilas y \u00fatiles escolares en distintos planteles.<br \/>\nLa jornada inici\u00f3 en la preparatoria t\u00e9cnica municipal \u201cManuel G\u00f3mez Mor\u00edn\u201d, donde se otorgaron un total de 8 mil 792 playeras oficiales, destinadas a 8 mil 208 alumnos y 584 integrantes del personal docente y administrativo.<br \/>\nDurante el evento, se realiz\u00f3 tambi\u00e9n la entrega simb\u00f3lica de estos insumos a los directivos de las preparatorias municipales \u201cJos\u00e9 Vasconcelos\u201d y \u201cElena Poniatowska\u201d, garantizando que el beneficio alcance a la totalidad de sus comunidades escolares.<br \/>\n*PESE AL PATALEO, berrinches y dem\u00e1s no se le hizo volver a presidir la mesa directiva del senado de la rep\u00fablica al repudiado y pedante GERARDO FERN\u00c1NDEZ PONZO\u00d1A, perd\u00f3n NORO\u00d1A.<br \/>\nEl chango le\u00f3n senador no quiere entender que ya no es bien visto dentro de \u201cLa Cuatrot\u00e9\u201d, y por m\u00e1s declaraciones venenosas que lanz\u00f3 no se le hizo llegar.<br \/>\nY es casi seguro que va tirar ponzo\u00f1a de a madre en contra de Higinio, cuando se le pase algo, como ya lo hizo previo a su selecci\u00f3n al frente de la C\u00e1mara Alta.<br \/>\nSer\u00e1 HIGINIO MART\u00cdNEZ MIRANDA, quien presidir\u00e1 la mesa directiva en al senado y prometi\u00f3 una conducci\u00f3n basada en el di\u00e1logo, la conciliaci\u00f3n y el respeto a la oposici\u00f3n, frente a las voces dentro de su propio partido que reclaman una postura m\u00e1s confrontativa.<br \/>\nY dej\u00f3 claro que su papel ser\u00e1 representar a los 128 integrantes de la C\u00e1mara Alta y no dirigir desde la Mesa Directiva la estrategia pol\u00edtica del gobierno en turno.<br \/>\nQued\u00f3 de manifiesto que el senador AD\u00c1N AUGUSTO L\u00d3PEZ, ya es pr\u00e1cticamente un cero a la izquierda para \u201cLa Cuatrot\u00e9\u201d porque ten\u00eda de candidato al expriista \u00d3SCAR CANT\u00d3N CETINA, pero no pas\u00f3.<br \/>\n*\u201cESTAMOS bien\u201d, dice la presidenta CLAUDIA SHEINBAUM PARDO, previo a su Informe de Gobierno.<br \/>\nY en el estado de Zacatecas como para calentarle el festejo los \u201cBad Boys\u201d hicieron detonar un coche-bomba, que de momento solo dej\u00f3 lesionados y severos da\u00f1os materiales a la comandancia de polic\u00eda del municipio de Ojocaliente y los inmuebles cercanos.<br \/>\nVaya manera de estar bien.<br \/>\n*QU\u00c9 NOS TRAJO como nota estelar este lunes \u201cPortadas M\u00e9xico\u201d: REGRESO A LA NORMALIDAD.<br \/>\nM\u00e1s de 24 millones de estudiantes de preescolar, primaria y secundaria regresan este lunes a las aulas en las 32 entidades del pa\u00eds, con el inicio oficial del ciclo escolar 2026-2027.<br \/>\nDe acuerdo con el calendario de la Secretar\u00eda de Educaci\u00f3n P\u00fablica, el periodo contempla 185 d\u00edas efectivos de clase y concluir\u00e1 el 9 de julio de 2027, marcando el retorno a las actividades escolares para millones de familias, docentes y alumnos en todo M\u00e9xico.<br \/>\n*LE TOC\u00d3 venir a la tierra que gobern\u00f3 al paisano secretario General de Gobierno H\u00c9CTOR JOEL VILLEGAS GONZ\u00c1LEZ, que en representaci\u00f3n del gobernador AM\u00c9RICO VILLARREAL ANAYA, inaugur\u00f3 en ciclo escolar en la escuela primaria \u201cMagdaleno Aguilar\u201d de Suelo Riobravense.<br \/>\nHicieron acto de presencia los funcionarios de corte estatal que operan en la ciudad, y brill\u00f3 por su usencia la autoridad municipal.<br \/>\n\u201cEl Calabazo\u201d en parte de su mensaje expres\u00f3: \u201cDisfruten esta etapa de aprendizaje, cu\u00eddense, ay\u00fadense y aprendan. Ustedes son el motor de sus hogares, pero tambi\u00e9n son el motor de R\u00edo Bravo, de Tamaulipas y de M\u00e9xico; ustedes son nuestro presente y nuestro futuro\u201d.<br \/>\nY aprovech\u00f3 para reconocer el esfuerzo que realizan diariamente las madres y padres de familia, as\u00ed como las maestras y maestros, quienes, de manera coordinada, contribuyen a la formaci\u00f3n de las nuevas generaciones.<br \/>\nEn Suelo Reynosense \u201cdos grandes amigos\u201d volvieron a estar juntos y verse las caras frente a frente en un evento educativo: el alcalde CARLOS \u201cEl Makito\u201d PE\u00d1A ORTIZ y el jefe del Congreso del Estado HUMBERTO PRIETO HERRERA, que acompa\u00f1aron al secretario Estatal de Energ\u00eda WALTAR JULI\u00c1N \u00c1NGEL JIM\u00c9NEZ, en la inauguraci\u00f3n del ciclo escolar.<br \/>\nTodo lo contrario, a lo que pas\u00f3 en Suelo Riobravense en donde no hubo presencia de funcionarios municipales.<br \/>\n*PERO MIREN usted, la direcci\u00f3n del Cbtis 73 invit\u00f3 a la inauguraci\u00f3n de su ciclo escolar al presidente municipal de Suelo Riobravense MIGUEL \u00c1NGEL ALMARAZ MALDONADO.<br \/>\nComo pez en el agua el alcalde Almaraz Maldonado, que tiene un gran pegue con la juventud, y se dio gusto tom\u00e1ndose selfis.<br \/>\nY en parte de su mensaje les expres\u00f3 a los j\u00f3venes: \u201cA nuestros estudiantes les deseo un ciclo lleno de \u00e9xitos y grandes aprendizajes; a los docentes, todo mi reconocimiento por la labor que realizan, y a los padres de familia, gracias por ser siempre ese respaldo fundamental\u201d.<br \/>\n*PORQUE a\u00fan hay tiempo no se le pase felicitar este lunes con motivo de su cumplea\u00f1os a CARLOS REYNA.<br \/>\nCumplieron a\u00f1os RAMIRO LIZCANO, JOS\u00c9 LUIS MORALES y MANLIO FABIO BELTRONES.<br \/>\nUn monumental abrazo y que vengan muchos m\u00e1s.<br \/>\nVolveremos, HL\u2026DM\u2026<br \/>\nCorreo electr\u00f3nico: barre283@hotmail.com<\/p>\n","protected":false},"excerpt":{"rendered":"<p>+QUE NO LOCALIZAN AL ALMIRANTE, PAMPLINAS +ESTAMOS BIEN, \u00a1Y PUM! *Volvieron las cabalgatas a Tamaulipas, esta vez bajo el sexenio del gobernador AM\u00c9RICO VILLARREAL ANAYA; aunque de una forma muy diferente. En esta ocasi\u00f3n la iniciaron en una forma muy solemne, mientras que en el pasado era para pasarla bien hasta altas horas de la [&hellip;]<\/p>\n","protected":false},"author":1,"featured_media":204071,"comment_status":"closed","ping_status":"closed","sticky":false,"template":"","format":"standard","meta":{"footnotes":""},"categories":[16],"tags":[],"class_list":["post-227437","post","type-post","status-publish","format-standard","has-post-thumbnail","hentry","category-opinion"],"_links":{"self":[{"href":"https:\/\/www.elsinodaldetamaulipas.com.mx\/index.php?rest_route=\/wp\/v2\/posts\/227437","targetHints":{"allow":["GET"]}}],"collection":[{"href":"https:\/\/www.elsinodaldetamaulipas.com.mx\/index.php?rest_route=\/wp\/v2\/posts"}],"about":[{"href":"https:\/\/www.elsinodaldetamaulipas.com.mx\/index.php?rest_route=\/wp\/v2\/types\/post"}],"author":[{"embeddable":true,"href":"https:\/\/www.elsinodaldetamaulipas.com.mx\/index.php?rest_route=\/wp\/v2\/users\/1"}],"replies":[{"embeddable":true,"href":"https:\/\/www.elsinodaldetamaulipas.com.mx\/index.php?rest_route=%2Fwp%2Fv2%2Fcomments&post=227437"}],"version-history":[{"count":1,"href":"https:\/\/www.elsinodaldetamaulipas.com.mx\/index.php?rest_route=\/wp\/v2\/posts\/227437\/revisions"}],"predecessor-version":[{"id":227438,"href":"https:\/\/www.elsinodaldetamaulipas.com.mx\/index.php?rest_route=\/wp\/v2\/posts\/227437\/revisions\/227438"}],"wp:featuredmedia":[{"embeddable":true,"href":"https:\/\/www.elsinodaldetamaulipas.com.mx\/index.php?rest_route=\/wp\/v2\/media\/204071"}],"wp:attachment":[{"href":"https:\/\/www.elsinodaldetamaulipas.com.mx\/index.php?rest_route=%2Fwp%2Fv2%2Fmedia&parent=227437"}],"wp:term":[{"taxonomy":"category","embeddable":true,"href":"https:\/\/www.elsinodaldetamaulipas.com.mx\/index.php?rest_route=%2Fwp%2Fv2%2Fcategories&post=227437"},{"taxonomy":"post_tag","embeddable":true,"href":"https:\/\/www.elsinodaldetamaulipas.com.mx\/index.php?rest_route=%2Fwp%2Fv2%2Ftags&post=227437"}],"curies":[{"name":"wp","href":"https:\/\/api.w.org\/{rel}","templated":true}]}}