{"id":227439,"date":"2026-08-31T20:03:51","date_gmt":"2026-09-01T00:03:51","guid":{"rendered":"https:\/\/www.elsinodaldetamaulipas.com.mx\/?p=227439"},"modified":"2026-08-31T20:03:51","modified_gmt":"2026-09-01T00:03:51","slug":"desde-n-laredo-se-defiende-la-soberania-nacional","status":"publish","type":"post","link":"https:\/\/www.elsinodaldetamaulipas.com.mx\/?p=227439","title":{"rendered":"DESDE N. LAREDO SE DEFIENDE LA SOBERAN\u00cdA NACIONAL"},"content":{"rendered":"<div class=\"post-content\">\n<p class=\"wp-block-paragraph\"><em><strong>X.- Carmen Lilia destac\u00f3 que, \u201cdefender la soberan\u00eda, no significa aislarnos del mundo, significa relacionarnos con todas las naciones, con respeto, pero siempre de pie\u201d<\/strong><\/em><br \/>\n<em><strong>X.-Y, debe quedar claro que, \u201cla soberan\u00eda no se negocia, se defiende\u201d, sentenci\u00f3 con marcado \u00e9nfasis la alcaldesa Neolaredense.<\/strong><\/em><\/p>\n<p class=\"wp-block-paragraph\">EN UN marco emotivo, por el gran fervor c\u00edvico y el amor a la patria, la alcaldesa Carmen Lilia Cant\u00farosas declar\u00f3 con marcada certeza que, \u201cdesde Nuevo Laredo, junto a nuestra gente, alzamos<br \/>\nla voz para defender a M\u00e9xico, respaldar a nuestra presidenta Claudia Sheinbaum Pardo y refirmar nuestro compromiso con la transformaci\u00f3n del pa\u00eds\u201d.<br \/>\nPOR ello, la alcaldesa Neolaredense destac\u00f3 que, \u201cdefender la soberan\u00eda, no significa aislarnos del mundo, significa relacionarnos con todas las naciones, con respeto, pero siempre de pie\u201d, para enseguida apuntar que, \u201cbajo la premisa c\u00edvica y de honor, siempre estaremos firmes, apoyando a nuestra patria\u201d. Y, por este gran ideal, reitero que, \u201chablar de la soberan\u00eda desde Nuevo Laredo, tiene un significado muy especial\u201d.<br \/>\nPARA luego se\u00f1alar en plan tajante y certero que, en unidad con mis amigos la Mtra. Lupita G\u00f3mez y R\u00f3mulo P\u00e9rez presidente del Consejo Estatal, y cientos de mujeres y hombres convencidos de la<br \/>\ntransformaci\u00f3n, \u201crefrendamos desde esta frontera nuestra convicci\u00f3n y nuestro compromiso con el pueblo de M\u00e9xico\u201d.<br \/>\nAFIRMANDO que, desde esta modesta trinchera, como desde cual otro espacio p\u00fablico, se\u00f1alo y sostengo que, \u201cNuevo Laredo, est\u00e1 firme con M\u00e9xico y con la defensa de nuestra patria\u201d, porque,<br \/>\njuntos lo hacemos posible, remarc\u00f3 de manera categ\u00f3rica la alcaldesa Neolaredense.<\/p>\n<p class=\"wp-block-paragraph\">EN otra parte de su elocuente mensaje la presidenta municipal Carmen Lilia Cant\u00farosas, dej\u00f3 muy en claro que: \u201cno debemos olvidar que, la soberan\u00eda nacional es uno de los conceptos fundamentales de nuestra Constituci\u00f3n\u201d y por este esencial motivo, como mexicanos y mexicanas, tenemos la firme convicci\u00f3n y el prop\u00f3sito de \u201cdefender la soberan\u00eda, ante cualquier adversidad\u201d y, por esta ineludible obligaci\u00f3n que como ciudadanos tenemos, \u201cunidas y unidos al pueblo\u201d, repito, desde Nuevo Laredo, alzamos la voz para con firmeza y amor a nuestra tierra, mantener la defensa de la soberan\u00eda nacional, enfatiz\u00f3.<br \/>\nPOR eso, hoy en Nuevo Laredo \u201cnos sentimos orgullosas (os) que, la presidenta de M\u00e9xico Claudia Sheinbaum Pardo, haya puesto sobre la mesa a nuestro pueblo\u201d, porque, a diferencia del pasado<br \/>\naqu\u00ed, \u201csi trabajamos con tenacidad y perseverancia, sobre los distintos preceptos como son la seguridad, salud educaci\u00f3n, cultura, deporte y mas all\u00e1 de todo eso, haciendo obra p\u00fablica, para \u201ctambi\u00e9n fortalecer la transformaci\u00f3n que, en Tamaulipas y M\u00e9xico, se instrumenta con fe y amor a esta nuestra tierra\u201d y por eso hoy tenemos una historia distinta y por ello, reiteramos \u201cnuestra lealtad a la patria y eso, nos conduce a defender a carta cabal la soberan\u00eda nacional\u201d.<br \/>\nPUNTUALIZ\u00d3 que, en Nuevo Laredo, reconocemos y admiramos<br \/>\na posici\u00f3n de nuestra presidenta de M\u00e9xico la Dra. Claudia Sheinbaum Pardo, porque ha sido firme en la defensa de la soberan\u00eda de M\u00e9xico, raz\u00f3n por la que, nos unimos a su noble y digno prop\u00f3sito, \u201cporque su posici\u00f3n es amar a nuestra tierra\u201d y, por ello, enti\u00e9ndase que, \u201cla soberan\u00eda no se negocia, se defiende\u201d.<br \/>\nFinaliz\u00f3 la alcaldesa Carmen Lilia Cant\u00farosas.<br \/>\nPor hoy es todo y hasta ma\u00f1ana.<br \/>\nPara sugerencias y puntos de vista en general al email:<br \/>\n<a href=\"mailto:lupeernesto@yahoo.com.mx\">lupeernesto@yahoo.com.mx<\/a><\/p>\n<hr class=\"wp-block-separator has-alpha-channel-opacity\" \/>\n<\/div>\n<div class=\"post-tags-box\">\n<ul class=\"tags-box\">\n<li><i class=\"fa fa-tags\"><\/i>Etiquetas:<\/li>\n<\/ul>\n<\/div>\n","protected":false},"excerpt":{"rendered":"<p>X.- Carmen Lilia destac\u00f3 que, \u201cdefender la soberan\u00eda, no significa aislarnos del mundo, significa relacionarnos con todas las naciones, con respeto, pero siempre de pie\u201d X.-Y, debe quedar claro que, \u201cla soberan\u00eda no se negocia, se defiende\u201d, sentenci\u00f3 con marcado \u00e9nfasis la alcaldesa Neolaredense. EN UN marco emotivo, por el gran fervor c\u00edvico y el [&hellip;]<\/p>\n","protected":false},"author":1,"featured_media":216767,"comment_status":"closed","ping_status":"closed","sticky":false,"template":"","format":"standard","meta":{"footnotes":""},"categories":[16],"tags":[],"class_list":["post-227439","post","type-post","status-publish","format-standard","has-post-thumbnail","hentry","category-opinion"],"_links":{"self":[{"href":"https:\/\/www.elsinodaldetamaulipas.com.mx\/index.php?rest_route=\/wp\/v2\/posts\/227439","targetHints":{"allow":["GET"]}}],"collection":[{"href":"https:\/\/www.elsinodaldetamaulipas.com.mx\/index.php?rest_route=\/wp\/v2\/posts"}],"about":[{"href":"https:\/\/www.elsinodaldetamaulipas.com.mx\/index.php?rest_route=\/wp\/v2\/types\/post"}],"author":[{"embeddable":true,"href":"https:\/\/www.elsinodaldetamaulipas.com.mx\/index.php?rest_route=\/wp\/v2\/users\/1"}],"replies":[{"embeddable":true,"href":"https:\/\/www.elsinodaldetamaulipas.com.mx\/index.php?rest_route=%2Fwp%2Fv2%2Fcomments&post=227439"}],"version-history":[{"count":1,"href":"https:\/\/www.elsinodaldetamaulipas.com.mx\/index.php?rest_route=\/wp\/v2\/posts\/227439\/revisions"}],"predecessor-version":[{"id":227440,"href":"https:\/\/www.elsinodaldetamaulipas.com.mx\/index.php?rest_route=\/wp\/v2\/posts\/227439\/revisions\/227440"}],"wp:featuredmedia":[{"embeddable":true,"href":"https:\/\/www.elsinodaldetamaulipas.com.mx\/index.php?rest_route=\/wp\/v2\/media\/216767"}],"wp:attachment":[{"href":"https:\/\/www.elsinodaldetamaulipas.com.mx\/index.php?rest_route=%2Fwp%2Fv2%2Fmedia&parent=227439"}],"wp:term":[{"taxonomy":"category","embeddable":true,"href":"https:\/\/www.elsinodaldetamaulipas.com.mx\/index.php?rest_route=%2Fwp%2Fv2%2Fcategories&post=227439"},{"taxonomy":"post_tag","embeddable":true,"href":"https:\/\/www.elsinodaldetamaulipas.com.mx\/index.php?rest_route=%2Fwp%2Fv2%2Ftags&post=227439"}],"curies":[{"name":"wp","href":"https:\/\/api.w.org\/{rel}","templated":true}]}}