{"id":227447,"date":"2026-08-31T21:54:11","date_gmt":"2026-09-01T01:54:11","guid":{"rendered":"https:\/\/www.elsinodaldetamaulipas.com.mx\/?p=227447"},"modified":"2026-08-31T21:54:11","modified_gmt":"2026-09-01T01:54:11","slug":"familia-embotelladora-contribuye-a-la-economia","status":"publish","type":"post","link":"https:\/\/www.elsinodaldetamaulipas.com.mx\/?p=227447","title":{"rendered":"FAMILIA EMBOTELLADORA CONTRIBUYE A LA ECONOM\u00cdA"},"content":{"rendered":"<p>Destacable labor del dirigente<\/p>\n<p>Sindical Filiberto Lopez Adame<\/p>\n<p>&nbsp;<\/p>\n<p><em><strong>Por Juan Carlos Rodr\u00edguez Terrazas\/EL SINODAL DE TAMAULIPAS<\/strong><\/em><\/p>\n<p>Reynosa, Tam.- Para darle continuidad a una obra social iniciada hace 26 a\u00f1os cuando asumi\u00f3 la dirigencia de la Secci\u00f3n 125 de3l Sindicato de Trabajadores de la Industria Embotelladora, Filiberto Lopez Adame, encabez\u00f3 el fin de semana el tradicional sorteo de mochilas repletas de \u00fatiles de las que dispondr\u00e1n en el nuevo ciclo escolar que arranc\u00f3 hoy lunes 31 de agosto.<\/p>\n<p>El secretario General del fuerte organismo sindical encabez\u00f3 con su comit\u00e9 ejecutivo. el esperado sorteo que en esta ocasi\u00f3n favoreci\u00f3 a 200 ni\u00f1os, hijos, sobrinos, ahijados o nietos de trabajadores de la empresa Arca Continental, distribuidora en la regi\u00f3n de productos Coca Cola.<\/p>\n<p>Aproximadamente a las 4 de la tarde en la explanada de la empresa que se localiza en el Parque Industrial Villa Florida, el pasado s\u00e1bado, se reunieron todos los trabajadores y la dirigencia del gremio dando inicio su sorteo de mochilas repletos de \u00fatiles escolares mediante una t\u00f3mbola que permiti\u00f3 que doscientos de ellos regresaran a sus hogares con un paquete que servir\u00e1 en el apoyo de la educaci\u00f3n de sus familiares en edad escolar.<\/p>\n<p>Las mochilas estuvieron repletas de crayolas, cuadernos, l\u00e1pices, juegos de geometr\u00eda, plumas, gomas de borrar y otros productos que seguramente les ser\u00e1n requeridos en el transcurso de su grado escolar que precisamente dio inicio este lunes.<\/p>\n<p><img loading=\"lazy\" decoding=\"async\" class=\"aligncenter wp-image-227450 size-full\" src=\"https:\/\/www.elsinodaldetamaulipas.com.mx\/wp-content\/uploads\/2026\/08\/UTILES-2-1.jpg\" alt=\"\" width=\"894\" height=\"487\" srcset=\"https:\/\/www.elsinodaldetamaulipas.com.mx\/wp-content\/uploads\/2026\/08\/UTILES-2-1.jpg 894w, https:\/\/www.elsinodaldetamaulipas.com.mx\/wp-content\/uploads\/2026\/08\/UTILES-2-1-300x163.jpg 300w, https:\/\/www.elsinodaldetamaulipas.com.mx\/wp-content\/uploads\/2026\/08\/UTILES-2-1-768x418.jpg 768w\" sizes=\"auto, (max-width: 894px) 100vw, 894px\" \/><\/p>\n<p style=\"text-align: center;\"><strong>MUCHA LABOR SOCIAL<\/strong><\/p>\n<p>\u00a0\u00a0\u00a0\u00a0\u00a0\u00a0\u00a0\u00a0\u00a0\u00a0\u00a0\u00a0\u00a0\u00a0\u00a0 Desde d\u00edas previos al sorteo el l\u00edder acompa\u00f1ado por su esposa Lazara Marroqu\u00edn de L\u00f3pez e integrantes de la directiva iniciaron el armado de los paquetes que hoy causan benepl\u00e1cito de la ni\u00f1ez estudiosa.<\/p>\n<p>\u201cSe trata de contribuir en algo en la econom\u00eda de los hogares tomando en consideraci\u00f3n que algunos de nuestros obreros representados a trav\u00e9s de este sindicato cuentan con dos, tres y hasta cuatro hijos en edad escolar\u201d, dijo Filiberto Lopez Adame que adicional a esto, durante todo el a\u00f1o realiza la entrega de diversos apoyos sociales, inclusive becas de educaci\u00f3n superior que son gestionadas ante la empresa de clase mundial.<\/p>\n<p>La directiva que preside Fily, tambi\u00e9n es fuerte impulsor de actividades deportivas y recreativas, entre muchas otras acciones que corona en diciembre cuando realizan su tradicional festival navide\u00f1o en el que se cortean cientos de art\u00edculos para el hogar.<\/p>\n","protected":false},"excerpt":{"rendered":"<p>Destacable labor del dirigente Sindical Filiberto Lopez Adame &nbsp; Por Juan Carlos Rodr\u00edguez Terrazas\/EL SINODAL DE TAMAULIPAS Reynosa, Tam.- Para darle continuidad a una obra social iniciada hace 26 a\u00f1os cuando asumi\u00f3 la dirigencia de la Secci\u00f3n 125 de3l Sindicato de Trabajadores de la Industria Embotelladora, Filiberto Lopez Adame, encabez\u00f3 el fin de semana el [&hellip;]<\/p>\n","protected":false},"author":1,"featured_media":227448,"comment_status":"closed","ping_status":"closed","sticky":false,"template":"","format":"standard","meta":{"footnotes":""},"categories":[1,2],"tags":[],"class_list":["post-227447","post","type-post","status-publish","format-standard","has-post-thumbnail","hentry","category-portada","category-reynosa"],"_links":{"self":[{"href":"https:\/\/www.elsinodaldetamaulipas.com.mx\/index.php?rest_route=\/wp\/v2\/posts\/227447","targetHints":{"allow":["GET"]}}],"collection":[{"href":"https:\/\/www.elsinodaldetamaulipas.com.mx\/index.php?rest_route=\/wp\/v2\/posts"}],"about":[{"href":"https:\/\/www.elsinodaldetamaulipas.com.mx\/index.php?rest_route=\/wp\/v2\/types\/post"}],"author":[{"embeddable":true,"href":"https:\/\/www.elsinodaldetamaulipas.com.mx\/index.php?rest_route=\/wp\/v2\/users\/1"}],"replies":[{"embeddable":true,"href":"https:\/\/www.elsinodaldetamaulipas.com.mx\/index.php?rest_route=%2Fwp%2Fv2%2Fcomments&post=227447"}],"version-history":[{"count":1,"href":"https:\/\/www.elsinodaldetamaulipas.com.mx\/index.php?rest_route=\/wp\/v2\/posts\/227447\/revisions"}],"predecessor-version":[{"id":227451,"href":"https:\/\/www.elsinodaldetamaulipas.com.mx\/index.php?rest_route=\/wp\/v2\/posts\/227447\/revisions\/227451"}],"wp:featuredmedia":[{"embeddable":true,"href":"https:\/\/www.elsinodaldetamaulipas.com.mx\/index.php?rest_route=\/wp\/v2\/media\/227448"}],"wp:attachment":[{"href":"https:\/\/www.elsinodaldetamaulipas.com.mx\/index.php?rest_route=%2Fwp%2Fv2%2Fmedia&parent=227447"}],"wp:term":[{"taxonomy":"category","embeddable":true,"href":"https:\/\/www.elsinodaldetamaulipas.com.mx\/index.php?rest_route=%2Fwp%2Fv2%2Fcategories&post=227447"},{"taxonomy":"post_tag","embeddable":true,"href":"https:\/\/www.elsinodaldetamaulipas.com.mx\/index.php?rest_route=%2Fwp%2Fv2%2Ftags&post=227447"}],"curies":[{"name":"wp","href":"https:\/\/api.w.org\/{rel}","templated":true}]}}