{"id":227452,"date":"2026-08-31T21:55:52","date_gmt":"2026-09-01T01:55:52","guid":{"rendered":"https:\/\/www.elsinodaldetamaulipas.com.mx\/?p=227452"},"modified":"2026-08-31T21:55:52","modified_gmt":"2026-09-01T01:55:52","slug":"alcaldes-a-control-remoto","status":"publish","type":"post","link":"https:\/\/www.elsinodaldetamaulipas.com.mx\/?p=227452","title":{"rendered":"ALCALDES A CONTROL REMOTO"},"content":{"rendered":"<p class=\"wp-block-paragraph\">Cd. Victoria, Tamaulipas.- Hab\u00eda un alcalde, de San Nicol\u00e1s, que viv\u00eda<br \/>\nen esta capital y cada quincena se aparec\u00eda por all\u00e1 para pagar la n\u00f3mina<br \/>\nde los empleados, entre ellos un polic\u00eda. Manejaba todo a control remoto.<br \/>\nSigue siendo una pr\u00e1ctica com\u00fan. En Villa de Casas un edil solo<br \/>\nutilizaba el territorio para emborracharse con sus amigos.<br \/>\nEn San Carlos la mayor parte de los ediles duermen en la capital, o San<br \/>\nFernando, cobran ah\u00ed. Lo mismo pasa con los municipios de la zona<br \/>\nserrana, Tula, Jaumave, Palmillas, Miquihuana Bustamante.<br \/>\nSe nos hace que no basta que, como candidatos, acrediten un domicilio<br \/>\ncon la credencial de elector.<br \/>\nUn Presidente de Llera dirigi\u00f3 los destinos del municipio por nueve a\u00f1os<br \/>\ny viv\u00eda en Las Flores, de la capital. Es necesario que, si alguien quiere ser<br \/>\npresidente, viva donde cobra, manda y, sobre todo, donde lo eligieron y<br \/>\nest\u00e1n los problemas.<br \/>\nPor eso yo, digo que la iniciativa de Claudia Sheinbaum para evitar la<br \/>\ndoble nacionalidad de los Presidentes y Gobernadores, se qued\u00f3 corta. Es<br \/>\nnecesario confirmar de vez en cuando d\u00f3nde tienen du domicilio, de lo cual<br \/>\nse encargar\u00edan las autoridades electorales y tribunales.<br \/>\nEn la frontera, es muy socorrido que los ediles vienen al ayuntamiento<br \/>\nen la ma\u00f1ana y por la tarde noche se regresan al lado americano. La gente<br \/>\nya no quiere golondrinos.<br \/>\nEn el tema de los gobernadores: Que tambi\u00e9n vivan en M\u00e9xico, aparte<br \/>\nde su nacionalidad mexicana \u00bfser\u00eda mucho pedir a Do\u00f1a Claudia?<br \/>\nDesde luego los regidores, porque tambi\u00e9n los hay que viven en Victoria<br \/>\ny representan en Llera, por ejemplo, o andan de mojados en el gabacho y<br \/>\nno atienden el encargo.<br \/>\nGobiernan en M\u00e9xico pero viven en los Estados Unidos y eso no se vale.<br \/>\nUn candidato a presidente de Jaumave, m\u00e9dico de profesi\u00f3n, viv\u00eda por el<br \/>\nrumbo del Dos Ju\u00e1rez, con su familia, y ten\u00eda credencial del altiplano. Lo<br \/>\nbueno es que la ciudadan\u00eda lo mand\u00f3 a morder polvo, en lo que marc\u00f3 el fin<br \/>\ndel cacicazgo de Jos\u00e9 Gudi\u00f1o Cardiel.<br \/>\nBueno, dejemos el asunto. Lo importante es que el coordinador<br \/>\nparlamentario de la Legislatura Local, Humberto Prieto Herrera, declar\u00f3 que<br \/>\nest\u00e1n dispuestos a aprobar reformas sobre restricciones a individuos con<br \/>\ndoble nacionalidad. Esperan que salga la federal para saber en qu\u00e9<br \/>\nt\u00e9rminos viene.<br \/>\nDicen que, en pol\u00edtica, las ausencias dicen m\u00e1s que las presencias.<br \/>\nLos grandes ausentas de la cabalgata de la Unidad del s\u00e1bado en<br \/>\nciudad Victoria: Maki Ortiz y su hijo Carlos, de Reynosa. Desde hace tiempo<\/p>\n<p class=\"wp-block-paragraph\">se apartaron del guinda, PT y lo que huela a 4T. No van solos pero de<br \/>\nperdido postular\u00e1n a dos candidatos de mayor\u00eda.<br \/>\nLos ecologistas se creen mayores de edad: Tampoco hizo acto de<br \/>\npresencia Don Manuel Mu\u00f1oz, el jefe estatal del PV ni sus m\u00e1s cercanos<br \/>\n\u00bfc\u00f3mo forma de presi\u00f3n? \u00bfcu\u00e1ntos votos representan?. Casandra de los<br \/>\nSantos (R\u00edo Bravo), Hern\u00e1ndez Alem\u00e1n ni el se\u00f1or Ch\u00e1vez que suspiran por<br \/>\nla silla municipal.<br \/>\nY decir que la Comisi\u00f3n Nacional de Procesos Interrnos de Morena<br \/>\naprob\u00f3 este lunes convocatoria para nombrar a los coordinadores distritales,<br \/>\nfederales en defensa de la 4T, la cual manten\u00edan en secreto.<br \/>\nCon ello se levantar\u00e1 el esc\u00e1ndalo de los legisladores que buscan la<br \/>\nreelecci\u00f3n o funcionarios que quieren participar. Deben renunciar<br \/>\nanticipadamente a presentar solicitud.<br \/>\nEn Tamaulipas se espera licencia de varios alcaldes que van por las<br \/>\nfederales, como Eduardo Gatt\u00e1s, de Victoria, Armando Mart\u00ednez, de<br \/>\nAltamira; Carmen Lilia Canturosas, de Nuevo Laredo, cuando no Carlos<br \/>\nPe\u00f1a, de Reynosa. Luego del proceso podr\u00e1n regresar a sus funciones.<br \/>\nLos federales que buscan reelecci\u00f3n no tienen obligaci\u00f3n de licenciarse,<br \/>\npero algunos ya lo hicieron para tener el tiempo suficiente de hacer<br \/>\nproselitismo. Pronto habr\u00e1 detalles. Hoy los guindas no quieren hacerle<br \/>\nsombra a la presidenta Sheinbaum, que el uno de septiembre rendir\u00e1 su<br \/>\ninforme de labores.<br \/>\nAh\u00ed estar\u00e1 la clase pol\u00edtica nacional, gobernadores, funcionarios, en total<br \/>\n300 invitados. No ser\u00e1 evento masivo. Am\u00e9rico Villarreal encabezar\u00e1 el<br \/>\ngrupo de Tamaulipas.<br \/>\nDespu\u00e9s de, Sheinbaum recorrer\u00e1 las entidades y Cdmx para dar<br \/>\npormenores. A Tamaulipas le toca ah\u00ed por mediados de septiembre, en<br \/>\nciudad Victoria seg\u00fan el primer anuncio.<br \/>\nIgual el Gobernador Villareal prepara una gira por los 43 municipios para<br \/>\nasistir a los informes de ediles, todos, de cualquier partido que, seg\u00fan la<br \/>\nLey, deben rendirse en la primera quincena del mes patrio. Se echar\u00e1 de<br \/>\ndos o tres por d\u00eda.<br \/>\nEsto nos recuerda que, su padre Am\u00e9rico Villarreal Guerra, a finales de<br \/>\n1992 hizo la misma operaci\u00f3n. Algunos fueron programados en la noche.<br \/>\nLa idea de AVA es tener un contacto permanente con la ciudadan\u00eda,<br \/>\nescuchar sus voces, demandas y, desde luego, porque no somos<br \/>\nignorantes, ciudadanos y o acaldes le tocar\u00e1n el tema de las candidaturas<br \/>\nmunicipales, a lo cual \u00e9l los remitir\u00e1 al partido.<br \/>\nComo dec\u00edamos ayer, el Gobernador Villarreal presidi\u00f3 honores a la<br \/>\nBandera en la cabecera de Soto la Marina y la Pesca y arranc\u00f3 el ciclo<br \/>\nescolar. Ah\u00ed el Rector de la UAT, D\u00e1maso Anaya Alvarado expres\u00f3 el firme<br \/>\ncompromiso de garantizar una educaci\u00f3n de excelencia y ampliar las<br \/>\noportunidades para la juventud tamaulipeca.<\/p>\n","protected":false},"excerpt":{"rendered":"<p>Cd. Victoria, Tamaulipas.- Hab\u00eda un alcalde, de San Nicol\u00e1s, que viv\u00eda en esta capital y cada quincena se aparec\u00eda por all\u00e1 para pagar la n\u00f3mina de los empleados, entre ellos un polic\u00eda. Manejaba todo a control remoto. Sigue siendo una pr\u00e1ctica com\u00fan. En Villa de Casas un edil solo utilizaba el territorio para emborracharse con [&hellip;]<\/p>\n","protected":false},"author":1,"featured_media":216397,"comment_status":"closed","ping_status":"closed","sticky":false,"template":"","format":"standard","meta":{"footnotes":""},"categories":[16],"tags":[],"class_list":["post-227452","post","type-post","status-publish","format-standard","has-post-thumbnail","hentry","category-opinion"],"_links":{"self":[{"href":"https:\/\/www.elsinodaldetamaulipas.com.mx\/index.php?rest_route=\/wp\/v2\/posts\/227452","targetHints":{"allow":["GET"]}}],"collection":[{"href":"https:\/\/www.elsinodaldetamaulipas.com.mx\/index.php?rest_route=\/wp\/v2\/posts"}],"about":[{"href":"https:\/\/www.elsinodaldetamaulipas.com.mx\/index.php?rest_route=\/wp\/v2\/types\/post"}],"author":[{"embeddable":true,"href":"https:\/\/www.elsinodaldetamaulipas.com.mx\/index.php?rest_route=\/wp\/v2\/users\/1"}],"replies":[{"embeddable":true,"href":"https:\/\/www.elsinodaldetamaulipas.com.mx\/index.php?rest_route=%2Fwp%2Fv2%2Fcomments&post=227452"}],"version-history":[{"count":1,"href":"https:\/\/www.elsinodaldetamaulipas.com.mx\/index.php?rest_route=\/wp\/v2\/posts\/227452\/revisions"}],"predecessor-version":[{"id":227453,"href":"https:\/\/www.elsinodaldetamaulipas.com.mx\/index.php?rest_route=\/wp\/v2\/posts\/227452\/revisions\/227453"}],"wp:featuredmedia":[{"embeddable":true,"href":"https:\/\/www.elsinodaldetamaulipas.com.mx\/index.php?rest_route=\/wp\/v2\/media\/216397"}],"wp:attachment":[{"href":"https:\/\/www.elsinodaldetamaulipas.com.mx\/index.php?rest_route=%2Fwp%2Fv2%2Fmedia&parent=227452"}],"wp:term":[{"taxonomy":"category","embeddable":true,"href":"https:\/\/www.elsinodaldetamaulipas.com.mx\/index.php?rest_route=%2Fwp%2Fv2%2Fcategories&post=227452"},{"taxonomy":"post_tag","embeddable":true,"href":"https:\/\/www.elsinodaldetamaulipas.com.mx\/index.php?rest_route=%2Fwp%2Fv2%2Ftags&post=227452"}],"curies":[{"name":"wp","href":"https:\/\/api.w.org\/{rel}","templated":true}]}}