{"id":227454,"date":"2026-08-31T21:57:20","date_gmt":"2026-09-01T01:57:20","guid":{"rendered":"https:\/\/www.elsinodaldetamaulipas.com.mx\/?p=227454"},"modified":"2026-08-31T21:57:20","modified_gmt":"2026-09-01T01:57:20","slug":"cabeza-de-vaca-no-es-perseguido-politico-es-profugo","status":"publish","type":"post","link":"https:\/\/www.elsinodaldetamaulipas.com.mx\/?p=227454","title":{"rendered":"CABEZA DE VACA NO ES PERSEGUIDO POL\u00cdTICO ES PR\u00d3FUGO"},"content":{"rendered":"<p class=\"wp-block-paragraph\">A MI MANERA<\/p>\n<p class=\"wp-block-paragraph\">Por Tello Montes<\/p>\n<p class=\"wp-block-paragraph\">\n<p class=\"wp-block-paragraph\">El fiscal especializado en Combate a la Corrupci\u00f3n de Tamaulipas, Andr\u00e9s Norberto Garc\u00eda Repper F\u00e1vila, rechaz\u00f3 que exista una persecuci\u00f3n pol\u00edtica contra el exgobernador Francisco Garc\u00eda Cabeza de Vaca; sin embargo, afirm\u00f3 que jur\u00eddicamente mantiene la condici\u00f3n de pr\u00f3fugo de la justicia.<\/p>\n<p class=\"wp-block-paragraph\">Durante una entrevista con Aristegui en Vivo, aclar\u00f3 que la Fiscal\u00eda Anticorrupci\u00f3n estatal no tiene investigaciones, imputaciones ni acusaciones contra el exmandatario panista. Los procesos que enfrenta, precis\u00f3, corresponden a otras autoridades.<\/p>\n<p class=\"wp-block-paragraph\">\u201cEn Tamaulipas no hay persecuciones por ser inc\u00f3modo\u201d, sostuvo el funcionario, quien asegur\u00f3 que la instituci\u00f3n no ser\u00e1 utilizada para cobrar facturas pol\u00edticas, realizar \u201ccacer\u00edas de brujas\u201d o afectar carreras de opositores.<\/p>\n<p class=\"wp-block-paragraph\">No obstante, explic\u00f3 que Cabeza de Vaca es considerado pr\u00f3fugo debido a que existe una orden de aprehensi\u00f3n vigente y no se ha presentado ante la autoridad judicial que la emiti\u00f3.<\/p>\n<p class=\"wp-block-paragraph\">Garc\u00eda Repper se\u00f1al\u00f3 que el art\u00edculo 38 constitucional establece la suspensi\u00f3n de derechos ciudadanos para quienes se encuentran pr\u00f3fugos de la justicia, desde que se dicta la orden correspondiente y hasta que prescribe la acci\u00f3n penal.<\/p>\n<p class=\"wp-block-paragraph\">Record\u00f3 que esta situaci\u00f3n fue analizada en 2024 por el Tribunal Electoral, cuando Cabeza de Vaca busc\u00f3 ocupar una diputaci\u00f3n federal plurinominal, debido a que su condici\u00f3n jur\u00eddica podr\u00eda impedirle ejercer derechos pol\u00edtico-electorales mientras permanezca vigente la orden de captura.<\/p>\n<p class=\"wp-block-paragraph\">EN OTRO TEMA \u2026., El secretario de Finanzas de Tamaulipas, Carlos Ir\u00e1n Ram\u00edrez Gonz\u00e1lez, particip\u00f3 en el Foro Nacional de Regularizaci\u00f3n del Control Vehicular, celebrado en San Luis Potos\u00ed, donde representantes de las 32 entidades analizaron estrategias para mejorar la gesti\u00f3n vehicular.<br \/>\nDurante el encuentro se abordaron temas como recaudaci\u00f3n, padrones estatales, Registro P\u00fablico Vehicular (REPUVE), convenios interestatales y homologaci\u00f3n de criterios para contar con informaci\u00f3n confiable y tr\u00e1mites m\u00e1s eficientes.<\/p>\n<p class=\"wp-block-paragraph\">Ram\u00edrez Gonz\u00e1lez destac\u00f3 que la coordinaci\u00f3n entre los estados permite fortalecer las finanzas p\u00fablicas y brindar servicios m\u00e1s seguros y confiables a la ciudadan\u00eda.<\/p>\n<p class=\"wp-block-paragraph\">La participaci\u00f3n de Tamaulipas forma parte de las acciones del gobierno de Am\u00e9rico Villarreal Anaya para mantener finanzas ordenadas y modernizar la atenci\u00f3n a las y los contribuyentes.<\/p>\n<p class=\"wp-block-paragraph\">POR OTRA PARTE..,La Universidad Aut\u00f3noma de Tamaulipas (UAT), a trav\u00e9s de Familia UAT, concluy\u00f3 con \u00e9xito la colecta \u201cImpulsando Corazones 2026\u201d, superando la meta prevista gracias a la participaci\u00f3n de estudiantes, docentes, personal administrativo y sociedad en general.<\/p>\n<p class=\"wp-block-paragraph\">La campa\u00f1a, realizada del 14 al 21 de agosto, reuni\u00f3 cuadernos, colores, juegos de geometr\u00eda y mochilas nuevas en centros de acopio instalados en escuelas, facultades y dependencias universitarias de todo el estado.<\/p>\n<p class=\"wp-block-paragraph\">La presidenta de Familia UAT, Isolda Rend\u00f3n de Anaya, encabez\u00f3 la recepci\u00f3n de los donativos y reconoci\u00f3 el compromiso social de la comunidad universitaria.<\/p>\n<p class=\"wp-block-paragraph\">En Victoria y Tampico se llevaron a cabo las jornadas de empaquetado, en las que participaron integrantes de los grupos de adultos mayores de la UAT, quienes colaboraron en la preparaci\u00f3n de los paquetes escolares.<\/p>\n<p class=\"wp-block-paragraph\">Como parte de la pol\u00edtica humanista impulsada por el rector D\u00e1maso Anaya Alvarado, los apoyos ser\u00e1n entregados a ni\u00f1as, ni\u00f1os y j\u00f3venes de sectores vulnerables de Tamaulipas, con el prop\u00f3sito de brindarles herramientas para continuar sus estudios.<\/p>\n<p class=\"wp-block-paragraph\">Y PARA CERRAR\u2026,El alcalde Beto Granados y la presidenta del Sistema DIF Matamoros, Anita Granados, entregaron gratuitamente 50 pr\u00f3tesis dentales a 30 adultos mayores, como parte de la campa\u00f1a \u201cVolver a Sonre\u00edr\u201d.<br \/>\nLas personas beneficiarias recibieron placas superiores e inferiores, luego de ser valoradas y acompa\u00f1adas durante todo el proceso por el equipo dental del DIF municipal.<\/p>\n<p class=\"wp-block-paragraph\">Beto Granados reconoci\u00f3 el trabajo del organismo y destac\u00f3 que estas acciones contribuyen al bienestar de quienes m\u00e1s lo necesitan mediante una atenci\u00f3n cercana y sensible.<\/p>\n<p class=\"wp-block-paragraph\">Por su parte, Anita Granados se\u00f1al\u00f3 que la campa\u00f1a permite a los adultos mayores recuperar no solo su sonrisa, sino tambi\u00e9n seguridad, confianza y calidad de vida.<\/p>\n<p class=\"wp-block-paragraph\">El Gobierno Municipal y el Sistema DIF Matamoros refrendaron su compromiso de continuar impulsando programas gratuitos en beneficio de los sectores m\u00e1s vulnerables.<\/p>\n","protected":false},"excerpt":{"rendered":"<p>A MI MANERA Por Tello Montes El fiscal especializado en Combate a la Corrupci\u00f3n de Tamaulipas, Andr\u00e9s Norberto Garc\u00eda Repper F\u00e1vila, rechaz\u00f3 que exista una persecuci\u00f3n pol\u00edtica contra el exgobernador Francisco Garc\u00eda Cabeza de Vaca; sin embargo, afirm\u00f3 que jur\u00eddicamente mantiene la condici\u00f3n de pr\u00f3fugo de la justicia. Durante una entrevista con Aristegui en Vivo, [&hellip;]<\/p>\n","protected":false},"author":1,"featured_media":210880,"comment_status":"closed","ping_status":"closed","sticky":false,"template":"","format":"standard","meta":{"footnotes":""},"categories":[16],"tags":[],"class_list":["post-227454","post","type-post","status-publish","format-standard","has-post-thumbnail","hentry","category-opinion"],"_links":{"self":[{"href":"https:\/\/www.elsinodaldetamaulipas.com.mx\/index.php?rest_route=\/wp\/v2\/posts\/227454","targetHints":{"allow":["GET"]}}],"collection":[{"href":"https:\/\/www.elsinodaldetamaulipas.com.mx\/index.php?rest_route=\/wp\/v2\/posts"}],"about":[{"href":"https:\/\/www.elsinodaldetamaulipas.com.mx\/index.php?rest_route=\/wp\/v2\/types\/post"}],"author":[{"embeddable":true,"href":"https:\/\/www.elsinodaldetamaulipas.com.mx\/index.php?rest_route=\/wp\/v2\/users\/1"}],"replies":[{"embeddable":true,"href":"https:\/\/www.elsinodaldetamaulipas.com.mx\/index.php?rest_route=%2Fwp%2Fv2%2Fcomments&post=227454"}],"version-history":[{"count":1,"href":"https:\/\/www.elsinodaldetamaulipas.com.mx\/index.php?rest_route=\/wp\/v2\/posts\/227454\/revisions"}],"predecessor-version":[{"id":227456,"href":"https:\/\/www.elsinodaldetamaulipas.com.mx\/index.php?rest_route=\/wp\/v2\/posts\/227454\/revisions\/227456"}],"wp:featuredmedia":[{"embeddable":true,"href":"https:\/\/www.elsinodaldetamaulipas.com.mx\/index.php?rest_route=\/wp\/v2\/media\/210880"}],"wp:attachment":[{"href":"https:\/\/www.elsinodaldetamaulipas.com.mx\/index.php?rest_route=%2Fwp%2Fv2%2Fmedia&parent=227454"}],"wp:term":[{"taxonomy":"category","embeddable":true,"href":"https:\/\/www.elsinodaldetamaulipas.com.mx\/index.php?rest_route=%2Fwp%2Fv2%2Fcategories&post=227454"},{"taxonomy":"post_tag","embeddable":true,"href":"https:\/\/www.elsinodaldetamaulipas.com.mx\/index.php?rest_route=%2Fwp%2Fv2%2Ftags&post=227454"}],"curies":[{"name":"wp","href":"https:\/\/api.w.org\/{rel}","templated":true}]}}