{"id":227455,"date":"2026-08-31T21:58:56","date_gmt":"2026-09-01T01:58:56","guid":{"rendered":"https:\/\/www.elsinodaldetamaulipas.com.mx\/?p=227455"},"modified":"2026-08-31T21:58:56","modified_gmt":"2026-09-01T01:58:56","slug":"resucitan-guerra-del-agua","status":"publish","type":"post","link":"https:\/\/www.elsinodaldetamaulipas.com.mx\/?p=227455","title":{"rendered":"\u00abRESUCITAN\u00bb GUERRA DEL AGUA"},"content":{"rendered":"<p class=\"wp-block-paragraph\">TIEMPO Y ESPACIO<\/p>\n<p>Por Jaime Luis Soto.<br \/>\nLa guerra del agua entre Tamaulipas y Nuevo Le\u00f3n puede regresar<br \/>\nante la terquedad del todav\u00eda gobernador del estado vecino,<br \/>\nSAMUELITO GARC\u00cdA de querer revivir el proyecto de construir un<br \/>\nmega acueducto para surtir de agua del R\u00edo P\u00e1nuco a Monterrey.<br \/>\nSe trata de un largu\u00edsimo acueducto de m\u00e1s de 360 kil\u00f3metros cuyo<br \/>\ncosto es de much\u00edsimos miles de millones de pesos.<br \/>\nPero SAMUEL al parecer volvi\u00f3 a aferrarse a ese proyecto, que fue<br \/>\ncancelado hace varios a\u00f1os, aunque le queda poco tiempo en la<br \/>\ngubernatura, un a\u00f1o con un mes.<br \/>\nNo es la primera vez que SAMUEL busca atizar la llamada guerra del<br \/>\nagua contra otras entidades federativas como Tamaulipas.<br \/>\nHagamos memoria\u2026<br \/>\nEl 15 de junio del 2021, siendo gobernador electo, SAMUEL dijo que<br \/>\ncuando asumiera el poder ya no se enviar\u00eda agua de Nuevo Le\u00f3n a<br \/>\nTamaulipas.<br \/>\nSe refer\u00eda a un acuerdo que data de 1996 y que establece que<br \/>\ncuando la presa El Cuchillo de Nuevo Le\u00f3n tenga excedente se debe<br \/>\nde trasvasar agua a la presa Marte R. G\u00f3mez de Tamaulipas.<br \/>\nDicha agua, seg\u00fan el mencionado acuerdo, debe realizarse antes<br \/>\ndel primero de noviembre de cada a\u00f1o y de no ser as\u00ed, el gobierno<br \/>\nneoleon\u00e9s debe de pagar una lana -indemnizaci\u00f3n- a los<br \/>\nproductores afectados del distrito 026.<\/p>\n<p class=\"wp-block-paragraph\">Ya como gobernador, en varias ocasiones, SAMUEL ha ordenado no<br \/>\ncumplir con el acuerdo de 1996 poniendo como pretexto, en sus<br \/>\nrespectivos momentos, que ambas presas tienen buenos niveles de<br \/>\nagua.<br \/>\nA mediados de agosto de este 2026, Aguas y Drenaje de Monterrey<br \/>\nrevivi\u00f3, valga la expresi\u00f3n, el viejo proyecto de construir el mega-<br \/>\nacueducto de m\u00e1s de 360 kil\u00f3metros para extraer 5 mil litros por<br \/>\nsegundo del rio P\u00e1nuco para la capital regiomontana y su zona<br \/>\nmetropolitana.<br \/>\nMire usted que funcionarios del gobierno de Tamaulipas y<br \/>\norganizaciones tamaulipeca de productores agr\u00edcolas han dejado<br \/>\nentrever que no est\u00e1n de acuerdo con ese proyecto.<br \/>\nPero SAMUEL GARC\u00cdA no solamente es criticado en otras entidades<br \/>\nfederativas. Tambi\u00e9n en el propio estado que gobierna, Nuevo<br \/>\nLe\u00f3n.<br \/>\nPor ejemplo, SAMUEL trae pleito casado, por as\u00ed decirlo, con el<br \/>\nalcalde morenista del Municipio de Garc\u00eda, MANUEL GUERRA<br \/>\nCAVAZOS quien desde antes de que se celebrara el Mundial de<br \/>\nFutbol denunci\u00f3 un grave desabasto de agua.<br \/>\nY no se anduvo con rodeos cuando le envi\u00f3 el mensaje a SAMUEL<br \/>\nde que el agua no sirve para hacer pol\u00edtica, pues seg\u00fan el<br \/>\nmorenista, eso pretende hacer el gobernador neoleon\u00e9s.<br \/>\nEl pr\u00f3ximo 3 de octubre del 2027 concluye el periodo como<br \/>\ngobernador de SAMUEL quien ya ha revelado sus aspiraciones de<br \/>\nvolver a competir en el 2030 para la presidencia de la Rep\u00fablica.<br \/>\nComo as\u00ed lo hizo en el 2024 y fue cuando dej\u00f3 los rayones, como<br \/>\ndicen en el rancho, renunciando a la candidatura presidencial para<br \/>\nd\u00e1rsela a su compadre JORGE \u00c1LVAREZ M\u00c1YNEZ.<\/p>\n<p class=\"wp-block-paragraph\">Y es que sus asesores le dijeron a SAMUEL que, si no ganaba las<br \/>\nelecciones, hab\u00eda el riesgo de que tampoco lo dejar\u00edan regresar a la<br \/>\ngubernatura.<br \/>\nHoy, quiere revivir un proyecto que puede desatar una guerra del<br \/>\nagua.<br \/>\nCambiemos de tema y mejor comentemos que el gobernador<br \/>\nAM\u00c9RICO VILLARREAL ANAYA inaugur\u00f3 la escuela primaria \u00abCapit\u00e1n<br \/>\nde Nav\u00edo Blas God\u00ednez Brito\u00bb y puso en marcha el ciclo escolar<br \/>\n2026-2027.<br \/>\nCeremonia en la que se entregaron paquetes de uniformes,<br \/>\nmochilas y \u00fatiles escolares con una inversi\u00f3n de m\u00e1s de 354<br \/>\nmillones de pesos, en beneficio de 606 mil 702 alumnas y alumnos<br \/>\nde educaci\u00f3n b\u00e1sica en Tamaulipas.<br \/>\nAcompa\u00f1ado por el almirante RAMIRO LOBATO CAMACHO,<br \/>\ncomandante de la Primera Regi\u00f3n Naval, en representaci\u00f3n del<br \/>\nsecretario de Marina, RAYMUNDO PEDRO MORALES \u00c1NGELES, el<br \/>\ngobernador destac\u00f3 que, m\u00e1s importante que las cifras o las<br \/>\ncantidades, lo m\u00e1s valioso es que estos apoyos se traduzcan en un<br \/>\nbeneficio para las personas.<br \/>\n\u00abQue todo alumno que sigue progresando en su formaci\u00f3n tenga la<br \/>\ncerteza de que cuenta con un pupitre, que cuenta con un sal\u00f3n de<br \/>\nclases y que cuenta con un maestro ante grupo, para poder seguir<br \/>\nestudiando y form\u00e1ndose en los retos de esta aventura que va a ser<br \/>\nsu vida y con la que van a estar contando con la educaci\u00f3n y el<br \/>\nconocimiento que tengan a trav\u00e9s de ella\u00bb, dijo.<br \/>\nAgreg\u00f3 que, con el apoyo de la presidenta CLAUDIA SHEINBAUM, se<br \/>\ntienen ahora las becas Rita Cetina para todos los alumnos de<br \/>\neducaci\u00f3n primaria y que puedan tener m\u00e1s seguridad de la ayuda<\/p>\n<p class=\"wp-block-paragraph\">a sus hogares, que permanezcan en las aulas y tengan una<br \/>\nadecuada formaci\u00f3n para los grandes retos que enfrentar\u00e1n en su<br \/>\nvida.<br \/>\n\u00abQue est\u00e9n ustedes con esa visi\u00f3n de futuro de estos gobiernos<br \/>\nhumanistas que ven y hacen sentir la presencia del gobierno, de sus<br \/>\ninstituciones en nuestra gente\u00bb, expres\u00f3.<br \/>\nY con el firme compromiso de garantizar una educaci\u00f3n de<br \/>\nexcelencia y ampliar las oportunidades de desarrollo para la<br \/>\njuventud tamaulipeca, el rector de UAT, D\u00c1MASO ANAYA<br \/>\nALVARADO, consolida un plan de fortalecimiento a la<br \/>\ninfraestructura universitaria que responde al crecimiento<br \/>\nacad\u00e9mico de la instituci\u00f3n.<br \/>\nD\u00c1MASO ANAYA enfatiz\u00f3 que la prioridad absoluta de su gesti\u00f3n es<br \/>\nasegurar que el estudiantado cuente con instalaciones de<br \/>\nvanguardia.<br \/>\nDetall\u00f3 que el objetivo es que las escuelas y facultades cuenten con<br \/>\nespacios equipados con alta tecnolog\u00eda, laboratorios especializados,<br \/>\naulas funcionales y \u00e1reas dignas que respondan con eficiencia a la<br \/>\ncreciente demanda educativa en la entidad.<br \/>\nComo parte de este dinamismo institucional, la UAT realiza<br \/>\ninversiones estrat\u00e9gicas en equipamiento, mantenimiento integral<br \/>\ny edificaci\u00f3n de nuevos espacios en sedes clave.<br \/>\nEntre los que destacan los proyectos en desarrollo en el municipio<br \/>\nde Nuevo Laredo y la apertura de nuevas instalaciones en el<br \/>\nCampus Tampico.<br \/>\nANAYA ALVARADO indic\u00f3 que una de las metas principales para el<br \/>\npr\u00f3ximo a\u00f1o es mantener este ritmo de crecimiento, asegurando<\/p>\n<p class=\"wp-block-paragraph\">entornos inclusivos, de mayor cobertura y con vanguardia cient\u00edfica<br \/>\nque impulsen el pleno desarrollo de la comunidad universitaria.<br \/>\nDe frente con los temas educativos, mire usted que en la escuela<br \/>\nprimaria Ford 74, el alcalde LALO GATT\u00c1S puso en marcha el inicio<br \/>\ndel ciclo escolar 2026-2027, junto al secretario de Salud Dr.<br \/>\nRICARDO GERARDO GUERRERO MORALES con qui\u00e9n entreg\u00f3 libros<br \/>\nde texto y paquetes de \u00fatiles escolares.<br \/>\nAnte el representante de la Secretar\u00eda de Educaci\u00f3n, JUAN VITAL<br \/>\nROM\u00c1N y de la Secci\u00f3n XXX del SNTE, RUB\u00c9N OTONIEL JIM\u00c9NEZ,<br \/>\nconvoc\u00f3 a la comunidad educativa de la Ford 74 a disfrutar,<br \/>\naprender y so\u00f1ar en el nuevo a\u00f1o escolar<br \/>\nEn la ceremonia, el Dr. RICARDO GERARDO GUERRERO MORALES,<br \/>\nrepresentante del gobernador del Estado, destac\u00f3 la participaci\u00f3n<br \/>\nde los maestros que guiar\u00e1n el aprendizaje de las ni\u00f1as y ni\u00f1os de<br \/>\neducaci\u00f3n b\u00e1sica.<br \/>\nEn el inicio de la actividad educativa, una alumna de la escuela Ford<br \/>\n74 elev\u00f3 su voz para agradecer al gobernador AM\u00c9RICO<br \/>\nVILLARREAL ANAYA y al alcalde LALO GATT\u00c1S B\u00c1EZ por apoyar y<br \/>\ntener a la educaci\u00f3n como prioridad de sus gobiernos.<br \/>\nEs todo por hoy. Muchas gracias por leer.<br \/>\nCorreo electr\u00f3nico:\u00a0<a href=\"mailto:jaimeluissoto@hotmail.com\">jaimeluissoto@hotmail.com<\/a><\/p>\n","protected":false},"excerpt":{"rendered":"<p>TIEMPO Y ESPACIO Por Jaime Luis Soto. La guerra del agua entre Tamaulipas y Nuevo Le\u00f3n puede regresar ante la terquedad del todav\u00eda gobernador del estado vecino, SAMUELITO GARC\u00cdA de querer revivir el proyecto de construir un mega acueducto para surtir de agua del R\u00edo P\u00e1nuco a Monterrey. Se trata de un largu\u00edsimo acueducto de [&hellip;]<\/p>\n","protected":false},"author":1,"featured_media":214847,"comment_status":"closed","ping_status":"closed","sticky":false,"template":"","format":"standard","meta":{"footnotes":""},"categories":[16],"tags":[],"class_list":["post-227455","post","type-post","status-publish","format-standard","has-post-thumbnail","hentry","category-opinion"],"_links":{"self":[{"href":"https:\/\/www.elsinodaldetamaulipas.com.mx\/index.php?rest_route=\/wp\/v2\/posts\/227455","targetHints":{"allow":["GET"]}}],"collection":[{"href":"https:\/\/www.elsinodaldetamaulipas.com.mx\/index.php?rest_route=\/wp\/v2\/posts"}],"about":[{"href":"https:\/\/www.elsinodaldetamaulipas.com.mx\/index.php?rest_route=\/wp\/v2\/types\/post"}],"author":[{"embeddable":true,"href":"https:\/\/www.elsinodaldetamaulipas.com.mx\/index.php?rest_route=\/wp\/v2\/users\/1"}],"replies":[{"embeddable":true,"href":"https:\/\/www.elsinodaldetamaulipas.com.mx\/index.php?rest_route=%2Fwp%2Fv2%2Fcomments&post=227455"}],"version-history":[{"count":1,"href":"https:\/\/www.elsinodaldetamaulipas.com.mx\/index.php?rest_route=\/wp\/v2\/posts\/227455\/revisions"}],"predecessor-version":[{"id":227457,"href":"https:\/\/www.elsinodaldetamaulipas.com.mx\/index.php?rest_route=\/wp\/v2\/posts\/227455\/revisions\/227457"}],"wp:featuredmedia":[{"embeddable":true,"href":"https:\/\/www.elsinodaldetamaulipas.com.mx\/index.php?rest_route=\/wp\/v2\/media\/214847"}],"wp:attachment":[{"href":"https:\/\/www.elsinodaldetamaulipas.com.mx\/index.php?rest_route=%2Fwp%2Fv2%2Fmedia&parent=227455"}],"wp:term":[{"taxonomy":"category","embeddable":true,"href":"https:\/\/www.elsinodaldetamaulipas.com.mx\/index.php?rest_route=%2Fwp%2Fv2%2Fcategories&post=227455"},{"taxonomy":"post_tag","embeddable":true,"href":"https:\/\/www.elsinodaldetamaulipas.com.mx\/index.php?rest_route=%2Fwp%2Fv2%2Ftags&post=227455"}],"curies":[{"name":"wp","href":"https:\/\/api.w.org\/{rel}","templated":true}]}}