{"id":227458,"date":"2026-08-31T22:00:44","date_gmt":"2026-09-01T02:00:44","guid":{"rendered":"https:\/\/www.elsinodaldetamaulipas.com.mx\/?p=227458"},"modified":"2026-08-31T22:00:44","modified_gmt":"2026-09-01T02:00:44","slug":"el-retorno-del-bullicio","status":"publish","type":"post","link":"https:\/\/www.elsinodaldetamaulipas.com.mx\/?p=227458","title":{"rendered":"EL RETORNO DEL BULLICIO"},"content":{"rendered":"<p class=\"wp-block-paragraph\">C R O N I C A S\u00a0\u00a0\u00a0 P O L I T I C A S<\/p>\n<p class=\"wp-block-paragraph\">\n<p class=\"wp-block-paragraph\"><strong>Por Alberto Guerra Salazar<\/strong><\/p>\n<p class=\"wp-block-paragraph\"><strong>CIUDAD VICTORIA, (ASI).\u2014 Ninfa Cant\u00fa Deandar y Carmen Lilia Cant\u00farosas Villarreal encabezaron en Nuevo Laredo la ceremonia de apertura del ciclo escolar 2026-2027, en instalaciones de la escuela primaria \u201cIgnacio Manuel Altamirano\u201d, donde refrendaron el compromiso por mantener a la educaci\u00f3n como una prioridad.<\/strong><\/p>\n<p class=\"wp-block-paragraph\"><strong>La presidenta municipal de Nuevo Laredo destac\u00f3 la importancia de seguir canalizando hacia el sector escolar las inversiones que sean necesarias para llevar adelante la educaci\u00f3n y construir el futuro de las ni\u00f1as, ni\u00f1os y adolescentes.<\/strong><\/p>\n<p class=\"wp-block-paragraph\"><strong>En la misma ceremonia, el gobierno municipal entreg\u00f3 81 mil 587 gu\u00edas did\u00e1cticas a estudiantes de educaci\u00f3n b\u00e1sica, con una inversi\u00f3n superior a los 24 millones de pesos, como una herramienta complementaria a los libros de texto gratuito, as\u00ed como paquetes de \u00fatiles escolares que se distribuyen a trav\u00e9s de los gobiernos estatal y federal.<\/strong><\/p>\n<p class=\"wp-block-paragraph\"><strong>Carmen Lilia destac\u00f3 que estas acciones son el resultado de la coordinaci\u00f3n entre los distintos \u00f3rdenes de gobierno y de la visi\u00f3n que impulsa una educaci\u00f3n integral, con mejores herramientas de aprendizaje y mayores oportunidades para las nuevas generaciones.<\/strong><\/p>\n<p class=\"wp-block-paragraph\"><strong>La cobertura de las gu\u00edas did\u00e1cticas aument\u00f3 de manera significativa respecto al ciclo escolar anterior, cuando fueron beneficiados 71 mil 290 estudiantes. Para el ciclo 2026-2027, la cifra alcanz\u00f3 81 mil 587 alumnos, lo que representa m\u00e1s de diez mil estudiantes adicionales.<\/strong><\/p>\n<p class=\"wp-block-paragraph\"><strong>Durante la ceremonia, la Secretaria de Econom\u00eda Ninfa Cant\u00fa Deandar y representante del Gobernador del Estado, se refiri\u00f3 a la importancia de iniciar este nuevo ciclo escolar fortaleciendo las condiciones materiales y educativas de las escuelas tamaulipecas.<\/strong><\/p>\n<p class=\"wp-block-paragraph\"><strong>\u201cPara que cada ni\u00f1o y ni\u00f1a y cada joven tamaulipeco tengan a su alcance a lo largo de todo este ciclo escolar una educaci\u00f3n que forme valientes, que cultiven su integridad social, establezcan lazos participativos hacia su comunidad y fomenten la conciencia c\u00edvica y los valores del humanismo mexicano, que les prepara para fomentar y practicar una verdadera cultura de paz, de respeto a la naturaleza y de amor a M\u00e9xico y a Tamaulipas\u201d, mencion\u00f3 la secretaria de Econom\u00eda.<\/strong><\/p>\n<p class=\"wp-block-paragraph\"><strong>En representaci\u00f3n de los estudiantes, Mateo Villegas, alumno de la escuela primaria Ignacio Manuel Altamirano, agradeci\u00f3 los materiales recibidos y resalt\u00f3 la importancia que tienen para continuar con su preparaci\u00f3n acad\u00e9mica.<\/strong><\/p>\n<p class=\"wp-block-paragraph\"><strong>Adem\u00e1s de las gu\u00edas did\u00e1cticas, libros de texto y \u00fatiles escolares, el gobierno de Nuevo Laredo ha mantenido una estrategia de mejoramiento de la infraestructura educativa con acciones que buscan generar espacios dignos y adecuados para el aprendizaje.<\/strong><\/p>\n<p class=\"wp-block-paragraph\"><strong>La alcaldesa de Nuevo Laredo se\u00f1al\u00f3 que el fortalecimiento de la educaci\u00f3n requiere sumar esfuerzos y trabajar de manera coordinada, por lo que su gobierno continuar\u00e1 acompa\u00f1ando las pol\u00edticas impulsadas por la Presidenta de M\u00e9xico, Claudia Sheinbaum Pardo, y el Gobernador Am\u00e9rico Villarreal Anaya, para generar mejores condiciones educativas para las nuevas generaciones.<\/strong><\/p>\n<p class=\"wp-block-paragraph\"><strong>En el evento estuvieron presentes Joaqu\u00edn Medina, jefe del CREDE, Jaime Mendoza Vega, coordinador del SNTE en Nuevo Laredo, as\u00ed como s\u00edndicos, regidores y funcionarios municipales.<\/strong><\/p>\n<p class=\"wp-block-paragraph\"><strong>En tanto que en R\u00edo Bravo, el secretario general de gobierno H\u00e9ctor Joel Villegas Gonz\u00e1lez encabez\u00f3 el arranque del ciclo escolar en el CONALEP R\u00edo Bravo, ostentando la representaci\u00f3n del Gobernador del Estado.<\/strong><\/p>\n<p class=\"wp-block-paragraph\"><strong>En su mensaje, el secretario general de gobierno destac\u00f3 que la educci\u00f3n representa una de las principales herramientas para alcanzar mejores oportunidades y construir un proyecto de vida con mayores posibilidades de desarrollo.<\/strong><\/p>\n<p class=\"wp-block-paragraph\"><strong>Agreg\u00f3 que la preparaci\u00f3n acad\u00e9mica debe ir acompa\u00f1ada de esfuerzo, disciplina y perseverancia, al tiempo que exhort\u00f3 a los estudiantes, hombres y mujeres, a aprovechar los conocimientos que reciben de sus maestros, as\u00ed como el respaldo de sus familias.<\/strong><\/p>\n<p class=\"wp-block-paragraph\"><strong>\u201cLas oportunidades se construyen tambi\u00e9n con preparaci\u00f3n. Si estamos preparados y llega una oportunidad, podemos aprovecharla y alcanzar nuestras metas\u201d, expres\u00f3.<\/strong><\/p>\n<p class=\"wp-block-paragraph\"><strong>Destac\u00f3 adem\u00e1s que los j\u00f3venes tienen la capacidad de aspirar a grandes objetivos y, con dedicaci\u00f3n, convertirse en profesionistas, servidores p\u00fablicos, empresarios o desempe\u00f1arse en cualquier \u00e1mbito que se propongan desarrollar.<\/strong><\/p>\n<p class=\"wp-block-paragraph\"><strong>Villegas resalt\u00f3 tambi\u00e9n la importancia de trabajar en equipo y mantener una convivencia basada en el respeto y la solidaridad, al considerar que la fortaleza de una instituci\u00f3n educativa no depende \u00fanicamente de su infraestructura, sino principalmente de las personas que forman parte de ella.<\/strong><\/p>\n<p class=\"wp-block-paragraph\"><strong>Record\u00f3 Villegas Gonz\u00e1lez su etapa como presidente municipal de R\u00edo Bravo y se\u00f1al\u00f3 que durante ese per\u00edodo se impulsaron acciones para mejorar las condiciones del CONALEP, entre ellas la construcci\u00f3n de la techumbre del plantel.<\/strong><\/p>\n<p class=\"wp-block-paragraph\"><strong>Correo electr\u00f3nico:\u00a0<a href=\"mailto:albertoguerra65@hotmail.com\" target=\"_blank\" rel=\"noopener\">albertoguerra65@hotmail.com<\/a><\/strong><\/p>\n","protected":false},"excerpt":{"rendered":"<p>C R O N I C A S\u00a0\u00a0\u00a0 P O L I T I C A S Por Alberto Guerra Salazar CIUDAD VICTORIA, (ASI).\u2014 Ninfa Cant\u00fa Deandar y Carmen Lilia Cant\u00farosas Villarreal encabezaron en Nuevo Laredo la ceremonia de apertura del ciclo escolar 2026-2027, en instalaciones de la escuela primaria \u201cIgnacio Manuel Altamirano\u201d, donde refrendaron [&hellip;]<\/p>\n","protected":false},"author":1,"featured_media":213929,"comment_status":"closed","ping_status":"closed","sticky":false,"template":"","format":"standard","meta":{"footnotes":""},"categories":[1],"tags":[],"class_list":["post-227458","post","type-post","status-publish","format-standard","has-post-thumbnail","hentry","category-portada"],"_links":{"self":[{"href":"https:\/\/www.elsinodaldetamaulipas.com.mx\/index.php?rest_route=\/wp\/v2\/posts\/227458","targetHints":{"allow":["GET"]}}],"collection":[{"href":"https:\/\/www.elsinodaldetamaulipas.com.mx\/index.php?rest_route=\/wp\/v2\/posts"}],"about":[{"href":"https:\/\/www.elsinodaldetamaulipas.com.mx\/index.php?rest_route=\/wp\/v2\/types\/post"}],"author":[{"embeddable":true,"href":"https:\/\/www.elsinodaldetamaulipas.com.mx\/index.php?rest_route=\/wp\/v2\/users\/1"}],"replies":[{"embeddable":true,"href":"https:\/\/www.elsinodaldetamaulipas.com.mx\/index.php?rest_route=%2Fwp%2Fv2%2Fcomments&post=227458"}],"version-history":[{"count":1,"href":"https:\/\/www.elsinodaldetamaulipas.com.mx\/index.php?rest_route=\/wp\/v2\/posts\/227458\/revisions"}],"predecessor-version":[{"id":227459,"href":"https:\/\/www.elsinodaldetamaulipas.com.mx\/index.php?rest_route=\/wp\/v2\/posts\/227458\/revisions\/227459"}],"wp:featuredmedia":[{"embeddable":true,"href":"https:\/\/www.elsinodaldetamaulipas.com.mx\/index.php?rest_route=\/wp\/v2\/media\/213929"}],"wp:attachment":[{"href":"https:\/\/www.elsinodaldetamaulipas.com.mx\/index.php?rest_route=%2Fwp%2Fv2%2Fmedia&parent=227458"}],"wp:term":[{"taxonomy":"category","embeddable":true,"href":"https:\/\/www.elsinodaldetamaulipas.com.mx\/index.php?rest_route=%2Fwp%2Fv2%2Fcategories&post=227458"},{"taxonomy":"post_tag","embeddable":true,"href":"https:\/\/www.elsinodaldetamaulipas.com.mx\/index.php?rest_route=%2Fwp%2Fv2%2Ftags&post=227458"}],"curies":[{"name":"wp","href":"https:\/\/api.w.org\/{rel}","templated":true}]}}