{"id":227469,"date":"2026-09-01T10:23:00","date_gmt":"2026-09-01T14:23:00","guid":{"rendered":"https:\/\/www.elsinodaldetamaulipas.com.mx\/?p=227469"},"modified":"2026-09-01T10:23:00","modified_gmt":"2026-09-01T14:23:00","slug":"pension","status":"publish","type":"post","link":"https:\/\/www.elsinodaldetamaulipas.com.mx\/?p=227469","title":{"rendered":"PENSI\u00d3N"},"content":{"rendered":"<div class=\"xdj266r x14z9mp xat24cr x1lziwak x1vvkbs x126k92a\">\n<div dir=\"auto\">AL VUELO<\/div>\n<\/div>\n<div class=\"x14z9mp xat24cr x1lziwak x1vvkbs xtlvy1s x126k92a\">\n<div dir=\"auto\">Por Pegaso<\/div>\n<\/div>\n<div class=\"x14z9mp xat24cr x1lziwak x1vvkbs xtlvy1s x126k92a\">\n<div dir=\"auto\">A partir de hoy, lunes 1 de septiembre, empieza el pago de la pensi\u00f3n universal. Veremos las kilom\u00e9tricas filas en los cajeros autom\u00e1ticos del Banco de Bienestar de ancianitos que apenas pueden caminar, que tienen que llevar su propia silla, muchos de ellos en muletas o auxiliados por familiares. Se pasar\u00e1n horas enteras bajo el solazo abrasador con apenas una cachucha mugrosa o un sombrero ra\u00eddo.<\/div>\n<div dir=\"auto\">Pero tambi\u00e9n veremos las camionetotas lujosas, las de aquellos que cobran su pensi\u00f3n sin necesitarlo. Ni siquiera se bajan del veh\u00edculo, con aire acondicionado, el cual estacionan a unos cuantos metros del cajero. Env\u00edan a un empleado a hacer fila y cuando ya les toca, se bajan apoyados en un lustroso bast\u00f3n, sacan su tarjeta y cobran los 6,400 pesotes que para nada les sirven porque est\u00e1n podridos en dinero.<\/div>\n<div dir=\"auto\">Pero no nos vayamos a los extremos. Hay gente de todos los niveles socioecon\u00f3micos que tienen su pensi\u00f3n universal, gracias a que se elev\u00f3 a rango constitucional.<\/div>\n<div dir=\"auto\">Y eso significa que se tiene que pagar a todos los chavorrucos de m\u00e1s de 65 a\u00f1os o chavorrucas de m\u00e1s de 60. No es que nadie se los de. Son nuestros impuestos que se devuelven, se supone, a un sector de la poblaci\u00f3n que ya trabaj\u00f3 y que merece vivir una vejez digna.<\/div>\n<div dir=\"auto\">En pa\u00edses avanzados, como Estados Unidos, Jap\u00f3n y parte de Europa, las pensiones que entrega el gobierno no son un escupitajo. Estamos hablando que una persona de m\u00e1s de 60 a\u00f1os ya puede pasar el resto de su vida jugando golf o viajando por todo el pa\u00eds sin necesidad de trabajar. El ingreso que obtiene, traducido a pesos, ser\u00eda algo as\u00ed como 80 o 100 mil mensuales, el m\u00e1s jodido.<\/div>\n<div dir=\"auto\">En M\u00e9xico, a pesar del avance que significa la pensi\u00f3n universal, el sistema de retiro est\u00e1 en pa\u00f1ales.<\/div>\n<div dir=\"auto\">Si fuiste trabajador y est\u00e1s a punto de retirarte, hay modalidades como la 40 u otras, que pueden darte 30 o 40 mil pesos mensuales, pero para eso tienes que aportar varios a\u00f1os antes una cantidad estratosf\u00e9rica, del orden de los 6, 8 o 12 mil pesos mensuales. \u00bfY de d\u00f3nde los vas a sacar, si apenas tienes para comer?<\/div>\n<div dir=\"auto\">Pero s\u00ed hay gente que lo hace, que tienen actualmente buenos empleos y puede considerarse de clase media alta.<\/div>\n<div dir=\"auto\">Volviendo al tema de la pensi\u00f3n universal, yo creo que los millonarios, profesionistas o personas que no tienen necesidad, deben renunciar a ella por solidaridad, por empat\u00eda o de perdida, por un poco de dignidad.<\/div>\n<div dir=\"auto\">D\u00e9jensela a personas que realmente lo necesitan. Hace a\u00f1os me dec\u00eda una se\u00f1ora popofona, cuando apenas estaban anunciando la pensi\u00f3n: \u201cMire, me ofrecen tanto mensual por parte del gobierno. \u00bfC\u00f3mo le puedo hacer para registrarme?\u201d Mi contestaci\u00f3n fue: \u201cSe\u00f1ora, usted tiene buena casa, buenos carros, su esposo es profesionista y gana muy bien. D\u00e9jeselo a la gente que verdaderamente lo necesita\u201d.<\/div>\n<div dir=\"auto\">Y s\u00ed. Sigue siendo mi recomendaci\u00f3n para aquellos que, sin tener necesidad de ese dinero, que lo deje a los m\u00e1s jodidos. Fue un gran error hacerlo universal. Debi\u00f3 ser mediante un estudio socioecon\u00f3mico, porque a\u00fan as\u00ed, los viejitos de clase baja lo usan para comprar sus medicinas, cuando las instituciones p\u00fablicas de salud deben entregarlas gratis. Entonces, \u00bfd\u00f3nde est\u00e1 el beneficio?<\/div>\n<div dir=\"auto\">En otras muchas ocasiones, cuando les llega la pensi\u00f3n a los viejones, inmediatamente salen los nietos a pedirles dinero para comprar un videojuego o irse de antro. En el transcurso de los dos meses anteriores, nunca los ven, pero cuando les llega la pensi\u00f3n ah\u00ed andan todos melosos con el abuelo para que les d\u00e9 dinero.<\/div>\n<div dir=\"auto\">As\u00ed, pues. Viejones que est\u00e1n forrados de lana y siguen cobrando su pensi\u00f3n, vayan y s\u00e1quenla del cajero (no quieren gastarse 30 pesos que cobran de comisi\u00f3n los cajeros privados), despu\u00e9s dir\u00edjanse a una colonia de las goteras de la ciudad, donde solo hay calles de terracer\u00eda y las casas desvencijadas se est\u00e1n cayendo. Busque la vivienda m\u00e1s jodida, toque la puerta y entregue, sin hacer preguntas ni nada, los 6,400 del \u00e1guila al anciano o anciana que salga a recibirlo. A los dos meses siguientes, haga lo mismo en otra colonia y as\u00ed, sucesivamente. Que esa lana sirva para algo. No los sacar\u00e1 de jodidos, pero al menos tendr\u00e1n algo decente para comer esa semana o irse al tianguis a comprarse ropa de segunda.<\/div>\n<div dir=\"auto\">(\u00a1H\u00edjole! Creo que les caer\u00e1 el saco a algunos).<\/div>\n<div dir=\"auto\">El refr\u00e1n estilo Pegaso, seg\u00fan Mateo, dice as\u00ed: \u201cEs m\u00e1s factible que un cam\u00e9lido transite a trav\u00e9s de la cavidad de un pincho que un acaudalado trascienda al \u00e1mbito divino\u201d. (Es m\u00e1s f\u00e1cil que un camello pase por el ojo de una aguja que un rico entre en el reino de Dios).<\/div>\n<\/div>\n","protected":false},"excerpt":{"rendered":"<p>AL VUELO Por Pegaso A partir de hoy, lunes 1 de septiembre, empieza el pago de la pensi\u00f3n universal. Veremos las kilom\u00e9tricas filas en los cajeros autom\u00e1ticos del Banco de Bienestar de ancianitos que apenas pueden caminar, que tienen que llevar su propia silla, muchos de ellos en muletas o auxiliados por familiares. Se pasar\u00e1n [&hellip;]<\/p>\n","protected":false},"author":1,"featured_media":227473,"comment_status":"closed","ping_status":"closed","sticky":false,"template":"","format":"standard","meta":{"footnotes":""},"categories":[16],"tags":[],"class_list":["post-227469","post","type-post","status-publish","format-standard","has-post-thumbnail","hentry","category-opinion"],"_links":{"self":[{"href":"https:\/\/www.elsinodaldetamaulipas.com.mx\/index.php?rest_route=\/wp\/v2\/posts\/227469","targetHints":{"allow":["GET"]}}],"collection":[{"href":"https:\/\/www.elsinodaldetamaulipas.com.mx\/index.php?rest_route=\/wp\/v2\/posts"}],"about":[{"href":"https:\/\/www.elsinodaldetamaulipas.com.mx\/index.php?rest_route=\/wp\/v2\/types\/post"}],"author":[{"embeddable":true,"href":"https:\/\/www.elsinodaldetamaulipas.com.mx\/index.php?rest_route=\/wp\/v2\/users\/1"}],"replies":[{"embeddable":true,"href":"https:\/\/www.elsinodaldetamaulipas.com.mx\/index.php?rest_route=%2Fwp%2Fv2%2Fcomments&post=227469"}],"version-history":[{"count":1,"href":"https:\/\/www.elsinodaldetamaulipas.com.mx\/index.php?rest_route=\/wp\/v2\/posts\/227469\/revisions"}],"predecessor-version":[{"id":227474,"href":"https:\/\/www.elsinodaldetamaulipas.com.mx\/index.php?rest_route=\/wp\/v2\/posts\/227469\/revisions\/227474"}],"wp:featuredmedia":[{"embeddable":true,"href":"https:\/\/www.elsinodaldetamaulipas.com.mx\/index.php?rest_route=\/wp\/v2\/media\/227473"}],"wp:attachment":[{"href":"https:\/\/www.elsinodaldetamaulipas.com.mx\/index.php?rest_route=%2Fwp%2Fv2%2Fmedia&parent=227469"}],"wp:term":[{"taxonomy":"category","embeddable":true,"href":"https:\/\/www.elsinodaldetamaulipas.com.mx\/index.php?rest_route=%2Fwp%2Fv2%2Fcategories&post=227469"},{"taxonomy":"post_tag","embeddable":true,"href":"https:\/\/www.elsinodaldetamaulipas.com.mx\/index.php?rest_route=%2Fwp%2Fv2%2Ftags&post=227469"}],"curies":[{"name":"wp","href":"https:\/\/api.w.org\/{rel}","templated":true}]}}