{"id":227471,"date":"2026-09-01T10:35:41","date_gmt":"2026-09-01T14:35:41","guid":{"rendered":"https:\/\/www.elsinodaldetamaulipas.com.mx\/?p=227471"},"modified":"2026-09-01T10:35:41","modified_gmt":"2026-09-01T14:35:41","slug":"incentivo-fiscal-a-contribuyentes-cumplidos","status":"publish","type":"post","link":"https:\/\/www.elsinodaldetamaulipas.com.mx\/?p=227471","title":{"rendered":"INCENTIVO FISCAL A CONTRIBUYENTES CUMPLIDOS"},"content":{"rendered":"<p class=\"wp-block-paragraph\">\u00a0 \u00a0 \u00a0 \u00a0 Vamos a ver s\u00ed el titular de la Secretar\u00eda de Finanzas (SF), Carlos Ir\u00e1n Ram\u00edrez Gonz\u00e1lez, logra crear un incentivo fiscal para todos los contribuyentes cumplidos en respuesta a una petici\u00f3n de empresarios del norte de la entidad, quienes pagan en tiempo y forma impuestos y derechos, entre otras obligaciones fiscales.<\/p>\n<p class=\"wp-block-paragraph\">\u00a0\u00a0\u00a0\u00a0\u00a0\u00a0\u00a0\u00a0 Ram\u00edrez Gonz\u00e1lez no dio ning\u00fan plazo para preparar el estudio jur\u00eddico que servir\u00e1 de base de una iniciativa de reforma para ser enviada al Congreso Local, en donde se har\u00edan los cambios legales en materia fiscal para que beneficie a los contribuyentes cumplidos.<\/p>\n<p class=\"wp-block-paragraph\">\u00a0\u00a0\u00a0\u00a0\u00a0\u00a0\u00a0\u00a0 Si bien es cierto que el estudio jur\u00eddico debe de estar bien sustentado para no dejar lagunas legales que impidan incentivar a los contribuyentes que paguen sus impuestos en tiempo y forma, hay gentes capaces y con muchos a\u00f1os de experiencia en la SF para preparar un documento t\u00e9cnico en el corto plazo.<\/p>\n<p class=\"wp-block-paragraph\">\u00a0\u00a0\u00a0\u00a0\u00a0\u00a0\u00a0\u00a0 Tienen mucha raz\u00f3n los empresarios del norte de la entidad, cuando argumentan que s\u00ed los contribuyentes incumplidos reciben est\u00edmulos a trav\u00e9s de la reducci\u00f3n de multas y el otorgamiento de condonaciones para que paguen sus impuestos, porque no aquellos que se esfuerzan por pagar en tiempo y forma.<\/p>\n<p class=\"wp-block-paragraph\">\u00a0\u00a0\u00a0\u00a0\u00a0\u00a0\u00a0\u00a0 Y ahora que la Secretar\u00eda de Hacienda y Cr\u00e9dito P\u00fablico (SHCP), que encabeza \u00c9dgar Amador Zamora, env\u00ede el pr\u00f3ximo 8 de septiembre el Paquete Econ\u00f3mico 2027 a la C\u00e1mara de Diputados, Ram\u00edrez Gonz\u00e1lez tendr\u00e1 un panorama m\u00e1s claro de las finanzas p\u00fablicas para concretar el estudio jur\u00eddico que sirva de base para preparar una iniciativa de reforma en materia fiscal.<\/p>\n<p class=\"wp-block-paragraph\">\u00a0\u00a0\u00a0\u00a0\u00a0\u00a0\u00a0\u00a0 Por cierto, el titular de la SF se\u00f1al\u00f3 tambi\u00e9n que est\u00e1 todo listo para que los propietarios de veh\u00edculos de procedencia extranjera puedan vender estas unidades en forma legal, puesto que se hicieron ajustes a las plataformas a fin de que puedan acudir a realizar este tr\u00e1mite en las oficinas fiscales.<\/p>\n<p class=\"wp-block-paragraph\">\u00a0\u00a0\u00a0\u00a0\u00a0\u00a0\u00a0\u00a0 No hay ninguna cifra que indique cu\u00e1nto recibir\u00e1 la SF por legalizar los autos americanos que circulan en la entidad, sin embargo, el monto ser\u00e1 bastante abultado en caso de que se otorguen todas las facilidades otorgadas por la nacionalizaci\u00f3n de estos veh\u00edculos.<\/p>\n<p class=\"wp-block-paragraph\">\u00a0\u00a0\u00a0\u00a0\u00a0\u00a0\u00a0\u00a0 En otro tema, el rector D\u00e1maso Anaya Alvarado y el presidente de la Uni\u00f3n Ganadera Regional de Tamaulipas (UGRT), Jos\u00e9 Ram\u00f3n Guerreo Gamboa, firmaron un convenio de colaboraci\u00f3n para continuar en forma conjunta la modernizaci\u00f3n y el fortalecimiento del sector pecuario de la entidad.<\/p>\n<p class=\"wp-block-paragraph\">\u00a0\u00a0\u00a0\u00a0\u00a0\u00a0\u00a0\u00a0 Teniendo como testigo de honor al gobernador Am\u00e9rico Villarreal Anaya, ambos formalizaron el acuerdo de colaboraci\u00f3n acad\u00e9mica, cient\u00edfica y tecnol\u00f3gica, el cual tiene como prop\u00f3sito articular capacidades investigaci\u00f3n, t\u00e9cnicas y operativas entre la academia y el sector productivo.<\/p>\n<p class=\"wp-block-paragraph\">\u00a0\u00a0\u00a0\u00a0\u00a0\u00a0\u00a0\u00a0 Y como muestra de que la uni\u00f3n hace la fuerza, docentes y alumnos de la Facultad de Veterinaria y Zootecnia de la UAT en coordinaci\u00f3n con productores de la UGRT trabajan en las plantas de alimentos para mejorar la nutrici\u00f3n animal, la reproducci\u00f3n, el manejo integral de especies y la estrategia de comercializaci\u00f3n.<\/p>\n<p class=\"wp-block-paragraph\">\u00a0\u00a0\u00a0\u00a0\u00a0\u00a0\u00a0\u00a0 El convenio de colaboraci\u00f3n fue firmado el pasado s\u00e1bado en el marco de la Cabalgata de la Unidad, que reuni\u00f3 a m\u00e1s de dos mil jinetes, entre los que se encontraba el presidente de la Confederaci\u00f3n Nacional de Organizaciones Ganaderas (CNOG), Homero Garc\u00eda de la Llata.<\/p>\n<p class=\"wp-block-paragraph\">\u00a0\u00a0\u00a0\u00a0\u00a0\u00a0\u00a0\u00a0 De esta manera, la UAT y la URGT se preparan para aprovechar que la titular de la Secretar\u00eda de Agricultura de Estados Unidos, Brooke Rollins, anunci\u00f3 que se trabaja para abrir dos cruces en la frontera a la importaci\u00f3n de ganado mexicano, por donde podr\u00eda enviar sus reses los ganaderos tamaulipecos.<\/p>\n<p class=\"wp-block-paragraph\">\u00a0\u00a0\u00a0\u00a0\u00a0\u00a0\u00a0\u00a0 Por \u00faltimo, de nada le sirvi\u00f3 a Gerardo Fern\u00e1ndez Noro\u00f1a sus berrinches y amagues porque no se le hizo ser de nuevo presidente de la mesa directiva del Senado, puesto que finalmente fue designado por mayor\u00eda el mexiquense Higinio Mart\u00ednez Miranda, quien dej\u00f3 en el camino a otros senadores morenistas, como es el caso de Manuel Huerta Ladr\u00f3n de Guevara\u00a0y el expri\u00edsta\u00a0\u00d3scar Cant\u00f3n Zetina, la apuesta del alica\u00eddo\u00a0Ad\u00e1n Augusto L\u00f3pez Hern\u00e1ndez.<\/p>\n<p class=\"wp-block-paragraph\">Correo electr\u00f3nico:\u00a0<a href=\"mailto:jagovea_53@yahoo.com\" target=\"_blank\" rel=\"noopener\">jagovea_53@yahoo.com<\/a><\/p>\n","protected":false},"excerpt":{"rendered":"<p>\u00a0 \u00a0 \u00a0 \u00a0 Vamos a ver s\u00ed el titular de la Secretar\u00eda de Finanzas (SF), Carlos Ir\u00e1n Ram\u00edrez Gonz\u00e1lez, logra crear un incentivo fiscal para todos los contribuyentes cumplidos en respuesta a una petici\u00f3n de empresarios del norte de la entidad, quienes pagan en tiempo y forma impuestos y derechos, entre otras obligaciones fiscales. [&hellip;]<\/p>\n","protected":false},"author":1,"featured_media":216470,"comment_status":"closed","ping_status":"closed","sticky":false,"template":"","format":"standard","meta":{"footnotes":""},"categories":[16],"tags":[],"class_list":["post-227471","post","type-post","status-publish","format-standard","has-post-thumbnail","hentry","category-opinion"],"_links":{"self":[{"href":"https:\/\/www.elsinodaldetamaulipas.com.mx\/index.php?rest_route=\/wp\/v2\/posts\/227471","targetHints":{"allow":["GET"]}}],"collection":[{"href":"https:\/\/www.elsinodaldetamaulipas.com.mx\/index.php?rest_route=\/wp\/v2\/posts"}],"about":[{"href":"https:\/\/www.elsinodaldetamaulipas.com.mx\/index.php?rest_route=\/wp\/v2\/types\/post"}],"author":[{"embeddable":true,"href":"https:\/\/www.elsinodaldetamaulipas.com.mx\/index.php?rest_route=\/wp\/v2\/users\/1"}],"replies":[{"embeddable":true,"href":"https:\/\/www.elsinodaldetamaulipas.com.mx\/index.php?rest_route=%2Fwp%2Fv2%2Fcomments&post=227471"}],"version-history":[{"count":1,"href":"https:\/\/www.elsinodaldetamaulipas.com.mx\/index.php?rest_route=\/wp\/v2\/posts\/227471\/revisions"}],"predecessor-version":[{"id":227478,"href":"https:\/\/www.elsinodaldetamaulipas.com.mx\/index.php?rest_route=\/wp\/v2\/posts\/227471\/revisions\/227478"}],"wp:featuredmedia":[{"embeddable":true,"href":"https:\/\/www.elsinodaldetamaulipas.com.mx\/index.php?rest_route=\/wp\/v2\/media\/216470"}],"wp:attachment":[{"href":"https:\/\/www.elsinodaldetamaulipas.com.mx\/index.php?rest_route=%2Fwp%2Fv2%2Fmedia&parent=227471"}],"wp:term":[{"taxonomy":"category","embeddable":true,"href":"https:\/\/www.elsinodaldetamaulipas.com.mx\/index.php?rest_route=%2Fwp%2Fv2%2Fcategories&post=227471"},{"taxonomy":"post_tag","embeddable":true,"href":"https:\/\/www.elsinodaldetamaulipas.com.mx\/index.php?rest_route=%2Fwp%2Fv2%2Ftags&post=227471"}],"curies":[{"name":"wp","href":"https:\/\/api.w.org\/{rel}","templated":true}]}}