{"id":227472,"date":"2026-09-01T10:43:25","date_gmt":"2026-09-01T14:43:25","guid":{"rendered":"https:\/\/www.elsinodaldetamaulipas.com.mx\/?p=227472"},"modified":"2026-09-01T10:43:25","modified_gmt":"2026-09-01T14:43:25","slug":"fundacion-marcelo-olan-una-decada-sirviendo-con-la-fuerza-del-corazon","status":"publish","type":"post","link":"https:\/\/www.elsinodaldetamaulipas.com.mx\/?p=227472","title":{"rendered":"FUNDACI\u00d3N MARCELO OL\u00c1N, UNA D\u00c9CADA SIRVIENDO CON LA FUERZA DEL CORAZ\u00d3N"},"content":{"rendered":"<p class=\"wp-block-paragraph\">T E C L A Z O S<br \/>\nPor Guadalupe E. Gonz\u00e1lez<\/p>\n<p><em><strong>X.-Mientras exista una familia que necesite apoyo,<\/strong><\/em><br \/>\n<em><strong>siempre habr\u00e1 una mano dispuesta a ayudar, destac\u00f3<\/strong><\/em><br \/>\nTRAS afirmar que, \u201csu coraz\u00f3n est\u00e1 lleno de gratitud y orgullo\u201d, por estar celebrando hoy, los primeros 10 a\u00f1os de la fundaci\u00f3n que lleva su nombre, el Lic. Marcelo Olan Mendoza, destac\u00f3 que, \u201cmientras exista una familia que necesite apoyo, siempre habr\u00e1 una mano dispuesta a ayudar\u201d, raz\u00f3n por la que, \u201cen este mismo marco de servicio al pueblo de Reynosa\u201d seguiremos trabajando a carta cabal para que, las familias de esta ciudad fronteriza, la m\u00e1s grande de Tamaulipas, \u201creciban en esencia el real bienestar social\u201d.<br \/>\nPOR ello, enfatiz\u00f3 Olan Mendoza que, \u201chace 10 a\u00f1os iniciamos un camino con un prop\u00f3sito muy claro\u201d, para servir a nuestra gente y estar cerca de las familias, con el firme ideal de responder con hechos a la confianza que nos brindan y por ello, hoy desde esta Fundaci\u00f3n que ahora dirige y preside con certeza mi esposa Lic. Erika Patricia Salinas Liziaga, \u201cse sigue trabajando con tenacidad y esmero para que, el bienestar social generado en este organismo, contin\u00fae llegando hasta los m\u00e1s rec\u00f3nditos lugares de esta pujante comunidad reynosense\u201d.<br \/>\nOLAN Mendoza, con marcado entusiasmo durante su exposici\u00f3n, dijo que, hoy como socio-fundador de esta Fundaci\u00f3n, \u201cme llena de emoci\u00f3n, celebrar bajo un clima de gran alegr\u00eda, los primeros diez a\u00f1os de servicio al pueblo, cuyo acto nos enaltece y por ello, lo hacemos como nos gusta: \u201cJunto a nuestra gente\u201d, destac\u00f3.<br \/>\nLUEGO abund\u00f3 el Lic. Marcelo Olan que, tambi\u00e9n es de gran orgullo para m\u00ed, que mi respetable esposa Lic. Erika Patricia Salinas Liziaga, con mucho mas amor, cari\u00f1o y respeto, atienda la Fundaci\u00f3n, llev\u00e1ndola hacia m\u00e1s y mejores horizontes de servicio a las familias de Reynosa, porque eso, \u201cnos ha permitido que, los apoyos y el bienestar real siga llegando a la gente y distinguiendo a este noble organismo que, repito, fue creado para servir al pueblo\u201d.<\/p>\n<p class=\"wp-block-paragraph\">POR esta raz\u00f3n, quiero hacer patente un muy especial reconocimiento a nuestra presidenta de la Fundaci\u00f3n Lic. Erika Patricia Salinas Liziaga, por encabezar con tanta entrega este gran esfuerzo y a cada uno de los integrantes de nuestro equipo que, hizo posible esta jornada \u201cen el Ejido Los Cavazos\u201d, donde llevamos (una gran Mega Brigada de Servicios Gratuitos), acercando la atenci\u00f3n y orientaci\u00f3n en salud, asesor\u00eda jur\u00eddica y servicios educativos, pero sobre todo llevando algo que, para nosotros tiene un valor incalculable: \u201cla voluntad de ayudar\u201d, destac\u00f3 en otra parte de su elocuente mensaje el Lic. Marcelo Olan Mendoza.<br \/>\nAL continuar con su relevante y trascendente mensaje el Lic. Olan Mendoza, tambi\u00e9n refrend\u00f3 su agradecimiento a todos los profesionistas, especialistas y voluntarios que, por un momento dejaron sus actividades, para venir a servir y compartir sus conocimientos con nuestras familias, cuya participaci\u00f3n \u201ces el fiel reflejo de quienes igual quieren a su pueblo\u201d y por eso, participan con empe\u00f1o en esta fundaci\u00f3n de servicio a las familias de Reynosa, precis\u00f3 el entrevistado.<br \/>\nAPUNT\u00d3 que, en esta celebraci\u00f3n de la Fundaci\u00f3n Marcelo Olan, \u201cno solamente celebramos 10 a\u00f1os de una fundaci\u00f3n, sino tambi\u00e9n diez a\u00f1os de historias, de esperanza, solidaridad y de muchas manos<br \/>\ntendidas dispuestas para ayudar en esta encomienda para servir a las familias de los diversos estratos sociales, pero m\u00e1s en favor de las que menos tienen\u201d, remarc\u00f3.<br \/>\nPOR este motivo de trabajo, servicio e impacto en favor del pueblo, quiero decirles algo desde lo m\u00e1s profundo de mi coraz\u00f3n que, \u201cmientras exista una familia que necesite apoyo, siempre habr\u00e1 una<br \/>\nmano dispuesta a ayudar, como, repito, hoy lo hicimos en el ejido los Cavazos\u201d y, lo seguiremos haciendo en todo Reynosa y, por ello, \u201cgracias por su cari\u00f1o y confianza y, por permitirnos caminar de su lado\u201d, subray\u00f3.<br \/>\nSIN embargo, Olan Mendoza agreg\u00f3 que, \u201cEsto es apenas un poco de todo lo que ustedes se merecen\u201d, para luego se\u00f1alar y sostener que, \u201cseguiremos trabajando y, seguiremos recorriendo nuestras colonias y comunidades, y continuaremos, estando m\u00e1s cerca de nuestra gente.<br \/>\nPorque, \u201ccuando se trata de servir, lo hacemos con toda la fuerza de mi coraz\u00f3n\u201d. Y, hoy apenas cumplimos 10 a\u00f1os, pero vamos por muchos\u00bf m\u00e1s, finaliz\u00f3 el Lic. Marcelo Olan Mendoza.<\/p>\n<p class=\"wp-block-paragraph\">Por hoy es todo y hasta ma\u00f1ana.<br \/>\nPara sugerencias y puntos de vista en general al email:<br \/>\n<a href=\"mailto:lupeernesto@yahoo.com.mx\">lupeernesto@yahoo.com.mx<\/a><\/p>\n","protected":false},"excerpt":{"rendered":"<p>T E C L A Z O S Por Guadalupe E. Gonz\u00e1lez X.-Mientras exista una familia que necesite apoyo, siempre habr\u00e1 una mano dispuesta a ayudar, destac\u00f3 TRAS afirmar que, \u201csu coraz\u00f3n est\u00e1 lleno de gratitud y orgullo\u201d, por estar celebrando hoy, los primeros 10 a\u00f1os de la fundaci\u00f3n que lleva su nombre, el Lic. [&hellip;]<\/p>\n","protected":false},"author":1,"featured_media":227479,"comment_status":"closed","ping_status":"closed","sticky":false,"template":"","format":"standard","meta":{"footnotes":""},"categories":[16],"tags":[],"class_list":["post-227472","post","type-post","status-publish","format-standard","has-post-thumbnail","hentry","category-opinion"],"_links":{"self":[{"href":"https:\/\/www.elsinodaldetamaulipas.com.mx\/index.php?rest_route=\/wp\/v2\/posts\/227472","targetHints":{"allow":["GET"]}}],"collection":[{"href":"https:\/\/www.elsinodaldetamaulipas.com.mx\/index.php?rest_route=\/wp\/v2\/posts"}],"about":[{"href":"https:\/\/www.elsinodaldetamaulipas.com.mx\/index.php?rest_route=\/wp\/v2\/types\/post"}],"author":[{"embeddable":true,"href":"https:\/\/www.elsinodaldetamaulipas.com.mx\/index.php?rest_route=\/wp\/v2\/users\/1"}],"replies":[{"embeddable":true,"href":"https:\/\/www.elsinodaldetamaulipas.com.mx\/index.php?rest_route=%2Fwp%2Fv2%2Fcomments&post=227472"}],"version-history":[{"count":1,"href":"https:\/\/www.elsinodaldetamaulipas.com.mx\/index.php?rest_route=\/wp\/v2\/posts\/227472\/revisions"}],"predecessor-version":[{"id":227480,"href":"https:\/\/www.elsinodaldetamaulipas.com.mx\/index.php?rest_route=\/wp\/v2\/posts\/227472\/revisions\/227480"}],"wp:featuredmedia":[{"embeddable":true,"href":"https:\/\/www.elsinodaldetamaulipas.com.mx\/index.php?rest_route=\/wp\/v2\/media\/227479"}],"wp:attachment":[{"href":"https:\/\/www.elsinodaldetamaulipas.com.mx\/index.php?rest_route=%2Fwp%2Fv2%2Fmedia&parent=227472"}],"wp:term":[{"taxonomy":"category","embeddable":true,"href":"https:\/\/www.elsinodaldetamaulipas.com.mx\/index.php?rest_route=%2Fwp%2Fv2%2Fcategories&post=227472"},{"taxonomy":"post_tag","embeddable":true,"href":"https:\/\/www.elsinodaldetamaulipas.com.mx\/index.php?rest_route=%2Fwp%2Fv2%2Ftags&post=227472"}],"curies":[{"name":"wp","href":"https:\/\/api.w.org\/{rel}","templated":true}]}}