{"id":227482,"date":"2026-09-01T10:51:32","date_gmt":"2026-09-01T14:51:32","guid":{"rendered":"https:\/\/www.elsinodaldetamaulipas.com.mx\/?p=227482"},"modified":"2026-09-01T10:51:32","modified_gmt":"2026-09-01T14:51:32","slug":"el-ridiculo-de-garcia-repper-y-el-frenazo-de-americo","status":"publish","type":"post","link":"https:\/\/www.elsinodaldetamaulipas.com.mx\/?p=227482","title":{"rendered":"EL RID\u00cdCULO DE GARC\u00cdA REPPER Y EL FRENAZO DE AM\u00c9RICO"},"content":{"rendered":"<p class=\"wp-block-paragraph\">EL PATINADERO<br \/>\nJuan Antonio Montoya B\u00e1ez<\/p>\n<p class=\"wp-block-paragraph\">\n<p class=\"wp-block-paragraph\">Desconocemos c\u00f3mo le haya ido al fiscal anticorrupci\u00f3n, Andr\u00e9s Norberto Garc\u00eda Repper Favila, tras su triste y torpe declaraci\u00f3n en cadena nacional que dej\u00f3 al exgobernador Francisco Javier Garc\u00eda Cabeza de Vaca casi con aura de santo. Para el despistado fiscal no existen denuncias vigentes en contra del exmandatario panista, una revelaci\u00f3n que le inyect\u00f3 una profunda dosis de alegr\u00eda al pr\u00f3fugo de la justicia que vive refugiado y blindado en McAllen, Texas.<\/p>\n<p class=\"wp-block-paragraph\">Cuentan en los pasillos que, tras recibir algo m\u00e1s que un severo rega\u00f1o por parte de sus superiores, Garc\u00eda Repper intent\u00f3 justificarse con un tono de ingenuidad francamente enternecedor, alegando que todo es parte de la secrec\u00eda y el debido proceso para no alertar al enemigo.<\/p>\n<p class=\"wp-block-paragraph\">\u201cSolo quer\u00eda que Cabeza de Vaca se confiara, que se creyera mis palabras para que regresara a Tamaulipas y entonces poder detenerlo\u201d, intent\u00f3 explicar el funcionario a la influyente abogada que lo recomend\u00f3 para ocupar la silla, con todo el empuje del Poder Legislativo. Vaya genialidad digna de una pel\u00edcula de esp\u00edas de bajo presupuesto. Lo cierto es que en su momento logr\u00f3 una votaci\u00f3n impecable en el pleno del Congreso, alcanzando de manera muy sospechosa hasta el respaldo de las bancadas panistas.<\/p>\n<p class=\"wp-block-paragraph\">Los legisladores azules aprobaron su nombramiento con una sonrisa de oreja a oreja. En ese entonces todav\u00eda eran pastoreados a control remoto por Cabeza de Vaca; conoc\u00edan perfectamente los alcances de Garc\u00eda Repper y sab\u00edan que era el fiscal m\u00e1s conveniente para los intereses de la impunidad azul. El tiempo, ese juez implacable, les termin\u00f3 dando la absoluta raz\u00f3n.<\/p>\n<p class=\"wp-block-paragraph\">Ayer, el gobernador Am\u00e9rico Villarreal Anaya tuvo que salir otra vez al paso para enmendarle la plana y corregir el garrafal error de otro personaje de la 4T que se mare\u00f3 en el cargo. El mandatario estatal ataj\u00f3 el desaguisado y dej\u00f3 en claro que en Tamaulipas \u201cs\u00ed hay investigaciones en proceso\u201d. Matiz\u00f3 que el desliz del fiscal pudo originarse por un exceso de celo respecto al debido proceso, buscando no romper una cadena jur\u00eddica que pudiera transgredir la aplicaci\u00f3n de la ley.<\/p>\n<p class=\"wp-block-paragraph\">Villarreal Anaya precis\u00f3 que, adem\u00e1s de las denuncias de peso completo contra Cabeza de Vaca, tambi\u00e9n existen rigurosas averiguaciones en contra de varios exfuncionarios de la pasada administraci\u00f3n por diversas irregularidades administrativas. \u201cEn este proceso legal todo tiene sus tiempos y sus formas para que se vayan desahogando, y esto de ninguna manera representa una inacci\u00f3n\u201d, puntualiz\u00f3 el gobernador.<\/p>\n<p class=\"wp-block-paragraph\">Como dir\u00eda el fil\u00f3sofo de Ju\u00e1rez, Juan Gabriel: pero qu\u00e9 necesidad. De esos tropiezos se entiende el porqu\u00e9 de los dolores de cabeza de la administraci\u00f3n estatal ante los errores infantiles de sus colaboradores m\u00e1s cercanos.<\/p>\n<p class=\"wp-block-paragraph\">Para colmo de males, el f\u00e9retro de la corrupci\u00f3n acompa\u00f1\u00f3 la pasada cabalgata de la unidad en la capital. La se\u00f1ora Elda Marisol Uriegas Uriegas se dedic\u00f3 a pasear a la par de los caballos con dos ata\u00fades que simbolizan la muerte de la justicia laboral y el entierro de los derechos de los trabajadores en el estado.<\/p>\n<p class=\"wp-block-paragraph\">Son cientos \u2014quiz\u00e1 miles\u2014 los expedientes congelados que acumulan polvo y moho en las oficinas de la Secretar\u00eda del Trabajo y Previsi\u00f3n Social, donde su titular, Luis Gerardo Illoldi Reyes, ya no encuentra c\u00f3mo frenar los reclamos ni d\u00f3nde esconder la cara. Aunque, a decir verdad, el secretario no parece muy preocupado; en el tercer piso todo le perdonan y sigue gozando de una alarmante e inexplicable confianza total.<\/p>\n<p class=\"wp-block-paragraph\">Total El \u00abrat\u00f3n loco\u00bb de la Fiscal\u00eda Anticorrupci\u00f3n y el ata\u00fad de la justicia laboral volvieron a desatar los demonios de la iron\u00eda en el tercer piso de Palacio.<\/p>\n<p class=\"wp-block-paragraph\">Cambiando de aires y de coordenadas geogr\u00e1ficas, nos trasladamos a Reynosa. Ah\u00ed se llev\u00f3 a cabo la pomposa presentaci\u00f3n del Comit\u00e9 Estatal para la selecci\u00f3n de la \u00abNueva Fuerza Verde\u00bb en Tamaulipas; o en palabras m\u00e1s sencillas y sin tanto adorno publicitario: el club que palomear\u00e1 a los candidatos del Partido Verde Ecologista de M\u00e9xico (PVEM) para las diferentes posiciones pol\u00edticas que se disputar\u00e1n en el tablero local.<\/p>\n<p class=\"wp-block-paragraph\">En el encuentro, el l\u00edder del PVEM en esa frontera, H\u00e9ctor Olivares, se\u00f1al\u00f3 con orgullo que para su partido es un honor respaldar el proyecto de Carlos Pe\u00f1a Ortiz, argumentando que ha demostrado ser uno de los alcaldes que m\u00e1s apoyos sociales ha inyectado en beneficio de las familias tamaulipecas.<\/p>\n<p class=\"wp-block-paragraph\">En el mismo tenor, Esmeralda Pe\u00f1a J\u00e1come se deshizo en elogios: \u201cRespaldamos a Carlos Pe\u00f1a Ortiz, uno de los ediles reelectos m\u00e1s j\u00f3venes del pa\u00eds que le ha apostado a la movilidad social. Gracias a su trabajo, hoy Reynosa impulsa la econom\u00eda de Tamaulipas como ning\u00fan otro municipio; por eso le seguimos abriendo de par en par las puertas en la Nueva Fuerza Verde\u201d. En la pasarela del tuc\u00e1n tambi\u00e9n se ensalz\u00f3 el papel de la senadora Maki Ortiz Dom\u00ednguez.<\/p>\n<p class=\"wp-block-paragraph\">Con este evento de alto impacto, la Nueva Fuerza Verde en Reynosa mand\u00f3 el mensaje de que busca identificar perfiles con verdadera capacidad, honestidad y arraigo. Para taparle el ojo al macho, los aspirantes estar\u00e1n obligados a presentar su declaraci\u00f3n patrimonial, la opini\u00f3n positiva ante el SAT, la carta de no antecedentes penales, as\u00ed como rigurosos ex\u00e1menes toxicol\u00f3gicos y psicol\u00f3gicos, buscando una evaluaci\u00f3n integral de cada suspirante. Por lo pronto, los del Verde conocen el tama\u00f1o de su musculatura electoral en la frontera chica: cuidan celosamente sus activos y se declaran m\u00e1s que listos para devorarse las urnas.<\/p>\n<p class=\"wp-block-paragraph\">Bueno, por hoy es todo.<br \/>\nAdi\u00f3s y aguas con los patinazos\u2026<\/p>\n<p class=\"wp-block-paragraph\">Contacto:<br \/>\n<a href=\"mailto:patinadero@hotmail.com\" target=\"_blank\" rel=\"noopener\">patinadero@hotmail.com<\/a><\/p>\n","protected":false},"excerpt":{"rendered":"<p>EL PATINADERO Juan Antonio Montoya B\u00e1ez Desconocemos c\u00f3mo le haya ido al fiscal anticorrupci\u00f3n, Andr\u00e9s Norberto Garc\u00eda Repper Favila, tras su triste y torpe declaraci\u00f3n en cadena nacional que dej\u00f3 al exgobernador Francisco Javier Garc\u00eda Cabeza de Vaca casi con aura de santo. Para el despistado fiscal no existen denuncias vigentes en contra del exmandatario [&hellip;]<\/p>\n","protected":false},"author":1,"featured_media":227483,"comment_status":"closed","ping_status":"closed","sticky":false,"template":"","format":"standard","meta":{"footnotes":""},"categories":[16],"tags":[],"class_list":["post-227482","post","type-post","status-publish","format-standard","has-post-thumbnail","hentry","category-opinion"],"_links":{"self":[{"href":"https:\/\/www.elsinodaldetamaulipas.com.mx\/index.php?rest_route=\/wp\/v2\/posts\/227482","targetHints":{"allow":["GET"]}}],"collection":[{"href":"https:\/\/www.elsinodaldetamaulipas.com.mx\/index.php?rest_route=\/wp\/v2\/posts"}],"about":[{"href":"https:\/\/www.elsinodaldetamaulipas.com.mx\/index.php?rest_route=\/wp\/v2\/types\/post"}],"author":[{"embeddable":true,"href":"https:\/\/www.elsinodaldetamaulipas.com.mx\/index.php?rest_route=\/wp\/v2\/users\/1"}],"replies":[{"embeddable":true,"href":"https:\/\/www.elsinodaldetamaulipas.com.mx\/index.php?rest_route=%2Fwp%2Fv2%2Fcomments&post=227482"}],"version-history":[{"count":1,"href":"https:\/\/www.elsinodaldetamaulipas.com.mx\/index.php?rest_route=\/wp\/v2\/posts\/227482\/revisions"}],"predecessor-version":[{"id":227484,"href":"https:\/\/www.elsinodaldetamaulipas.com.mx\/index.php?rest_route=\/wp\/v2\/posts\/227482\/revisions\/227484"}],"wp:featuredmedia":[{"embeddable":true,"href":"https:\/\/www.elsinodaldetamaulipas.com.mx\/index.php?rest_route=\/wp\/v2\/media\/227483"}],"wp:attachment":[{"href":"https:\/\/www.elsinodaldetamaulipas.com.mx\/index.php?rest_route=%2Fwp%2Fv2%2Fmedia&parent=227482"}],"wp:term":[{"taxonomy":"category","embeddable":true,"href":"https:\/\/www.elsinodaldetamaulipas.com.mx\/index.php?rest_route=%2Fwp%2Fv2%2Fcategories&post=227482"},{"taxonomy":"post_tag","embeddable":true,"href":"https:\/\/www.elsinodaldetamaulipas.com.mx\/index.php?rest_route=%2Fwp%2Fv2%2Ftags&post=227482"}],"curies":[{"name":"wp","href":"https:\/\/api.w.org\/{rel}","templated":true}]}}