{"id":227495,"date":"2026-09-01T11:44:43","date_gmt":"2026-09-01T15:44:43","guid":{"rendered":"https:\/\/www.elsinodaldetamaulipas.com.mx\/?p=227495"},"modified":"2026-09-01T11:44:43","modified_gmt":"2026-09-01T15:44:43","slug":"exitosa-megabrigada-de-fundacion-marcelo-olan","status":"publish","type":"post","link":"https:\/\/www.elsinodaldetamaulipas.com.mx\/?p=227495","title":{"rendered":"EXITOSA MEGABRIGADA DE FUNDACI\u00d3N MARCELO OL\u00c1N"},"content":{"rendered":"<p>EL SINODAL DE TAMAULIPAS<\/p>\n<p>Reynosa, Tam.\u2014 Diez a\u00f1os no se miden \u00fanicamente en el paso del tiempo, sino en las vidas transformadas, los abrazos sinceros y el consuelo entregado en los momentos donde m\u00e1s falta hac\u00eda y con el coraz\u00f3n puesto en la comunidad y el compromiso renovado con las familias de Reynosa, la Fundaci\u00f3n \u00abLic. Marcelo Ol\u00e1n Mendoza\u00bb conmemor\u00f3 su primera d\u00e9cada de servicio comunitario mediante una emotiva Mega Brigada de Servicios Gratuitos en el ejido Los Cavazos.<\/p>\n<p>&nbsp;<\/p>\n<p>El encuentro, profundamente significativo, estuvo encabezado por el fundador y l\u00edder social, Lic. Marcelo Ol\u00e1n Mendoza, junto a su esposa y presidenta de la organizaci\u00f3n, Lic. Erika Patricia Salinas Liziaga de Ol\u00e1n y m\u00e1s que un despliegue de asistencia, la jornada se transform\u00f3 en un encuentro humano donde la salud, el respaldo jur\u00eddico y la orientaci\u00f3n educativa llegaron directamente al coraz\u00f3n de los amigos de la zona rural.<\/p>\n<p><img loading=\"lazy\" decoding=\"async\" class=\"aligncenter wp-image-227497 size-full\" src=\"https:\/\/www.elsinodaldetamaulipas.com.mx\/wp-content\/uploads\/2026\/09\/ANIVERSARIO-2.jpg\" alt=\"\" width=\"894\" height=\"487\" srcset=\"https:\/\/www.elsinodaldetamaulipas.com.mx\/wp-content\/uploads\/2026\/09\/ANIVERSARIO-2.jpg 894w, https:\/\/www.elsinodaldetamaulipas.com.mx\/wp-content\/uploads\/2026\/09\/ANIVERSARIO-2-300x163.jpg 300w, https:\/\/www.elsinodaldetamaulipas.com.mx\/wp-content\/uploads\/2026\/09\/ANIVERSARIO-2-768x418.jpg 768w\" sizes=\"auto, (max-width: 894px) 100vw, 894px\" \/><\/p>\n<p>Lleno de gratitud y orgullo, Marcelo Ol\u00e1n Mendoza rindi\u00f3 tributo a la vocaci\u00f3n de cada voluntario, profesionista y activista que ha caminado junto a la fundaci\u00f3n, recordando la verdadera esencia de este recorrido: \u00abHoy no solamente celebramos 10 a\u00f1os de una Fundaci\u00f3n; celebramos 10 a\u00f1os de historias, de esperanza, de solidaridad y de muchas manos tendidas para ayudar. Mientras exista una familia que necesite apoyo, siempre habr\u00e1 una mano dispuesta a ayudar\u00bb.<\/p>\n<p>&nbsp;<\/p>\n<p>En un instante de especial calidez, reconoci\u00f3, con la fuerza del coraz\u00f3n, el liderazgo y la entrega incondicional de la Lic. Erika Patricia Salinas Liziaga de Ol\u00e1n, destacando que estos diez a\u00f1os representan apenas el primer paso de un camino de amor y transformaci\u00f3n que seguir\u00e1 extendi\u00e9ndose por todo el municipio.<\/p>\n<p><img loading=\"lazy\" decoding=\"async\" class=\"aligncenter wp-image-227498 size-full\" src=\"https:\/\/www.elsinodaldetamaulipas.com.mx\/wp-content\/uploads\/2026\/09\/ANIVERSARIO-3.jpg\" alt=\"\" width=\"894\" height=\"487\" srcset=\"https:\/\/www.elsinodaldetamaulipas.com.mx\/wp-content\/uploads\/2026\/09\/ANIVERSARIO-3.jpg 894w, https:\/\/www.elsinodaldetamaulipas.com.mx\/wp-content\/uploads\/2026\/09\/ANIVERSARIO-3-300x163.jpg 300w, https:\/\/www.elsinodaldetamaulipas.com.mx\/wp-content\/uploads\/2026\/09\/ANIVERSARIO-3-768x418.jpg 768w\" sizes=\"auto, (max-width: 894px) 100vw, 894px\" \/><\/p>\n<p>La fundaci\u00f3n \u00abLic. Marcelo Ol\u00e1n Mendoza\u00bb significa huellas de amor y servicio en la jornada social con apoyo que alivia, cercan\u00eda con estructura comunitaria donde manos profesionales y amigas se mueven con empat\u00eda en favor y con amor a las familias.<\/p>\n<p>&nbsp;<\/p>\n<p>Y, entre los apoyos completos, destacan: corte de cabello, actividades con deporte infantil, entrega de ropa y despensas a familias, pl\u00e1ticas de primeros auxilios, servicios profesionales de contadores, abogados, m\u00e9dicos, psic\u00f3logos, terapeutas, dentistas, enfermer\u00eda, nutri\u00f3logos, oftalmolog\u00eda, detecci\u00f3n de enfermedades cr\u00f3nico degenerativas como la diabetes e hipertensi\u00f3n; asesor\u00edas educativa, Infonavit y programas federales, entrega de plantas y \u00e1rboles; informaci\u00f3n de pr\u00f3tesis de mama de alpistle, turbantes y corazones oncol\u00f3gicos y asesor\u00eda sobre los derechos del consumidor.<\/p>\n<p><img loading=\"lazy\" decoding=\"async\" class=\"aligncenter wp-image-227499 size-full\" src=\"https:\/\/www.elsinodaldetamaulipas.com.mx\/wp-content\/uploads\/2026\/09\/ANIVERSARIO-4.jpg\" alt=\"\" width=\"894\" height=\"487\" srcset=\"https:\/\/www.elsinodaldetamaulipas.com.mx\/wp-content\/uploads\/2026\/09\/ANIVERSARIO-4.jpg 894w, https:\/\/www.elsinodaldetamaulipas.com.mx\/wp-content\/uploads\/2026\/09\/ANIVERSARIO-4-300x163.jpg 300w, https:\/\/www.elsinodaldetamaulipas.com.mx\/wp-content\/uploads\/2026\/09\/ANIVERSARIO-4-768x418.jpg 768w\" sizes=\"auto, (max-width: 894px) 100vw, 894px\" \/><\/p>\n<p>Finalmente, el Lic. Marcelo Ol\u00e1n Mendoza cerr\u00f3 la jornada reafirmando su vocaci\u00f3n de permanecer cerca de la gente, escuchando con empat\u00eda cada historia y trabajando incansablemente bajo la premisa m\u00e1s noble: servir con toda la fuerza del coraz\u00f3n a las familias reynosenses.<\/p>\n","protected":false},"excerpt":{"rendered":"<p>EL SINODAL DE TAMAULIPAS Reynosa, Tam.\u2014 Diez a\u00f1os no se miden \u00fanicamente en el paso del tiempo, sino en las vidas transformadas, los abrazos sinceros y el consuelo entregado en los momentos donde m\u00e1s falta hac\u00eda y con el coraz\u00f3n puesto en la comunidad y el compromiso renovado con las familias de Reynosa, la Fundaci\u00f3n [&hellip;]<\/p>\n","protected":false},"author":1,"featured_media":227496,"comment_status":"closed","ping_status":"closed","sticky":false,"template":"","format":"standard","meta":{"footnotes":""},"categories":[1,2],"tags":[],"class_list":["post-227495","post","type-post","status-publish","format-standard","has-post-thumbnail","hentry","category-portada","category-reynosa"],"_links":{"self":[{"href":"https:\/\/www.elsinodaldetamaulipas.com.mx\/index.php?rest_route=\/wp\/v2\/posts\/227495","targetHints":{"allow":["GET"]}}],"collection":[{"href":"https:\/\/www.elsinodaldetamaulipas.com.mx\/index.php?rest_route=\/wp\/v2\/posts"}],"about":[{"href":"https:\/\/www.elsinodaldetamaulipas.com.mx\/index.php?rest_route=\/wp\/v2\/types\/post"}],"author":[{"embeddable":true,"href":"https:\/\/www.elsinodaldetamaulipas.com.mx\/index.php?rest_route=\/wp\/v2\/users\/1"}],"replies":[{"embeddable":true,"href":"https:\/\/www.elsinodaldetamaulipas.com.mx\/index.php?rest_route=%2Fwp%2Fv2%2Fcomments&post=227495"}],"version-history":[{"count":1,"href":"https:\/\/www.elsinodaldetamaulipas.com.mx\/index.php?rest_route=\/wp\/v2\/posts\/227495\/revisions"}],"predecessor-version":[{"id":227500,"href":"https:\/\/www.elsinodaldetamaulipas.com.mx\/index.php?rest_route=\/wp\/v2\/posts\/227495\/revisions\/227500"}],"wp:featuredmedia":[{"embeddable":true,"href":"https:\/\/www.elsinodaldetamaulipas.com.mx\/index.php?rest_route=\/wp\/v2\/media\/227496"}],"wp:attachment":[{"href":"https:\/\/www.elsinodaldetamaulipas.com.mx\/index.php?rest_route=%2Fwp%2Fv2%2Fmedia&parent=227495"}],"wp:term":[{"taxonomy":"category","embeddable":true,"href":"https:\/\/www.elsinodaldetamaulipas.com.mx\/index.php?rest_route=%2Fwp%2Fv2%2Fcategories&post=227495"},{"taxonomy":"post_tag","embeddable":true,"href":"https:\/\/www.elsinodaldetamaulipas.com.mx\/index.php?rest_route=%2Fwp%2Fv2%2Ftags&post=227495"}],"curies":[{"name":"wp","href":"https:\/\/api.w.org\/{rel}","templated":true}]}}