{"id":227506,"date":"2026-09-01T12:28:06","date_gmt":"2026-09-01T16:28:06","guid":{"rendered":"https:\/\/www.elsinodaldetamaulipas.com.mx\/?p=227506"},"modified":"2026-09-01T12:28:06","modified_gmt":"2026-09-01T16:28:06","slug":"auguran-ciclo-2026-2027-de-gratos-resultados","status":"publish","type":"post","link":"https:\/\/www.elsinodaldetamaulipas.com.mx\/?p=227506","title":{"rendered":"AUGURAN CICLO 2026-2027 DE GRATOS RESULTADOS"},"content":{"rendered":"<p><em><strong>Por Juan Carlos Rodr\u00edguez Terrazas\/EL SINODAL DE TAMAULIPAS<\/strong><\/em><\/p>\n<p>Reynosa, Tamaulipas.- Una vez que ha arrancado el ciclo escolar 2026-2027, el supervisor de la zona escolar 075, profesor Jos\u00e9 Alfredo V\u00e1zquez Guardado, anticip\u00f3 exitosos resultados ya que con la debida anticipaci\u00f3n se realizaron los preparativos inherentes para cumplir las metas fijadas por la Secretar\u00eda de Educaci\u00f3n en Tamaulipas<\/p>\n<p>El conocido funcionario educativo precis\u00f3 que mucho antes del arranque oficial del ciclo y como lo mandata el calendario educativo, se llevaron a cabo las sesiones que se conocen oficialmente como la Fase Intensiva del Consejo T\u00e9cnico Escolar (CTE).<\/p>\n<p style=\"text-align: center;\"><strong>DIRECTORES SE APLICARON A FONDO<\/strong><\/p>\n<p>Durante este periodo previo al ingreso de los alumnos a clases, los directores, supervisores y el colectivo docente se re\u00fanen para organizar el trabajo escolar, analizar el contexto y planear los programas anal\u00edticos y de mejora continua.<\/p>\n<p>El supervisor de la zona 075 mencion\u00f3 que en ese inter de manera constante los directores b\u00e1sicamente revisaron la planeaci\u00f3n de las actividades de todo el ciclo escolar y tambi\u00e9n se abordaron temas relacionados con los procesos acad\u00e9micos administrativos y jur\u00eddicos, as\u00ed como los procedimientos para movimientos de personal y de actualizaci\u00f3n.<\/p>\n<p>Ello permite asegurar que tendremos un a\u00f1o de muchos \u00e9xitos tomando en consideraci\u00f3n la aplicaci\u00f3n que en estas sesiones asumieron los directores de las escuelas Benito Ju\u00e1rez, Lauro Aguirre, Club 20-30 No. 1, Justo Sierra y Club Rotario, que pertenecen a esta supervisi\u00f3n integrada al sector 02 de educaci\u00f3n primarias, con la jefatura del maestro Mario Ortiz Padr\u00f3n.<\/p>\n<p>Sobre los resultados del ciclo anterior V\u00e1zquez Guardado, enumero como metas cumplidas los bajos \u00edndices de deserci\u00f3n, el n\u00famero a la alza de alumnos egresados, el alcance de las metas de inscripci\u00f3n para el nuevo ciclo y otras muchas particularidades que engloban el trabajo directivo que se realiza aunado a la gran disposici\u00f3n del personal docente, administrativo y de apoyo de cada plantel.<\/p>\n","protected":false},"excerpt":{"rendered":"<p>Por Juan Carlos Rodr\u00edguez Terrazas\/EL SINODAL DE TAMAULIPAS Reynosa, Tamaulipas.- Una vez que ha arrancado el ciclo escolar 2026-2027, el supervisor de la zona escolar 075, profesor Jos\u00e9 Alfredo V\u00e1zquez Guardado, anticip\u00f3 exitosos resultados ya que con la debida anticipaci\u00f3n se realizaron los preparativos inherentes para cumplir las metas fijadas por la Secretar\u00eda de Educaci\u00f3n [&hellip;]<\/p>\n","protected":false},"author":1,"featured_media":227502,"comment_status":"closed","ping_status":"closed","sticky":false,"template":"","format":"standard","meta":{"footnotes":""},"categories":[1,2],"tags":[],"class_list":["post-227506","post","type-post","status-publish","format-standard","has-post-thumbnail","hentry","category-portada","category-reynosa"],"_links":{"self":[{"href":"https:\/\/www.elsinodaldetamaulipas.com.mx\/index.php?rest_route=\/wp\/v2\/posts\/227506","targetHints":{"allow":["GET"]}}],"collection":[{"href":"https:\/\/www.elsinodaldetamaulipas.com.mx\/index.php?rest_route=\/wp\/v2\/posts"}],"about":[{"href":"https:\/\/www.elsinodaldetamaulipas.com.mx\/index.php?rest_route=\/wp\/v2\/types\/post"}],"author":[{"embeddable":true,"href":"https:\/\/www.elsinodaldetamaulipas.com.mx\/index.php?rest_route=\/wp\/v2\/users\/1"}],"replies":[{"embeddable":true,"href":"https:\/\/www.elsinodaldetamaulipas.com.mx\/index.php?rest_route=%2Fwp%2Fv2%2Fcomments&post=227506"}],"version-history":[{"count":1,"href":"https:\/\/www.elsinodaldetamaulipas.com.mx\/index.php?rest_route=\/wp\/v2\/posts\/227506\/revisions"}],"predecessor-version":[{"id":227507,"href":"https:\/\/www.elsinodaldetamaulipas.com.mx\/index.php?rest_route=\/wp\/v2\/posts\/227506\/revisions\/227507"}],"wp:featuredmedia":[{"embeddable":true,"href":"https:\/\/www.elsinodaldetamaulipas.com.mx\/index.php?rest_route=\/wp\/v2\/media\/227502"}],"wp:attachment":[{"href":"https:\/\/www.elsinodaldetamaulipas.com.mx\/index.php?rest_route=%2Fwp%2Fv2%2Fmedia&parent=227506"}],"wp:term":[{"taxonomy":"category","embeddable":true,"href":"https:\/\/www.elsinodaldetamaulipas.com.mx\/index.php?rest_route=%2Fwp%2Fv2%2Fcategories&post=227506"},{"taxonomy":"post_tag","embeddable":true,"href":"https:\/\/www.elsinodaldetamaulipas.com.mx\/index.php?rest_route=%2Fwp%2Fv2%2Ftags&post=227506"}],"curies":[{"name":"wp","href":"https:\/\/api.w.org\/{rel}","templated":true}]}}