{"id":227513,"date":"2026-09-01T15:15:02","date_gmt":"2026-09-01T19:15:02","guid":{"rendered":"https:\/\/www.elsinodaldetamaulipas.com.mx\/?p=227513"},"modified":"2026-09-01T15:15:02","modified_gmt":"2026-09-01T19:15:02","slug":"comando-de-incidentes-bajara-impacto-de-desastres","status":"publish","type":"post","link":"https:\/\/www.elsinodaldetamaulipas.com.mx\/?p=227513","title":{"rendered":"COMANDO DE INCIDENTES BAJAR\u00c1 IMPACTO DE DESASTRES"},"content":{"rendered":"<p>Por Gil Vicente Galindo\/EL SINODAL DE TAMAULIPAS<\/p>\n<p>Reynosa, Tam. El director de Protecci\u00f3n Civil y Bomberos de Reynosa, licenciado Javier Lam Cant\u00fa, recibi\u00f3 importante donaci\u00f3n de la empresa Lisaro Servicios Industriales en Seguridad Ambiental de Lindoro S\u00e1nchez Roblero.<\/p>\n<p>\u201cA nombre de la sociedad reynosense, agradecemos la donaci\u00f3n de este equipo que elevara la calidad en el servicio, coordinar equipos, organizar respuesta inmediata en caso de incidentes en la ciudad\u201d,, coment\u00f3 el licenciado Lam Cant\u00fa.<\/p>\n<p><img loading=\"lazy\" decoding=\"async\" class=\"aligncenter size-full wp-image-227515\" src=\"https:\/\/www.elsinodaldetamaulipas.com.mx\/wp-content\/uploads\/2026\/09\/INCIDENTES-3.jpg\" alt=\"\" width=\"700\" height=\"467\" srcset=\"https:\/\/www.elsinodaldetamaulipas.com.mx\/wp-content\/uploads\/2026\/09\/INCIDENTES-3.jpg 700w, https:\/\/www.elsinodaldetamaulipas.com.mx\/wp-content\/uploads\/2026\/09\/INCIDENTES-3-300x200.jpg 300w\" sizes=\"auto, (max-width: 700px) 100vw, 700px\" \/><\/p>\n<p>Esta herramienta denominada Comando de Incidentes, permitir\u00e1 una llegada a los puntos de incidentes o desastres en viviendas, veh\u00edculos, unidades de transporte de productos qu\u00edmicos entre otros.<\/p>\n<p>\u201cCon este Comando de Incidentes el cuerpo de Protecci\u00f3n Civil y Bomberos ser\u00e1 a\u00fan m\u00e1s eficientes ante cualquier llamado de emergencia, por ello, reitero mi agradecimiento\u201d, -a\u00f1adi\u00f3- el licenciado Javier Lam Cant\u00fa.<\/p>\n","protected":false},"excerpt":{"rendered":"<p>Por Gil Vicente Galindo\/EL SINODAL DE TAMAULIPAS Reynosa, Tam. El director de Protecci\u00f3n Civil y Bomberos de Reynosa, licenciado Javier Lam Cant\u00fa, recibi\u00f3 importante donaci\u00f3n de la empresa Lisaro Servicios Industriales en Seguridad Ambiental de Lindoro S\u00e1nchez Roblero. \u201cA nombre de la sociedad reynosense, agradecemos la donaci\u00f3n de este equipo que elevara la calidad en [&hellip;]<\/p>\n","protected":false},"author":1,"featured_media":227514,"comment_status":"closed","ping_status":"closed","sticky":false,"template":"","format":"standard","meta":{"footnotes":""},"categories":[1,2],"tags":[],"class_list":["post-227513","post","type-post","status-publish","format-standard","has-post-thumbnail","hentry","category-portada","category-reynosa"],"_links":{"self":[{"href":"https:\/\/www.elsinodaldetamaulipas.com.mx\/index.php?rest_route=\/wp\/v2\/posts\/227513","targetHints":{"allow":["GET"]}}],"collection":[{"href":"https:\/\/www.elsinodaldetamaulipas.com.mx\/index.php?rest_route=\/wp\/v2\/posts"}],"about":[{"href":"https:\/\/www.elsinodaldetamaulipas.com.mx\/index.php?rest_route=\/wp\/v2\/types\/post"}],"author":[{"embeddable":true,"href":"https:\/\/www.elsinodaldetamaulipas.com.mx\/index.php?rest_route=\/wp\/v2\/users\/1"}],"replies":[{"embeddable":true,"href":"https:\/\/www.elsinodaldetamaulipas.com.mx\/index.php?rest_route=%2Fwp%2Fv2%2Fcomments&post=227513"}],"version-history":[{"count":1,"href":"https:\/\/www.elsinodaldetamaulipas.com.mx\/index.php?rest_route=\/wp\/v2\/posts\/227513\/revisions"}],"predecessor-version":[{"id":227516,"href":"https:\/\/www.elsinodaldetamaulipas.com.mx\/index.php?rest_route=\/wp\/v2\/posts\/227513\/revisions\/227516"}],"wp:featuredmedia":[{"embeddable":true,"href":"https:\/\/www.elsinodaldetamaulipas.com.mx\/index.php?rest_route=\/wp\/v2\/media\/227514"}],"wp:attachment":[{"href":"https:\/\/www.elsinodaldetamaulipas.com.mx\/index.php?rest_route=%2Fwp%2Fv2%2Fmedia&parent=227513"}],"wp:term":[{"taxonomy":"category","embeddable":true,"href":"https:\/\/www.elsinodaldetamaulipas.com.mx\/index.php?rest_route=%2Fwp%2Fv2%2Fcategories&post=227513"},{"taxonomy":"post_tag","embeddable":true,"href":"https:\/\/www.elsinodaldetamaulipas.com.mx\/index.php?rest_route=%2Fwp%2Fv2%2Ftags&post=227513"}],"curies":[{"name":"wp","href":"https:\/\/api.w.org\/{rel}","templated":true}]}}